{"id":349579,"date":"2025-08-28T08:23:47","date_gmt":"2025-08-28T08:23:47","guid":{"rendered":"https:\/\/www.europesays.com\/fr\/349579\/"},"modified":"2025-08-28T08:23:47","modified_gmt":"2025-08-28T08:23:47","slug":"le-brunch-du-fridge-comedy-club-rouen-la-nouveaute-de-la-rentree-2","status":"publish","type":"post","link":"https:\/\/www.europesays.com\/fr\/349579\/","title":{"rendered":"le brunch du Fridge Comedy Club Rouen, la nouveaut\u00e9 de la rentr\u00e9e"},"content":{"rendered":"<p>\t\t  le brunch du Fridge Comedy Club Rouen, la nouveaut\u00e9 de la rentr\u00e9e | ici                                <\/p>\n<p class=\"qg-visually-hidden\" tabindex=\"-1\">le brunch du Fridge Comedy Club Rouen, la nouveaut\u00e9 de la rentr\u00e9e <\/p>\n<ul class=\"SkipLinks-list svelte-ahqaie\">\n<li>  Contenu  <\/li>\n<li>  Menu  <\/li>\n<li>  Pied de page  <\/li>\n<\/ul>\n<p role=\"heading\" aria-level=\"1\" class=\"qg-sr-only svelte-mociyb\">ici<\/p>\n<p>             <img decoding=\"async\" src=\"https:\/\/www.europesays.com\/fr\/wp-content\/uploads\/2025\/08\/1280\" width=\"400\" height=\"400\" alt=\"Le Fridge Comedy Club,  du mercredi au dimanche  4 Rue Georges d'Amboise \u00e0 Rouen\" loading=\"lazy\" fetchpriority=\"low\" data-testid=\"image-tag\" style=\"--_image-preview:url('data:image\/svg+xml,%3Csvg%20height%3D%221%22%20width%3D%221%22%0Axmlns%3D%22http%3A%2F%2Fwww.w3.org%2F2000%2Fsvg%22%3E%3Cdefs%3E%3Cfilter%20id%3D%22f1%22%20x%3D%220%22%20y%3D%220%22%0Axmlns%3D%22http%3A%2F%2Fwww.w3.org%2F2000%2Fsvg%22%3E%3CfeGaussianBlur%20in%3D%22SourceGraphic%22%20stdDeviation%3D%2230%22%0A%2F%3E%3C%2Ffilter%3E%3C%2Fdefs%3E%3Crect%20width%3D%22100%25%22%20height%3D%22100%25%22%20fill%3D%22%23%22%0Afilter%3D%22url(%23f1)%22%20%2F%3E%3C%2Fsvg%3E');\" aria-hidden=\"true\" class=\"svelte-1afbni6 ratio\" onload=\"this.__e=event\" onerror=\"this.__e=event\"\/> <\/p>\n<p>Le Fridge Comedy Club,  du mercredi au dimanche  4 Rue Georges d&rsquo;Amboise \u00e0 Rouen<\/p>\n<p>           <img decoding=\"async\" src=\"https:\/\/www.europesays.com\/fr\/wp-content\/uploads\/2025\/08\/400x400_sc_ici-normandie-seine-maritime-3000x3000.jpg\" width=\"400\" height=\"400\" alt=\"Illustration g\u00e9n\u00e9rique - ici Normandie\" loading=\"lazy\" fetchpriority=\"low\" data-testid=\"image-tag\" style=\"--_image-preview:url('data:image\/svg+xml,&lt;svg height=&quot;100%&quot; width=&quot;100%&quot; xmlns=&quot;http:\/\/www.w3.org\/2000\/svg&quot;&gt;&lt;defs&gt;&lt;filter id=&quot;f1&quot; x=&quot;0&quot; y=&quot;0&quot; xmlns=&quot;http:\/\/www.w3.org\/2000\/svg&quot;&gt;&lt;feGaussianBlur in=&quot;SourceGraphic&quot; stdDeviation=&quot;30&quot; \/&gt;&lt;\/filter&gt;&lt;\/defs&gt;&lt;rect width=&quot;100%&quot; height=&quot;100%&quot; fill=&quot;%2308a8f8&quot; filter=&quot;url(%23f1)&quot; \/&gt;&lt;\/svg&gt;');\" aria-hidden=\"true\" class=\"svelte-1n5zs1o ratio\" onload=\"this.__e=event\" onerror=\"this.__e=event\"\/>   <\/p>\n<p class=\"ExpressionSummary-standFirst qg-tt4 qg-xtra-lh svelte-ccn03w\" data-testid=\"ExpressionSummary-standFirst\"><strong>l&rsquo;\u00e9v\u00e8nement d&rsquo;Ci  c&rsquo;est  la rentr\u00e9e du Fridge. Thomas Saunier, le directeur du Comedy club de Rouen ,vient au micro de Sylvain Geffroy nous rappeler le concept humour propos\u00e9 depuis d\u00e9cembre 2024, et \u00e9voquer \u00a0\u00bb le Brunch\u00a0\u00bb,   la nouveaut\u00e9 de cet automne .<br \/>\n<\/strong><\/p>\n","protected":false},"excerpt":{"rendered":"le brunch du Fridge Comedy Club Rouen, la nouveaut\u00e9 de la rentr\u00e9e | ici le brunch du Fridge&hellip;\n","protected":false},"author":2,"featured_media":348428,"comment_status":"","ping_status":"","sticky":false,"template":"","format":"standard","meta":{"footnotes":""},"categories":[9587],"tags":[1111,11,1777,674,1011,27,12,5161,25,9590],"class_list":{"0":"post-349579","1":"post","2":"type-post","3":"status-publish","4":"format-standard","5":"has-post-thumbnail","7":"category-rouen","8":"tag-actu","9":"tag-actualites","10":"tag-eu","11":"tag-europe","12":"tag-fr","13":"tag-france","14":"tag-news","15":"tag-normandie","16":"tag-republique-francaise","17":"tag-rouen"},"share_on_mastodon":{"url":"https:\/\/pubeurope.com\/@fr\/115105435727550225","error":""},"_links":{"self":[{"href":"https:\/\/www.europesays.com\/fr\/wp-json\/wp\/v2\/posts\/349579","targetHints":{"allow":["GET"]}}],"collection":[{"href":"https:\/\/www.europesays.com\/fr\/wp-json\/wp\/v2\/posts"}],"about":[{"href":"https:\/\/www.europesays.com\/fr\/wp-json\/wp\/v2\/types\/post"}],"author":[{"embeddable":true,"href":"https:\/\/www.europesays.com\/fr\/wp-json\/wp\/v2\/users\/2"}],"replies":[{"embeddable":true,"href":"https:\/\/www.europesays.com\/fr\/wp-json\/wp\/v2\/comments?post=349579"}],"version-history":[{"count":0,"href":"https:\/\/www.europesays.com\/fr\/wp-json\/wp\/v2\/posts\/349579\/revisions"}],"wp:featuredmedia":[{"embeddable":true,"href":"https:\/\/www.europesays.com\/fr\/wp-json\/wp\/v2\/media\/348428"}],"wp:attachment":[{"href":"https:\/\/www.europesays.com\/fr\/wp-json\/wp\/v2\/media?parent=349579"}],"wp:term":[{"taxonomy":"category","embeddable":true,"href":"https:\/\/www.europesays.com\/fr\/wp-json\/wp\/v2\/categories?post=349579"},{"taxonomy":"post_tag","embeddable":true,"href":"https:\/\/www.europesays.com\/fr\/wp-json\/wp\/v2\/tags?post=349579"}],"curies":[{"name":"wp","href":"https:\/\/api.w.org\/{rel}","templated":true}]}}