{"id":349580,"date":"2025-08-28T08:24:18","date_gmt":"2025-08-28T08:24:18","guid":{"rendered":"https:\/\/www.europesays.com\/fr\/349580\/"},"modified":"2025-08-28T08:24:18","modified_gmt":"2025-08-28T08:24:18","slug":"une-panne-met-un-bac-fluvial-a-larret","status":"publish","type":"post","link":"https:\/\/www.europesays.com\/fr\/349580\/","title":{"rendered":"une panne met un bac fluvial \u00e0 l\u2019arr\u00eat"},"content":{"rendered":"<p>            Par<br \/>\n        <strong><br \/>\n            <a href=\"https:\/\/actu.fr\/auteur\/aurelien-delavaud\" title=\"Consulter tous les articles de Aur\u00e9lien Delavaud\" target=\"_blank\" rel=\"noopener\">Aur\u00e9lien Delavaud<\/a><br \/>\n        <\/strong><\/p>\n<p>        Publi\u00e9 le<\/p>\n<p>            28 ao\u00fbt 2025 \u00e0 9h32        <\/p>\n<p>Les habitu\u00e9s de ce franchissement de <b>la Seine<\/b> vont devoir faire un d\u00e9tour ou prendre leur mal en patience.<\/p>\n<p class=\" wall-content\">Ce jeudi 28\u00a0ao\u00fbt 2025, le <b>bac<\/b> qui permet de traverser le fleuve entre <a href=\"https:\/\/actu.fr\/normandie\/la-bouille_76131\" target=\"_blank\" rel=\"noopener\">La Bouille (Seine-Maritime)<\/a> et Sahurs, pr\u00e8s de Rouen, est <b>totalement \u00e0 l\u2019arr\u00eat<\/b>.<\/p>\n<p>Panne moteur<\/p>\n<p class=\" wall-content\">Selon l\u2019<a href=\"https:\/\/www.inforoute76.fr\/\" target=\"_blank\" rel=\"noopener\">application Inforoute76<\/a> du D\u00e9partement, qui est le gestionnaire des bacs de Seine, cet arr\u00eat du service est d\u00fb \u00e0 \u00ab<b>\u2009une panne moteur<\/b>\u2009\u00bb.<\/p>\n<p class=\" wall-content\">Pour le moment, la dur\u00e9e de l\u2019indisponibilit\u00e9 du bac de La Bouille n\u2019est pas connue. En attendant, les automobilistes peuvent se reporter sur ceux de Mesnil-sous-Jumi\u00e8ges ou de Petit-Couronne.<\/p>\n<p class=\" wall-content\">Personnalisez votre actualit\u00e9 en ajoutant vos villes et m\u00e9dias en favori avec <a href=\"https:\/\/moncompte.actu.fr\" title=\"D\u00e9couvez Mon Actu\" rel=\"nofollow noopener\" data-trk=\"{&quot;cta&quot;:{&quot;action&quot;:&quot;https:\\\/\\\/moncompte.actu.fr&quot;,&quot;category&quot;:&quot;mon compte&quot;,&quot;from&quot;:&quot;article footer&quot;,&quot;name&quot;:&quot;Mon actu&quot;,&quot;type&quot;:&quot;cta&quot;}}\" target=\"_blank\">Mon Actu<\/a>.<\/p>\n","protected":false},"excerpt":{"rendered":"Par Aur\u00e9lien Delavaud Publi\u00e9 le 28 ao\u00fbt 2025 \u00e0 9h32 Les habitu\u00e9s de ce franchissement de la Seine&hellip;\n","protected":false},"author":2,"featured_media":349581,"comment_status":"","ping_status":"","sticky":false,"template":"","format":"standard","meta":{"footnotes":""},"categories":[9587],"tags":[1111,11,3542,1777,674,1011,27,12,5161,25,9590,104],"class_list":{"0":"post-349580","1":"post","2":"type-post","3":"status-publish","4":"format-standard","5":"has-post-thumbnail","7":"category-rouen","8":"tag-actu","9":"tag-actualites","10":"tag-circulation","11":"tag-eu","12":"tag-europe","13":"tag-fr","14":"tag-france","15":"tag-news","16":"tag-normandie","17":"tag-republique-francaise","18":"tag-rouen","19":"tag-societe"},"share_on_mastodon":{"url":"https:\/\/pubeurope.com\/@fr\/115105435797476674","error":""},"_links":{"self":[{"href":"https:\/\/www.europesays.com\/fr\/wp-json\/wp\/v2\/posts\/349580","targetHints":{"allow":["GET"]}}],"collection":[{"href":"https:\/\/www.europesays.com\/fr\/wp-json\/wp\/v2\/posts"}],"about":[{"href":"https:\/\/www.europesays.com\/fr\/wp-json\/wp\/v2\/types\/post"}],"author":[{"embeddable":true,"href":"https:\/\/www.europesays.com\/fr\/wp-json\/wp\/v2\/users\/2"}],"replies":[{"embeddable":true,"href":"https:\/\/www.europesays.com\/fr\/wp-json\/wp\/v2\/comments?post=349580"}],"version-history":[{"count":0,"href":"https:\/\/www.europesays.com\/fr\/wp-json\/wp\/v2\/posts\/349580\/revisions"}],"wp:featuredmedia":[{"embeddable":true,"href":"https:\/\/www.europesays.com\/fr\/wp-json\/wp\/v2\/media\/349581"}],"wp:attachment":[{"href":"https:\/\/www.europesays.com\/fr\/wp-json\/wp\/v2\/media?parent=349580"}],"wp:term":[{"taxonomy":"category","embeddable":true,"href":"https:\/\/www.europesays.com\/fr\/wp-json\/wp\/v2\/categories?post=349580"},{"taxonomy":"post_tag","embeddable":true,"href":"https:\/\/www.europesays.com\/fr\/wp-json\/wp\/v2\/tags?post=349580"}],"curies":[{"name":"wp","href":"https:\/\/api.w.org\/{rel}","templated":true}]}}