{"id":349582,"date":"2025-08-28T08:26:11","date_gmt":"2025-08-28T08:26:11","guid":{"rendered":"https:\/\/www.europesays.com\/fr\/349582\/"},"modified":"2025-08-28T08:26:11","modified_gmt":"2025-08-28T08:26:11","slug":"quatre-tonnes-de-tabac-destinees-a-la-revente-saisies-par-les-douanes","status":"publish","type":"post","link":"https:\/\/www.europesays.com\/fr\/349582\/","title":{"rendered":"quatre tonnes de tabac, destin\u00e9es \u00e0 la revente, saisies par les douanes"},"content":{"rendered":"<p>\t\t\t\t\t\t\t\t\t\t\t<img loading=\"lazy\" decoding=\"async\" width=\"1110\" title=\"Grenoble : quatre tonnes de tabac, destin\u00e9es \u00e0 la revente, saisies par les douanes\" class=\"img-fluid  mb-3\" src=\"https:\/\/grandgrenoble.alpes1.com\/media\/news\/thumb\/1110x624_grenoble-quatre-tonnes-de-tabac-destinees-a-la-revente-saisies-par-les-douanes_68b00ecadbdf5.webp\" alt=\"Grenoble : quatre tonnes de tabac, destin\u00e9es \u00e0 la revente, saisies par les douanes\" itemprop=\"image\" height=\"624\"\/>\t\t\t\t\t\t\t\t\t\t\t\t<\/p>\n<p>Grenoble : quatre tonnes de tabac, destin\u00e9es \u00e0 la revente, saisies par les douanes &#8211; DR<\/p>\n<p itemprop=\"description\"><strong>La saisie a \u00e9t\u00e9 r\u00e9alis\u00e9e le 29 juillet dernier.<\/strong><\/p>\n<p>Ce mercredi, les douanes ont d\u00e9voil\u00e9 les r\u00e9sultats impressionnants d\u2019une saisie r\u00e9alis\u00e9e le mois dernier en p\u00e9riph\u00e9rie de Grenoble. Au total, plus de quatre tonnes de tabac ont \u00e9t\u00e9 retrouv\u00e9es par les agents.<\/p>\n<p>Une quantit\u00e9 qui repr\u00e9senterait l\u2019\u00e9quivalent de plusieurs centaines de milliers d\u2019euros. D\u2019apr\u00e8s les premiers \u00e9l\u00e9ments de l\u2019enqu\u00eate, le tabac \u00e9tait destin\u00e9 \u00e0 la revente sur Internet, sans avoir les taxes et les droits li\u00e9s \u00e0 la vente du produit en France. \u00ab\u00a090% des tabacs saisis \u00e9taient fumables au travers de manipulations simples \u00e0 la port\u00e9e de tout un chacun\u00a0\u00bb, d\u2019apr\u00e8s les douanes.<\/p>\n<p>Il serait arriv\u00e9 en Is\u00e8re depuis d\u2019autres pays de l\u2019Union europ\u00e9enne.<\/p>\n","protected":false},"excerpt":{"rendered":"Grenoble : quatre tonnes de tabac, destin\u00e9es \u00e0 la revente, saisies par les douanes &#8211; DR La saisie&hellip;\n","protected":false},"author":2,"featured_media":349583,"comment_status":"","ping_status":"","sticky":false,"template":"","format":"standard","meta":{"footnotes":""},"categories":[9566],"tags":[1111,11,7733,8279,2430,7736,650,7734,2889,2263,1777,674,1011,27,2731,8280,6417,1114,108,4662,12,3725,1825,25,7737],"class_list":{"0":"post-349582","1":"post","2":"type-post","3":"status-publish","4":"format-standard","5":"has-post-thumbnail","7":"category-grenoble","8":"tag-actu","9":"tag-actualites","10":"tag-alpes","11":"tag-alpes1","12":"tag-auvergne-rhone-alpes","13":"tag-cds","14":"tag-cinema","15":"tag-ecoute","16":"tag-emission","17":"tag-equipe","18":"tag-eu","19":"tag-europe","20":"tag-fr","21":"tag-france","22":"tag-grenoble","23":"tag-haute","24":"tag-information","25":"tag-infos","26":"tag-isere","27":"tag-journal","28":"tag-news","29":"tag-podcast","30":"tag-radio","31":"tag-republique-francaise","32":"tag-winamp"},"share_on_mastodon":{"url":"https:\/\/pubeurope.com\/@fr\/115105443660175877","error":""},"_links":{"self":[{"href":"https:\/\/www.europesays.com\/fr\/wp-json\/wp\/v2\/posts\/349582","targetHints":{"allow":["GET"]}}],"collection":[{"href":"https:\/\/www.europesays.com\/fr\/wp-json\/wp\/v2\/posts"}],"about":[{"href":"https:\/\/www.europesays.com\/fr\/wp-json\/wp\/v2\/types\/post"}],"author":[{"embeddable":true,"href":"https:\/\/www.europesays.com\/fr\/wp-json\/wp\/v2\/users\/2"}],"replies":[{"embeddable":true,"href":"https:\/\/www.europesays.com\/fr\/wp-json\/wp\/v2\/comments?post=349582"}],"version-history":[{"count":0,"href":"https:\/\/www.europesays.com\/fr\/wp-json\/wp\/v2\/posts\/349582\/revisions"}],"wp:featuredmedia":[{"embeddable":true,"href":"https:\/\/www.europesays.com\/fr\/wp-json\/wp\/v2\/media\/349583"}],"wp:attachment":[{"href":"https:\/\/www.europesays.com\/fr\/wp-json\/wp\/v2\/media?parent=349582"}],"wp:term":[{"taxonomy":"category","embeddable":true,"href":"https:\/\/www.europesays.com\/fr\/wp-json\/wp\/v2\/categories?post=349582"},{"taxonomy":"post_tag","embeddable":true,"href":"https:\/\/www.europesays.com\/fr\/wp-json\/wp\/v2\/tags?post=349582"}],"curies":[{"name":"wp","href":"https:\/\/api.w.org\/{rel}","templated":true}]}}