{"id":349584,"date":"2025-08-28T08:27:09","date_gmt":"2025-08-28T08:27:09","guid":{"rendered":"https:\/\/www.europesays.com\/fr\/349584\/"},"modified":"2025-08-28T08:27:09","modified_gmt":"2025-08-28T08:27:09","slug":"trois-vehicules-impliques-le-nombre-de-voies-reduit-bouchon-en-cours","status":"publish","type":"post","link":"https:\/\/www.europesays.com\/fr\/349584\/","title":{"rendered":"trois v\u00e9hicules impliqu\u00e9s, le nombre de voies r\u00e9duit, bouchon en cours"},"content":{"rendered":"<p>            Par<br \/>\n        <strong><br \/>\n            <a href=\"https:\/\/actu.fr\/auteur\/brian-legoff\" title=\"Consulter tous les articles de Brian Le Goff\" rel=\"nofollow noopener\" target=\"_blank\">Brian Le Goff<\/a><br \/>\n        <\/strong><\/p>\n<p>        Publi\u00e9 le<\/p>\n<p>            28 ao\u00fbt 2025 \u00e0 9h54        <\/p>\n<p>Les faits ont eu lieu en fin d\u2019heure de pointe, aux alentours de 9h. Ce jeudi 28\u00a0ao\u00fbt, trois v\u00e9hicules sont impliqu\u00e9s dans un accident sur la voie de gauche dans le sens int\u00e9rieur de la rocade de Rennes, au niveau de Saint-Gr\u00e9goire, au nord de la m\u00e9tropole, indique Bison Fut\u00e9.<\/p>\n<p>2\u00a0km de bouchon<\/p>\n<p class=\" wall-content\">Un bouchon d\u2019environ 2\u00a0km s\u2019est form\u00e9 en amont de l\u2019accident. Les \u00e9quipes d\u2019intervention sont sur place pour s\u00e9curiser la zone.<\/p>\n<p class=\" wall-content\">Une r\u00e9duction du nombre de voies est appliqu\u00e9e. Elle concerne la voie de gauche. Prudence si vous circulez dans le secteur.<\/p>\n<p class=\" wall-content\">Contact\u00e9s un peu apr\u00e8s 9h, les pompiers n\u2019indiquaient aucune intervention marquante ce jeudi matin. Ce qui peut signifier soit qu\u2019ils n\u2019interviennent pas sur cet accident, soit que les victimes sont tr\u00e8s l\u00e9g\u00e8rement bless\u00e9es.<\/p>\n<p class=\" wall-content\">Personnalisez votre actualit\u00e9 en ajoutant vos villes et m\u00e9dias en favori avec <a href=\"https:\/\/moncompte.actu.fr\" title=\"D\u00e9couvez Mon Actu\" rel=\"nofollow noopener\" data-trk=\"{&quot;cta&quot;:{&quot;action&quot;:&quot;https:\\\/\\\/moncompte.actu.fr&quot;,&quot;category&quot;:&quot;mon compte&quot;,&quot;from&quot;:&quot;article footer&quot;,&quot;name&quot;:&quot;Mon actu&quot;,&quot;type&quot;:&quot;cta&quot;}}\" target=\"_blank\">Mon Actu<\/a>.<\/p>\n","protected":false},"excerpt":{"rendered":"Par Brian Le Goff Publi\u00e9 le 28 ao\u00fbt 2025 \u00e0 9h54 Les faits ont eu lieu en fin&hellip;\n","protected":false},"author":2,"featured_media":349585,"comment_status":"","ping_status":"","sticky":false,"template":"","format":"standard","meta":{"footnotes":""},"categories":[2821],"tags":[119,1111,11,6427,829,1777,674,118,1011,27,12,584,25,4797],"class_list":{"0":"post-349584","1":"post","2":"type-post","3":"status-publish","4":"format-standard","5":"has-post-thumbnail","7":"category-rennes","8":"tag-accident","9":"tag-actu","10":"tag-actualites","11":"tag-bison-fute","12":"tag-bretagne","13":"tag-eu","14":"tag-europe","15":"tag-faits-divers","16":"tag-fr","17":"tag-france","18":"tag-news","19":"tag-rennes","20":"tag-republique-francaise","21":"tag-rocade"},"share_on_mastodon":{"url":"https:\/\/pubeurope.com\/@fr\/115105447599223634","error":""},"_links":{"self":[{"href":"https:\/\/www.europesays.com\/fr\/wp-json\/wp\/v2\/posts\/349584","targetHints":{"allow":["GET"]}}],"collection":[{"href":"https:\/\/www.europesays.com\/fr\/wp-json\/wp\/v2\/posts"}],"about":[{"href":"https:\/\/www.europesays.com\/fr\/wp-json\/wp\/v2\/types\/post"}],"author":[{"embeddable":true,"href":"https:\/\/www.europesays.com\/fr\/wp-json\/wp\/v2\/users\/2"}],"replies":[{"embeddable":true,"href":"https:\/\/www.europesays.com\/fr\/wp-json\/wp\/v2\/comments?post=349584"}],"version-history":[{"count":0,"href":"https:\/\/www.europesays.com\/fr\/wp-json\/wp\/v2\/posts\/349584\/revisions"}],"wp:featuredmedia":[{"embeddable":true,"href":"https:\/\/www.europesays.com\/fr\/wp-json\/wp\/v2\/media\/349585"}],"wp:attachment":[{"href":"https:\/\/www.europesays.com\/fr\/wp-json\/wp\/v2\/media?parent=349584"}],"wp:term":[{"taxonomy":"category","embeddable":true,"href":"https:\/\/www.europesays.com\/fr\/wp-json\/wp\/v2\/categories?post=349584"},{"taxonomy":"post_tag","embeddable":true,"href":"https:\/\/www.europesays.com\/fr\/wp-json\/wp\/v2\/tags?post=349584"}],"curies":[{"name":"wp","href":"https:\/\/api.w.org\/{rel}","templated":true}]}}