{"id":349586,"date":"2025-08-28T08:28:12","date_gmt":"2025-08-28T08:28:12","guid":{"rendered":"https:\/\/www.europesays.com\/fr\/349586\/"},"modified":"2025-08-28T08:28:12","modified_gmt":"2025-08-28T08:28:12","slug":"esteban-lepaul-attendu-a-rennes-france-stade-rennais","status":"publish","type":"post","link":"https:\/\/www.europesays.com\/fr\/349586\/","title":{"rendered":"Est\u00e9ban Lepaul attendu \u00e0 Rennes &#8211; France &#8211; Stade rennais"},"content":{"rendered":"<p data-start=\"60\" data-end=\"86\">1h41 de route en voiture.<\/p>\n<p data-start=\"88\" data-end=\"491\">Le Stade rennais tient son premier renfort offensif. <a target=\"_blank\" href=\"https:\/\/www.sofoot.com\/breves\/mercato-arnaud-kalimuendo-a-nottingham-forest-cest-officiel\" rel=\"nofollow noopener\">Orphelin d\u2019Arnaud Kalimuendo<\/a>, parti tenter l\u2019aventure \u00e0 Nottingham Forest, le club breton <strong>s\u2019appr\u00eate \u00e0 accueillir Est\u00e9ban Lepaul<\/strong>. L\u2019attaquant angevin est <strong>attendu ce jeudi pour la visite m\u00e9dicale<\/strong> et devrait s\u2019engager dans la foul\u00e9e pour quatre ans, comme indiqu\u00e9 mercredi soir par L\u2019\u00c9quipe, ce que nous sommes en mesure de confirmer. Le transfert est estim\u00e9 \u00e0 un peu plus de 15 millions d\u2019euros, bonus compris.<\/p>\n<p>Lepaul en attendant Harder ?<\/p>\n<p data-start=\"525\" data-end=\"1190\"><strong>Buteur \u00e0 neuf reprises la saison pass\u00e9e en Ligue 1<\/strong> et <a target=\"_blank\" href=\"https:\/\/www.sofoot.com\/breves\/ligue-1-strasbourg-et-auxerre-demarrent-bien-angers-mate-le-paris-fc\" rel=\"nofollow noopener\">d\u00e9j\u00e0 d\u00e9cisif cette ann\u00e9e avec le SCO face au Paris FC<\/a> (1-0), Lepaul s\u2019offre un joli tremplin et Rennes obtient un renfort qui esp\u00e8re sans doute <a target=\"_blank\" href=\"https:\/\/www.sofoot.com\/breves\/ligue-1-rennes-se-saborde-et-coule-a-lorient\" rel=\"nofollow noopener\">ne pas avoir \u00e0 quitter ses partenaires trop t\u00f4t en cas de carton rouge<\/a> (coucou Mohamed Kader Me\u00eft\u00e9) et qui va enfin grossir les rangs d\u2019une attaque en chantier. Tout cela avant un match entre\u2026 Angers et Rennes ce week-end.<\/p>\n<p data-start=\"525\" data-end=\"1190\">\u00c0 quelques jours de la fin du mercato, le Stade rennais esp\u00e8re aussi attirer un deuxi\u00e8me joueur en attaque.\u00a0<strong>La piste la plus chaude m\u00e8ne \u00e0 l\u2019international danois Conrad Harder<\/strong>, qui s\u2019est d\u00e9j\u00e0 mis d\u2019accord sur un <strong>contrat de cinq ans avec le club breton<\/strong> selon <a target=\"_blank\" href=\"https:\/\/www.lequipe.fr\/Football\/Actualites\/Mercato-esteban-lepaul-arrive-a-rennes-conrad-harder-aussi\/1588084\" rel=\"nofollow noopener\">L\u2019\u00c9quipe<\/a>. Mais le dossier reste tr\u00e8s complexe, avec un agent gourmand et une possible concurrence de l\u2019AC Milan et Newcastle, m\u00eame si la possibilit\u00e9 de le voir arriver chez les Rossoneri s\u2019\u00e9tait refroidi ces derni\u00e8res heures, selon les m\u00e9dias italiens.<\/p>\n<p data-start=\"1192\" data-end=\"1251\">Le dernier Esteban \u00e0 Rennes ? Tout simplement Julian.<\/p>\n<p>\t\t\t\t\t\t\t\t\t\t<a class=\"lien-connexe\" href=\"https:\/\/www.sofoot.com\/breves\/mercato-ca-se-complique-pour-conrad-harder-a-rennes\" rel=\"nofollow noopener\" target=\"_blank\">\u00c7a se complique pour Conrad Harder \u00e0 Rennes<\/a>\t\t\t\t\t<\/p>\n","protected":false},"excerpt":{"rendered":"1h41 de route en voiture. Le Stade rennais tient son premier renfort offensif. Orphelin d\u2019Arnaud Kalimuendo, parti tenter&hellip;\n","protected":false},"author":2,"featured_media":349587,"comment_status":"","ping_status":"","sticky":false,"template":"","format":"standard","meta":{"footnotes":""},"categories":[2821],"tags":[1111,47,11,61,829,69,65,64,1777,674,63,1011,27,68,66,12,62,70,584,25,67],"class_list":{"0":"post-349586","1":"post","2":"type-post","3":"status-publish","4":"format-standard","5":"has-post-thumbnail","7":"category-rennes","8":"tag-actu","9":"tag-actualite","10":"tag-actualites","11":"tag-actus-football","12":"tag-bretagne","13":"tag-bundesliga","14":"tag-championnats-europeens","15":"tag-equipe-de-france","16":"tag-eu","17":"tag-europe","18":"tag-football","19":"tag-fr","20":"tag-france","21":"tag-ligua","22":"tag-ligue-1","23":"tag-news","24":"tag-news-foot","25":"tag-premier-league","26":"tag-rennes","27":"tag-republique-francaise","28":"tag-serie-a"},"share_on_mastodon":{"url":"https:\/\/pubeurope.com\/@fr\/115105451544324118","error":""},"_links":{"self":[{"href":"https:\/\/www.europesays.com\/fr\/wp-json\/wp\/v2\/posts\/349586","targetHints":{"allow":["GET"]}}],"collection":[{"href":"https:\/\/www.europesays.com\/fr\/wp-json\/wp\/v2\/posts"}],"about":[{"href":"https:\/\/www.europesays.com\/fr\/wp-json\/wp\/v2\/types\/post"}],"author":[{"embeddable":true,"href":"https:\/\/www.europesays.com\/fr\/wp-json\/wp\/v2\/users\/2"}],"replies":[{"embeddable":true,"href":"https:\/\/www.europesays.com\/fr\/wp-json\/wp\/v2\/comments?post=349586"}],"version-history":[{"count":0,"href":"https:\/\/www.europesays.com\/fr\/wp-json\/wp\/v2\/posts\/349586\/revisions"}],"wp:featuredmedia":[{"embeddable":true,"href":"https:\/\/www.europesays.com\/fr\/wp-json\/wp\/v2\/media\/349587"}],"wp:attachment":[{"href":"https:\/\/www.europesays.com\/fr\/wp-json\/wp\/v2\/media?parent=349586"}],"wp:term":[{"taxonomy":"category","embeddable":true,"href":"https:\/\/www.europesays.com\/fr\/wp-json\/wp\/v2\/categories?post=349586"},{"taxonomy":"post_tag","embeddable":true,"href":"https:\/\/www.europesays.com\/fr\/wp-json\/wp\/v2\/tags?post=349586"}],"curies":[{"name":"wp","href":"https:\/\/api.w.org\/{rel}","templated":true}]}}