{"id":349588,"date":"2025-08-28T08:29:26","date_gmt":"2025-08-28T08:29:26","guid":{"rendered":"https:\/\/www.europesays.com\/fr\/349588\/"},"modified":"2025-08-28T08:29:26","modified_gmt":"2025-08-28T08:29:26","slug":"ou-aller-a-strasbourg-ce-week-end-du-29-au-31-aout-5-idees-sorties","status":"publish","type":"post","link":"https:\/\/www.europesays.com\/fr\/349588\/","title":{"rendered":"O\u00f9 aller \u00e0 Strasbourg ce week-end du 29 au 31 ao\u00fbt ? 5 id\u00e9es sorties"},"content":{"rendered":"<p class=\"intro\">Le dernier week-end d&rsquo;ao\u00fbt s&rsquo;annonce riche en d\u00e9couvertes \u00e0 Strasbourg et ses alentours\u00a0! Du spectacle immersif r\u00e9volutionnaire dans la cath\u00e9drale aux derniers films en plein air, en passant par les illuminations traditionnelles et les festivit\u00e9s brassicoles, ce week-end du 29 au 31 ao\u00fbt propose une palette d&rsquo;exp\u00e9riences pour tous les go\u00fbts. Sortez vos agendas et pr\u00e9parez-vous \u00e0 vivre un week-end m\u00e9morable entre culture, divertissement et convivialit\u00e9\u00a0!<\/p>\n<p class=\"mise_en_avant\"><strong>Pr\u00e9visions m\u00e9t\u00e9o ce week-end\u00a0:<\/strong> Les temp\u00e9ratures oscilleront entre 18 et 22\u00b0C avec de la l\u00e9g\u00e8re pluie vendredi et dimanche, et un ciel couvert samedi. Pensez \u00e0 vos parapluies pour profiter pleinement des activit\u00e9s en ext\u00e9rieur\u00a0!<\/p>\n<p>1\/ [Coup de\u00a0\u2764\ufe0f JDS] Luminiscence Strasbourg\u00a0: r\u00e9volution technologique dans un \u00e9crin mill\u00e9naire<\/p>\n<p>D\u00e9couvrez <a href=\"https:\/\/www.jds.fr\/strasbourg\/spectacles\/luminiscence-strasbourg-1047811_A\" rel=\"nofollow noopener\" target=\"_blank\">Luminiscence Strasbourg<\/a>, le spectacle son et lumi\u00e8re immersif qui transforme la Cath\u00e9drale Notre-Dame en th\u00e9\u00e2tre \u00e0 360\u00b0. \ud83c\udff0 Ce mapping vid\u00e9o r\u00e9volutionnaire m\u00eale narration historique, musique live et technologie de pointe pour raconter l&rsquo;histoire de Strasbourg \u00e0 travers quatre actes captivants. Une exp\u00e9rience sensorielle unique qui m\u00e9rite amplement sa s\u00e9lection coup de c\u0153ur JDS. \ud83d\udca1 <strong>Notre conseil\u00a0:<\/strong> R\u00e9servez votre billet d\u00e8s maintenant, car cette premi\u00e8re mondiale \u00e0 Strasbourg fait d\u00e9j\u00e0 sensation et les places se vendent rapidement\u00a0!<\/p>\n<p>\ud83d\udccd Cath\u00e9drale Notre-Dame de Strasbourg | Strasbourg<br \/>\ud83d\udcc5 Du 29\/08\/2025 au 27\/09\/2025<\/p>\n<p class=\"mise_en_avant\">\ud83d\udc49 <a href=\"https:\/\/www.jds.fr\/strasbourg\/spectacles\/luminiscence-strasbourg-1047811_A\" rel=\"nofollow noopener\" target=\"_blank\">[Coup de\u00a0\u2764\ufe0f JDS] Luminiscence Strasbourg\u00a0: toutes les informations<\/a><\/p>\n<p><a data-lightbox=\"article\" data-title=\"La Cath\u00e9drale de Strasbourg magnifi\u00e9e DR\" class=\"image detail fullwidth\" href=\"https:\/\/www.jds.fr\/medias\/image\/luminiscence-strasbourg-1-652636-1200-0-F.webp\" title=\"La Cath\u00e9drale de Strasbourg magnifi\u00e9e DR\" rel=\"nofollow noopener\" target=\"_blank\"><br \/>\n<img decoding=\"async\" loading=\"lazy\" src=\"https:\/\/www.europesays.com\/fr\/wp-content\/uploads\/2025\/08\/luminiscence-strasbourg-1-652636-1200-0.webp.webp\"   alt=\"La Cath\u00e9drale de Strasbourg magnifi\u00e9e\" class=\"shortcode_image border\"\/><br \/>\n\u00a9 DR<br \/>\nLa Cath\u00e9drale de Strasbourg magnifi\u00e9e<br \/>\n<\/a>\n<\/p>\n<p>2\/ Les Docks Malraux\u00a0: derniers plongeons dans l&rsquo;oasis urbaine<\/p>\n<p>Profitez des <a href=\"https:\/\/www.jds.fr\/strasbourg\/manifestations\/docks-ete-strasbourg-108778_A\" rel=\"nofollow noopener\" target=\"_blank\">derniers jours des Docks Malraux \u00e0 Strasbourg<\/a> avant la fermeture d\u00e9finitive le 31 ao\u00fbt\u00a0! Cette plage \u00e9ph\u00e9m\u00e8re sur la presqu&rsquo;\u00eele Malraux vous offre sable fin, activit\u00e9s nautiques et farniente urbain. \ud83c\udfd6\ufe0f Un concentr\u00e9 de vacances au c\u0153ur de la ville qui s\u00e9duit les familles depuis des ann\u00e9es. \ud83d\udca1 <strong>Notre conseil\u00a0:<\/strong> Arrivez t\u00f4t pour profiter pleinement des activit\u00e9s nautiques avant l&rsquo;affluence de l&rsquo;apr\u00e8s-midi, et n&rsquo;oubliez pas votre cr\u00e8me solaire m\u00eame par temps couvert\u00a0!<\/p>\n<p>\ud83d\udccd Presqu&rsquo;\u00cele Malraux | Strasbourg<br \/>\ud83d\udcc5 Jusqu&rsquo;au 31\/08\/2025<\/p>\n<p class=\"mise_en_avant\">\ud83d\udc49 <a href=\"https:\/\/www.jds.fr\/strasbourg\/manifestations\/docks-ete-strasbourg-108778_A\" rel=\"nofollow noopener\" target=\"_blank\">Les Docks Malraux \u00e0 Strasbourg\u00a0: plage \u00e9ph\u00e9m\u00e8re de l&rsquo;\u00e9t\u00e9 2025\u00a0: toutes les informations<\/a><\/p>\n<p><a data-lightbox=\"article\" data-title=\" DR\" class=\"image detail fullwidth\" href=\"https:\/\/www.jds.fr\/medias\/image\/les-docks-malraux-plage-ephemere-a-strasbourg_1-386972-1200-0-F.webp\" title=\" DR\" rel=\"nofollow noopener\" target=\"_blank\"><br \/>\n<img decoding=\"async\" loading=\"lazy\" src=\"https:\/\/www.europesays.com\/fr\/wp-content\/uploads\/2025\/07\/les-docks-malraux-plage-ephemere-a-strasbourg_1-386972-1200-0.webp.webp\"   alt=\"Les Docks Malraux \u00e0 Strasbourg : plage \u00e9ph\u00e9m\u00e8re de l'\u00e9t\u00e9 2025\" class=\"shortcode_image border\"\/><br \/>\n\u00a9 DR<br \/>\n<\/a>\n<\/p>\n<p>3\/ Cin\u00e9ma en plein air\u00a0:\u00a0\u00ab\u00a0Big Fish\u00a0\u00bb cl\u00f4ture la saison en beaut\u00e9<\/p>\n<p>Assistez \u00e0 la projection de cl\u00f4ture du <a href=\"https:\/\/www.jds.fr\/strasbourg\/spectacles\/cinema\/projection-de-film-en-plein-air-128733_A\" rel=\"nofollow noopener\" target=\"_blank\">cin\u00e9ma en plein air \u00e0 Strasbourg<\/a> avec\u00a0\u00ab\u00a0Big Fish\u00a0\u00bb de Tim Burton au Parc du Heyritz vendredi 29 ao\u00fbt. \ud83c\udfac Ce conte merveilleux sublim\u00e9 par Danny Elfman offre une fin en douceur \u00e0 cette saison estivale de cin\u00e9ma sous les \u00e9toiles. \ud83d\udca1 <strong>Notre conseil\u00a0:<\/strong> Apportez un plaid et quelques en-cas\u00a0: l&rsquo;ambiance cin\u00e9phile sera encore plus magique avec ce temps automnal qui s&rsquo;annonce\u00a0!<\/p>\n<p>\ud83d\udccd Dans les parcs de la ville | Strasbourg<br \/>\ud83d\udcc5 Jusqu&rsquo;au 06\/09\/2025<\/p>\n<p class=\"mise_en_avant\">\ud83d\udc49 <a href=\"https:\/\/www.jds.fr\/strasbourg\/spectacles\/cinema\/projection-de-film-en-plein-air-128733_A\" rel=\"nofollow noopener\" target=\"_blank\">Cin\u00e9ma en plein air \u00e0 Strasbourg en 2025\u00a0: toutes les informations<\/a><\/p>\n<p><a data-lightbox=\"article\" data-title=\"Cin\u00e9 en plein air \u00e0 Strasbourg DR\" class=\"image detail fullwidth\" href=\"https:\/\/www.jds.fr\/medias\/image\/cine-en-plein-air-a-strasbourg-247116-1200-0-F.webp\" title=\"Cin\u00e9 en plein air \u00e0 Strasbourg DR\" rel=\"nofollow noopener\" target=\"_blank\"><br \/>\n<img decoding=\"async\" loading=\"lazy\" src=\"https:\/\/www.europesays.com\/fr\/wp-content\/uploads\/2025\/07\/cine-en-plein-air-a-strasbourg-247116-1200-0.webp.webp\"   alt=\"Cin\u00e9 en plein air \u00e0 Strasbourg\" class=\"shortcode_image border\"\/><br \/>\n\u00a9 DR<br \/>\nCin\u00e9 en plein air \u00e0 Strasbourg<br \/>\n<\/a>\n<\/p>\n<p>4\/ Illuminations de la Cath\u00e9drale\u00a0: magie nocturne dans la for\u00eat urbaine<\/p>\n<p>Vivez les derni\u00e8res soir\u00e9es des <a href=\"https:\/\/www.jds.fr\/strasbourg\/manifestations\/illuminations-cathedrale-strasbourg-108611_A\" rel=\"nofollow noopener\" target=\"_blank\">illuminations de la Cath\u00e9drale de Strasbourg<\/a> dans l&rsquo;univers f\u00e9\u00e9rique de\u00a0\u00ab\u00a0Der Wald &#8211; La For\u00eat\u00a0\u00bb.\u00a0\u2728 Cette installation immersive transforme la place du Ch\u00e2teau en for\u00eat enchant\u00e9e avec spectacles, concerts et mise en lumi\u00e8re magistrale de 22h30 \u00e0 minuit. \ud83d\udca1 <strong>Notre conseil\u00a0:<\/strong> Arrivez vers 21h pour explorer tranquillement la for\u00eat artistique avant que les illuminations ne d\u00e9butent, l&rsquo;exp\u00e9rience n&rsquo;en sera que plus immersive\u00a0!<\/p>\n<p>\ud83d\udccd Cath\u00e9drale Notre-Dame de Strasbourg | Strasbourg<br \/>\ud83d\udcc5 Jusqu&rsquo;au 31\/08\/2025<\/p>\n<p class=\"mise_en_avant\">\ud83d\udc49 <a href=\"https:\/\/www.jds.fr\/strasbourg\/manifestations\/illuminations-cathedrale-strasbourg-108611_A\" rel=\"nofollow noopener\" target=\"_blank\">Illuminations de la Cath\u00e9drale de Strasbourg 2025\u00a0: toutes les informations<\/a><\/p>\n<p><a data-lightbox=\"article\" data-title=\"Illuminations de la Cath\u00e9drale de Strasbourg DR\" class=\"image detail fullwidth\" href=\"https:\/\/www.jds.fr\/medias\/image\/jeu-de-lumiere-de-la-cathedrale-379485-1200-0-F.webp\" title=\"Illuminations de la Cath\u00e9drale de Strasbourg DR\" rel=\"nofollow noopener\" target=\"_blank\"><br \/>\n<img decoding=\"async\" loading=\"lazy\" src=\"https:\/\/www.europesays.com\/fr\/wp-content\/uploads\/2025\/07\/jeu-de-lumiere-de-la-cathedrale-379485-1200-0.webp.webp\"   alt=\"Illuminations de la Cath\u00e9drale de Strasbourg\" class=\"shortcode_image border\"\/><br \/>\n\u00a9 DR<br \/>\nIlluminations de la Cath\u00e9drale de Strasbourg<br \/>\n<\/a>\n<\/p>\n<p>5\/ F\u00eate de la Bi\u00e8re de Saverne\u00a0: c\u00e9l\u00e9bration des 180 ans de la Licorne<\/p>\n<p>C\u00e9l\u00e9brez l&rsquo;anniversaire exceptionnel de la <a href=\"https:\/\/www.jds.fr\/strasbourg\/manifestations\/fetes\/fete-biere-saverne-47663_A\" rel=\"nofollow noopener\" target=\"_blank\">F\u00eate de la Bi\u00e8re \u00e0 Saverne<\/a> qui f\u00eate les 180 ans de la Brasserie Licorne\u00a0! Cette \u00e9dition sp\u00e9ciale au Parc du Ch\u00e2teau des Rohan promet concerts, gastronomie alsacienne et ambiance conviviale. \ud83c\udf7b L&rsquo;\u00e9v\u00e9nement brassicole incontournable qui rassemble plus de 40 000 visiteurs chaque ann\u00e9e. \ud83d\udca1 <strong>Notre conseil\u00a0:<\/strong> Profitez du tarif Early bird \u00e0 7\u20ac pour le jeudi soir et r\u00e9servez en ligne pour \u00e9viter les files d&rsquo;attente, surtout avec cette m\u00e9t\u00e9o qui pourrait pousser tout le monde sous les chapiteaux\u00a0!<\/p>\n<p>\ud83d\udccd Parc du Ch\u00e2teau des Rohan | Saverne<br \/>\ud83d\udcc5 Du 28\/08\/2025 au 31\/08\/2025<\/p>\n<p class=\"mise_en_avant\">\ud83d\udc49 <a href=\"https:\/\/www.jds.fr\/strasbourg\/manifestations\/fetes\/fete-biere-saverne-47663_A\" rel=\"nofollow noopener\" target=\"_blank\">F\u00eate de la Bi\u00e8re \u00e0 Saverne 2025\u00a0: toutes les informations<\/a><\/p>\n<p><a data-lightbox=\"article\" data-title=\"Bonne ambiance garantie \u00e0 la F\u00eate de la Bi\u00e8re \u00e0 Saverne DR\" class=\"image detail fullwidth\" href=\"https:\/\/www.jds.fr\/medias\/image\/fete-de-la-biere-a-saverne_1-396554-1200-0-F.webp\" title=\"Bonne ambiance garantie \u00e0 la F\u00eate de la Bi\u00e8re \u00e0 Saverne DR\" rel=\"nofollow noopener\" target=\"_blank\"><br \/>\n<img decoding=\"async\" loading=\"lazy\" src=\"https:\/\/www.europesays.com\/fr\/wp-content\/uploads\/2025\/08\/fete-de-la-biere-a-saverne_1-396554-1200-0.webp.webp\"   alt=\"Bonne ambiance garantie \u00e0 la F\u00eate de la Bi\u00e8re \u00e0 Saverne\" class=\"shortcode_image border\"\/><br \/>\n\u00a9 DR<br \/>\nBonne ambiance garantie \u00e0 la F\u00eate de la Bi\u00e8re \u00e0 Saverne<br \/>\n<\/a>\n<\/p>\n<p>Date de publication : le 27\/08\/2025.<\/p>\n<p class=\"font-size-30 fw-bold lh-1 mt-0 mb-4\">Je trouve les meilleures sorties dans ma ville<\/p>\n","protected":false},"excerpt":{"rendered":"Le dernier week-end d&rsquo;ao\u00fbt s&rsquo;annonce riche en d\u00e9couvertes \u00e0 Strasbourg et ses alentours\u00a0! Du spectacle immersif r\u00e9volutionnaire dans&hellip;\n","protected":false},"author":2,"featured_media":349589,"comment_status":"","ping_status":"","sticky":false,"template":"","format":"standard","meta":{"footnotes":""},"categories":[2820],"tags":[1111,11,1777,674,1011,27,775,12,25,640],"class_list":{"0":"post-349588","1":"post","2":"type-post","3":"status-publish","4":"format-standard","5":"has-post-thumbnail","7":"category-strasbourg","8":"tag-actu","9":"tag-actualites","10":"tag-eu","11":"tag-europe","12":"tag-fr","13":"tag-france","14":"tag-grand-est","15":"tag-news","16":"tag-republique-francaise","17":"tag-strasbourg"},"share_on_mastodon":{"url":"https:\/\/pubeurope.com\/@fr\/115105455715199624","error":""},"_links":{"self":[{"href":"https:\/\/www.europesays.com\/fr\/wp-json\/wp\/v2\/posts\/349588","targetHints":{"allow":["GET"]}}],"collection":[{"href":"https:\/\/www.europesays.com\/fr\/wp-json\/wp\/v2\/posts"}],"about":[{"href":"https:\/\/www.europesays.com\/fr\/wp-json\/wp\/v2\/types\/post"}],"author":[{"embeddable":true,"href":"https:\/\/www.europesays.com\/fr\/wp-json\/wp\/v2\/users\/2"}],"replies":[{"embeddable":true,"href":"https:\/\/www.europesays.com\/fr\/wp-json\/wp\/v2\/comments?post=349588"}],"version-history":[{"count":0,"href":"https:\/\/www.europesays.com\/fr\/wp-json\/wp\/v2\/posts\/349588\/revisions"}],"wp:featuredmedia":[{"embeddable":true,"href":"https:\/\/www.europesays.com\/fr\/wp-json\/wp\/v2\/media\/349589"}],"wp:attachment":[{"href":"https:\/\/www.europesays.com\/fr\/wp-json\/wp\/v2\/media?parent=349588"}],"wp:term":[{"taxonomy":"category","embeddable":true,"href":"https:\/\/www.europesays.com\/fr\/wp-json\/wp\/v2\/categories?post=349588"},{"taxonomy":"post_tag","embeddable":true,"href":"https:\/\/www.europesays.com\/fr\/wp-json\/wp\/v2\/tags?post=349588"}],"curies":[{"name":"wp","href":"https:\/\/api.w.org\/{rel}","templated":true}]}}