{"id":34959,"date":"2025-04-18T21:37:13","date_gmt":"2025-04-18T21:37:13","guid":{"rendered":"https:\/\/www.europesays.com\/fr\/34959\/"},"modified":"2025-04-18T21:37:13","modified_gmt":"2025-04-18T21:37:13","slug":"renaud-camus-auteur-du-grand-remplacement-interdit-dentree-au-royaume-uni","status":"publish","type":"post","link":"https:\/\/www.europesays.com\/fr\/34959\/","title":{"rendered":"Renaud Camus, auteur du Grand Remplacement, interdit d&rsquo;entr\u00e9e au Royaume-Uni"},"content":{"rendered":"<p class=\"fig-paragraph\">L&rsquo;\u00e9crivain fran\u00e7ais\u00a0<a href=\"http:\/\/www.lefigaro.fr\/vox\/culture\/renaud-camus-et-alain-finkielkraut-les-liaisons-dangereuses-20240309\" data-fig-type=\"Article\" data-gtm-custom-categorie=\"navigation\" data-gtm-custom-action=\"crossclick\" data-gtm-custom-label=\"Contextuel\" data-gtm-event=\"customEventSPE\" data-fig-domain=\"LEFIGARO\" target=\"_blank\" rel=\"noopener\">Renaud Camus<\/a>\u00a0a \u00e9t\u00e9 interdit de se rendre au Royaume-Uni par les autorit\u00e9s britanniques, a confirm\u00e9 vendredi \u00e0 l&rsquo;AFP son \u00e9diteur en langue anglaise. \u00abNous pouvons confirmer que Renaud Camus a en effet \u00e9t\u00e9 interdit d&rsquo;entrer au Royaume-Uni, o\u00f9 il devait prendre la parole lors d&rsquo;un \u00e9v\u00e8nement du Homeland Party\u00bb, a indiqu\u00e9 l&rsquo;\u00e9diteur Vauban Books.<\/p>\n<p class=\"fig-paragraph\">La veille, Renaud Camus avait affirm\u00e9 sur X avoir vu sa demande d&rsquo;autorisation \u00e9lectronique de voyage (ETA), d\u00e9sormais obligatoire pour tous les \u00e9trangers souhaitant se rendre au Royaume-Uni, rejet\u00e9e.<\/p>\n<p class=\"fig-paragraph\">\u00abJe viens de me voir signifier une interdiction d&rsquo;acc\u00e8s au Royaume-Uni, o\u00f9 je devais prononcer un discours la semaine prochaine\u00bb, y avait post\u00e9 l&rsquo;initiateur de la th\u00e9orie complotiste du \u00abgrand remplacement\u00bb suppos\u00e9 des populations europ\u00e9ennes par les immigr\u00e9s non europ\u00e9ens.<\/p>\n<p class=\"fig-paragraph\">Selon le message de rejet de la demande d&rsquo;ETA adress\u00e9 \u00e0 l&rsquo;\u00e9crivain, consult\u00e9 par l&rsquo;AFP, les autorit\u00e9s britanniques estiment que sa \u00abpr\u00e9sence au Royaume-Uni n&rsquo;est pas consid\u00e9r\u00e9e comme propice \u00e0 l&rsquo;int\u00e9r\u00eat public\u00bb.<\/p>\n<p class=\"fig-paragraph\">Il est pr\u00e9cis\u00e9 que Renaud Camus doit d\u00e9sormais faire une demande de visa s&rsquo;il souhaite se rendre au Royaume-Uni et que le rejet de son ETA ne signifie pas qu&rsquo;il recevra forc\u00e9ment une r\u00e9ponse n\u00e9gative.<\/p>\n<p class=\"fig-paragraph\">Selon son \u00e9diteur, outre l&rsquo;intervention pr\u00e9vue de Renaud Camus devant le Homeland Party, parti d&rsquo;extr\u00eame droite, anti-immigration et nationaliste, cette d\u00e9cision \u00abva emp\u00eacher\u00bb l&rsquo;auteur de r\u00e9pondre \u00e0 une invitation de la soci\u00e9t\u00e9 de d\u00e9bat Oxford Union, \u00abplus tard au printemps\u00bb.<\/p>\n<p class=\"fig-paragraph\">Contact\u00e9 par l\u2019AFP, le minist\u00e8re britannique de l&rsquo;Int\u00e9rieur n&rsquo;a pas r\u00e9agi \u00e0 ce stade.<\/p>\n","protected":false},"excerpt":{"rendered":"L&rsquo;\u00e9crivain fran\u00e7ais\u00a0Renaud Camus\u00a0a \u00e9t\u00e9 interdit de se rendre au Royaume-Uni par les autorit\u00e9s britanniques, a confirm\u00e9 vendredi \u00e0&hellip;\n","protected":false},"author":2,"featured_media":34960,"comment_status":"","ping_status":"","sticky":false,"template":"","format":"standard","meta":{"footnotes":""},"categories":[1588],"tags":[1111,47,11,1109,1112,1777,674,118,1108,107,1106,1107,27,1110,1114,14,12,1113,316,473,1853,1851,1850,1852],"class_list":{"0":"post-34959","1":"post","2":"type-post","3":"status-publish","4":"format-standard","5":"has-post-thumbnail","7":"category-royaume-uni","8":"tag-actu","9":"tag-actualite","10":"tag-actualites","11":"tag-breves","12":"tag-depeches","13":"tag-eu","14":"tag-europe","15":"tag-faits-divers","16":"tag-fil","17":"tag-fil-info","18":"tag-flash","19":"tag-flash-actu","20":"tag-france","21":"tag-informations","22":"tag-infos","23":"tag-international","24":"tag-news","25":"tag-nouvelles","26":"tag-politique","27":"tag-royaume-uni","28":"tag-royaume-uni-de-grande-bretagne-et-dirlande-du-nord","29":"tag-uk","30":"tag-united-kingdom","31":"tag-united-kingdom-of-great-britain-and-northern-ireland"},"share_on_mastodon":{"url":"https:\/\/pubeurope.com\/@fr\/114361128941001861","error":""},"_links":{"self":[{"href":"https:\/\/www.europesays.com\/fr\/wp-json\/wp\/v2\/posts\/34959","targetHints":{"allow":["GET"]}}],"collection":[{"href":"https:\/\/www.europesays.com\/fr\/wp-json\/wp\/v2\/posts"}],"about":[{"href":"https:\/\/www.europesays.com\/fr\/wp-json\/wp\/v2\/types\/post"}],"author":[{"embeddable":true,"href":"https:\/\/www.europesays.com\/fr\/wp-json\/wp\/v2\/users\/2"}],"replies":[{"embeddable":true,"href":"https:\/\/www.europesays.com\/fr\/wp-json\/wp\/v2\/comments?post=34959"}],"version-history":[{"count":0,"href":"https:\/\/www.europesays.com\/fr\/wp-json\/wp\/v2\/posts\/34959\/revisions"}],"wp:featuredmedia":[{"embeddable":true,"href":"https:\/\/www.europesays.com\/fr\/wp-json\/wp\/v2\/media\/34960"}],"wp:attachment":[{"href":"https:\/\/www.europesays.com\/fr\/wp-json\/wp\/v2\/media?parent=34959"}],"wp:term":[{"taxonomy":"category","embeddable":true,"href":"https:\/\/www.europesays.com\/fr\/wp-json\/wp\/v2\/categories?post=34959"},{"taxonomy":"post_tag","embeddable":true,"href":"https:\/\/www.europesays.com\/fr\/wp-json\/wp\/v2\/tags?post=34959"}],"curies":[{"name":"wp","href":"https:\/\/api.w.org\/{rel}","templated":true}]}}