{"id":349590,"date":"2025-08-28T08:30:13","date_gmt":"2025-08-28T08:30:13","guid":{"rendered":"https:\/\/www.europesays.com\/fr\/349590\/"},"modified":"2025-08-28T08:30:13","modified_gmt":"2025-08-28T08:30:13","slug":"a-quelle-heure-et-sur-quelle-chaine-regarder-le-match-retour-du-barrage-de-ligue-conference","status":"publish","type":"post","link":"https:\/\/www.europesays.com\/fr\/349590\/","title":{"rendered":"\u00e0 quelle heure et sur quelle cha\u00eene regarder le match retour du barrage de Ligue Conf\u00e9rence"},"content":{"rendered":"<p>Tenus en \u00e9chec sur leur pelouse lors du match aller (0-0), les Strasbourgeois visent la qualification pour la phase de championnat de la Ligue Conf\u00e9rence ce jeudi face aux Danois de Br\u00f6ndby. Une rencontre \u00e0 suivre en exclusivit\u00e9 sur RMC Sport.<\/p>\n<p>Strasbourg va jouer son avenir europ\u00e9en ce jeudi soir en Scandinavie. <a href=\"https:\/\/rmcsport.bfmtv.com\/football\/europa-conference-league\/video-strasbourg-0-0-brondby-nous-marquerons-au-retour-nanasi-optimiste-malgre-le-nul-decevant_VN-202508210649.html\" title=\"Strasbourg 0-0 Brondby : &quot;Nous marquerons au retour&quot;, Nanasi optimiste malgr\u00e9 le nul d\u00e9cevant\" class=\"internal_link\" rel=\"nofollow noopener\" target=\"_blank\">Tenus en \u00e9chec \u00e0 domicile par les Danois de Br\u00f6ndby lors du barrage aller de la Ligue Europa Conf\u00e9rence<\/a> (0-0), les hommes de Liam Rosenior devront r\u00e9aliser une grande performance pour \u00e9viter une d\u00e9sillusion pour le football fran\u00e7ais sur la sc\u00e8ne continentale. Ils visent leur premi\u00e8re qualification pour une phase principale d&rsquo;une Coupe d&rsquo;Europe depuis 2006.<\/p>\n<p>Face \u00e0 une \u00e9quipe danoise, qui a d\u00e9j\u00e0 lanc\u00e9 sa saison depuis plusieurs mois, les Alsaciens et leurs nombreuses recrues estivales devront faire preuve de solidite et de prudence.<\/p>\n<p>\u00c0 quelle heure suivre le barrage retour de Ligue Conf\u00e9rence entre Strasbourg et Br\u00f6ndby?<\/p>\n<p>Le RCSA se d\u00e9placera chez les Danois de Br\u00f6ndby sur sa pelouse du stade de la Meinau ce jeudi 28 ao\u00fbt avec un coup d&rsquo;envoi \u00e0 20h.<\/p>\n<p>Sur quelle cha\u00eene voir Br\u00f6ndby-Strasbourg?<\/p>\n<p>La rencontre entre les deux \u00e9quipes sera diffus\u00e9e sur BFM Alsace avec un dispositif sp\u00e9cial lanc\u00e9 d\u00e8s 19h par la cha\u00eene. Le match sera \u00e9galement retransmis sur les cha\u00eenes <strong><a href=\"https:\/\/www.twitch.tv\/rmcsport?lang=fr\" target=\"_blank\" class=\"external_link\" rel=\"nofollow noopener\">Twitch<\/a><\/strong> et <strong><a href=\"https:\/\/www.youtube.com\/rmcsport\" target=\"_blank\" class=\"external_link\" rel=\"nofollow noopener\">Youtube<\/a><\/strong> de RMC Sport.<\/p>\n","protected":false},"excerpt":{"rendered":"Tenus en \u00e9chec sur leur pelouse lors du match aller (0-0), les Strasbourgeois visent la qualification pour la&hellip;\n","protected":false},"author":2,"featured_media":349591,"comment_status":"","ping_status":"","sticky":false,"template":"","format":"standard","meta":{"footnotes":""},"categories":[2820],"tags":[1111,11,1777,674,1011,27,775,12,25,640],"class_list":{"0":"post-349590","1":"post","2":"type-post","3":"status-publish","4":"format-standard","5":"has-post-thumbnail","7":"category-strasbourg","8":"tag-actu","9":"tag-actualites","10":"tag-eu","11":"tag-europe","12":"tag-fr","13":"tag-france","14":"tag-grand-est","15":"tag-news","16":"tag-republique-francaise","17":"tag-strasbourg"},"share_on_mastodon":{"url":"https:\/\/pubeurope.com\/@fr\/115105459329046958","error":""},"_links":{"self":[{"href":"https:\/\/www.europesays.com\/fr\/wp-json\/wp\/v2\/posts\/349590","targetHints":{"allow":["GET"]}}],"collection":[{"href":"https:\/\/www.europesays.com\/fr\/wp-json\/wp\/v2\/posts"}],"about":[{"href":"https:\/\/www.europesays.com\/fr\/wp-json\/wp\/v2\/types\/post"}],"author":[{"embeddable":true,"href":"https:\/\/www.europesays.com\/fr\/wp-json\/wp\/v2\/users\/2"}],"replies":[{"embeddable":true,"href":"https:\/\/www.europesays.com\/fr\/wp-json\/wp\/v2\/comments?post=349590"}],"version-history":[{"count":0,"href":"https:\/\/www.europesays.com\/fr\/wp-json\/wp\/v2\/posts\/349590\/revisions"}],"wp:featuredmedia":[{"embeddable":true,"href":"https:\/\/www.europesays.com\/fr\/wp-json\/wp\/v2\/media\/349591"}],"wp:attachment":[{"href":"https:\/\/www.europesays.com\/fr\/wp-json\/wp\/v2\/media?parent=349590"}],"wp:term":[{"taxonomy":"category","embeddable":true,"href":"https:\/\/www.europesays.com\/fr\/wp-json\/wp\/v2\/categories?post=349590"},{"taxonomy":"post_tag","embeddable":true,"href":"https:\/\/www.europesays.com\/fr\/wp-json\/wp\/v2\/tags?post=349590"}],"curies":[{"name":"wp","href":"https:\/\/api.w.org\/{rel}","templated":true}]}}