{"id":349592,"date":"2025-08-28T08:31:11","date_gmt":"2025-08-28T08:31:11","guid":{"rendered":"https:\/\/www.europesays.com\/fr\/349592\/"},"modified":"2025-08-28T08:31:11","modified_gmt":"2025-08-28T08:31:11","slug":"un-faux-tract-deric-ciotti-a-la-gloire-de-christian-estrosi-circule-a-nice","status":"publish","type":"post","link":"https:\/\/www.europesays.com\/fr\/349592\/","title":{"rendered":"Un faux tract d\u2019Eric Ciotti&#8230; \u00e0 la gloire de Christian Estrosi circule \u00e0 Nice"},"content":{"rendered":"<p>\u00ab\u00a0Nice avec Ciotti, le meilleur est \u00e0 venir\u00a0\u00bb&#8230; Le courrier que certains Ni\u00e7ois ont re\u00e7u dans leur bo\u00eete aux lettres, notamment dans le centre-ville, commence comme un vrai tract de d\u00e9claration de candidature. Le visage du d\u00e9put\u00e9 UDR se d\u00e9coupe sur fond noir au c\u00f4t\u00e9 de celui de Marine Le Pen. Deux pages, sign\u00e9es: \u00ab\u00a0\u00c9ric Ciotti, candidat aux \u00e9lections municipales de Nice\u00a0\u00bb. Certains s\u2019y feront prendre. La lettre est, en fait, un canular. Un coup de campagne.<\/p>\n<p>\u00ab\u00a0Mon d\u00e9part un rien grotesque des R\u00e9publicains\u00a0\u00bb<\/p>\n<p>\u00ab\u00a0Aujourd\u2019hui, l\u2019occasion se pr\u00e9sente enfin, apr\u00e8s tant de faux d\u00e9parts, d\u2019\u00eatre candidat \u00e0 la mairie de Nice\u00a0\u00bb, \u00e9crit celui qui se fait passer pour le d\u00e9put\u00e9. \u00ab\u00a0Cette opportunit\u00e9, je la dois \u00e0 un \u00e9pisode que nul n\u2019a oubli\u00e9: mon d\u00e9part pour le moins chaotique, spectaculaire et un rien grotesque des R\u00e9publicains, qui m\u2019a amen\u00e9 \u00e0 conclure une alliance avec Marine Le Pen. Une rupture que certains ont qualifi\u00e9e d\u2019id\u00e9ologique, mais qui, pour \u00eatre honn\u00eate, fut surtout une man\u0153uvre d\u2019opportunit\u00e9\u00a0\u00bb, poursuit le faux courrier. Qui liste, ensuite, une s\u00e9rie de r\u00e9alisations de Christian Estrosi, qui ne font plus pol\u00e9mique: la coul\u00e9e verte, le tram, la v\u00e9g\u00e9talisation des cours d\u2019\u00e9cole, le grand stade, les reconqu\u00eates urbaines, le futur h\u00f4tel des polices, etc. Rien sur ce qui f\u00e2che, et qui a divis\u00e9 les Ni\u00e7ois, comme la d\u00e9molition du TNN ou d\u2019Acropolis.<\/p>\n<p>\u00ab\u00a0Des calculs \u00e9labor\u00e9s \u00e0 Paris\u00a0\u00bb<\/p>\n<p>\u00ab\u00a0Face \u00e0 ce bilan, je dois \u00eatre lucide: ma candidature ne s\u2019inscrit pas dans la continuit\u00e9 de cette transformation. Mon objectif (&#8230;) est d\u2019incarner une alternative id\u00e9ologique celle d\u2019un camp, d\u2019un parti, et de calculs \u00e9labor\u00e9s \u00e0 Paris par le Rassemblement national dont je suis dans les faits le leader local\u00a0\u00bb, poursuit le faux \u00c9ric Ciotti, vrai proche de Christian Estrosi. Qui propose aux Ni\u00e7ois un choix clair: \u00ab\u00a0Christian Estrosi, qui depuis des ann\u00e9es fa\u00e7onne Nice, investit dans son avenir, attire des entreprises, (&#8230;) Ma propre candidature qui se pr\u00e9sente avant tout comme l\u2019expression d\u2019un courant partisan\u00a0\u00bb, peut-on lire encore sur cette parodie de d\u00e9claration de candidature qui semble tout droit sortie de l\u2019imagination d\u2019un fan du maire de Nice.<\/p>\n<p>La campagne, c\u2019est maintenant.<\/p>\n","protected":false},"excerpt":{"rendered":"\u00ab\u00a0Nice avec Ciotti, le meilleur est \u00e0 venir\u00a0\u00bb&#8230; Le courrier que certains Ni\u00e7ois ont re\u00e7u dans leur bo\u00eete&hellip;\n","protected":false},"author":2,"featured_media":349593,"comment_status":"","ping_status":"","sticky":false,"template":"","format":"standard","meta":{"footnotes":""},"categories":[2819],"tags":[1111,11,1777,674,1011,27,12,2401,316,882,25],"class_list":{"0":"post-349592","1":"post","2":"type-post","3":"status-publish","4":"format-standard","5":"has-post-thumbnail","7":"category-nice","8":"tag-actu","9":"tag-actualites","10":"tag-eu","11":"tag-europe","12":"tag-fr","13":"tag-france","14":"tag-news","15":"tag-nice","16":"tag-politique","17":"tag-provence-alpes-cote-dazur","18":"tag-republique-francaise"},"share_on_mastodon":{"url":"https:\/\/pubeurope.com\/@fr\/115105463351337971","error":""},"_links":{"self":[{"href":"https:\/\/www.europesays.com\/fr\/wp-json\/wp\/v2\/posts\/349592","targetHints":{"allow":["GET"]}}],"collection":[{"href":"https:\/\/www.europesays.com\/fr\/wp-json\/wp\/v2\/posts"}],"about":[{"href":"https:\/\/www.europesays.com\/fr\/wp-json\/wp\/v2\/types\/post"}],"author":[{"embeddable":true,"href":"https:\/\/www.europesays.com\/fr\/wp-json\/wp\/v2\/users\/2"}],"replies":[{"embeddable":true,"href":"https:\/\/www.europesays.com\/fr\/wp-json\/wp\/v2\/comments?post=349592"}],"version-history":[{"count":0,"href":"https:\/\/www.europesays.com\/fr\/wp-json\/wp\/v2\/posts\/349592\/revisions"}],"wp:featuredmedia":[{"embeddable":true,"href":"https:\/\/www.europesays.com\/fr\/wp-json\/wp\/v2\/media\/349593"}],"wp:attachment":[{"href":"https:\/\/www.europesays.com\/fr\/wp-json\/wp\/v2\/media?parent=349592"}],"wp:term":[{"taxonomy":"category","embeddable":true,"href":"https:\/\/www.europesays.com\/fr\/wp-json\/wp\/v2\/categories?post=349592"},{"taxonomy":"post_tag","embeddable":true,"href":"https:\/\/www.europesays.com\/fr\/wp-json\/wp\/v2\/tags?post=349592"}],"curies":[{"name":"wp","href":"https:\/\/api.w.org\/{rel}","templated":true}]}}