{"id":349594,"date":"2025-08-28T08:32:11","date_gmt":"2025-08-28T08:32:11","guid":{"rendered":"https:\/\/www.europesays.com\/fr\/349594\/"},"modified":"2025-08-28T08:32:11","modified_gmt":"2025-08-28T08:32:11","slug":"delta-prepare-un-vol-nice-boston","status":"publish","type":"post","link":"https:\/\/www.europesays.com\/fr\/349594\/","title":{"rendered":"Delta pr\u00e9pare un vol Nice-Boston"},"content":{"rendered":"<p>        <img loading=\"lazy\" decoding=\"async\" width=\"650\" height=\"444\" class=\"entry-thumb\" src=\"https:\/\/www.europesays.com\/fr\/wp-content\/uploads\/2025\/08\/aeroport-nice.jpg\" alt=\"A\u00e9roport de Nice (photo Luc Citrinot)\" title=\"A\u00e9roport de Nice (photo Luc Citrinot)\"\/>A\u00e9roport de Nice (photo Luc Citrinot)        <\/p>\n<p>Delta Airlines densifiera l\u2019an prochain son r\u00e9seau europ\u00e9en. La compagnie am\u00e9ricaine a annonc\u00e9 mercredi plusieurs nouveaut\u00e9s transatlantiques. Et l\u2019a\u00e9roport de Nice profitera de cette offensive europ\u00e9enne. A partir du 17 mai 2026, Delta Airlines inaugurera une nouvelle ligne directe entre Boston et Nice. Les deux a\u00e9roports seront reli\u00e9s trois fois par semaine, chaque mardi, jeudi et samedi.<\/p>\n<p><img loading=\"lazy\" decoding=\"async\" width=\"650\" height=\"366\" src=\"https:\/\/www.europesays.com\/fr\/wp-content\/uploads\/2025\/08\/delta-nice-boston.jpg\" alt=\"\" class=\"wp-image-206129\"  \/>Les A\u00e9roports de la C\u00f4te d\u2019Azur se pr\u00e9parent au lancement du vol Nice-Boston <\/p>\n<blockquote>\n<p>L\u2019ouverture de cette nouvelle ligne directe entre Nice et Boston par Delta s\u2019inscrit dans un partenariat de longue date entre notre a\u00e9roport et cette compagnie\u00a0<\/p>\n<p>Franck Goldnadel, pr\u00e9sident du directoire des A\u00e9roports de la C\u00f4te d\u2019Azur<\/p><\/blockquote>\n<p>Dans la foul\u00e9e de cette annonce, le <a href=\"https:\/\/www.voyages-d-affaires.com\/franck-goldnadel-aeroports-cote-dazur-2-20250402.html\" target=\"_blank\" rel=\"noreferrer noopener nofollow\">pr\u00e9sident du directoire des A\u00e9roports de la C\u00f4te d\u2019Azur<\/a> s\u2019est f\u00e9licit\u00e9 de cette nouvelle option pour les voyageurs d\u2019affaires et loisirs\u00a0: \u00ab L\u2019ouverture de cette nouvelle ligne directe entre Nice et Boston par Delta s\u2019inscrit dans un partenariat de longue date entre notre a\u00e9roport et cette compagnie\u00a0\u00bb, indique Franck Goldnadel. \u00ab\u00a0Delta a toujours jou\u00e9 un r\u00f4le pr\u00e9curseur et cl\u00e9 dans la connectivit\u00e9 de la C\u00f4te d\u2019Azur avec les Etats Unis et cette destination vient renforcer non seulement les 6 lignes directes d\u00e9j\u00e0 existantes vers les Etats Unis, mais aussi les liens \u00e9conomiques, touristique et culturels qui nous unissent\u00a0\u00bb.<\/p>\n<p>Nice n\u2019est pas le seul a\u00e9roport europ\u00e9en \u00e0 profiter de cette offensive transatlantique\u00a0depuis Boston : Delta se pr\u00e9pare aussi \u00e0 lancer un nouveau vol vers Madrid, \u00e0 compter du 16 mai prochain. Paul Baldoni, vice-pr\u00e9sident senior de la planification du r\u00e9seau, t\u00e9moigne\u00a0: \u00ab En tant que principale compagnie a\u00e9rienne de Boston, Delta joue un r\u00f4le essentiel dans la connexion de la ville au reste du monde. En ajoutant des vols sans escale vers Madrid et Nice, nous renfor\u00e7ons notre r\u00e9seau europ\u00e9en et poursuivons notre engagement \u00e0 offrir une exp\u00e9rience de voyage exceptionnelle du d\u00e9but \u00e0 la fin \u00bb.<\/p>\n<p>Florian Guillemin<\/p>\n","protected":false},"excerpt":{"rendered":"A\u00e9roport de Nice (photo Luc Citrinot) Delta Airlines densifiera l\u2019an prochain son r\u00e9seau europ\u00e9en. La compagnie am\u00e9ricaine a&hellip;\n","protected":false},"author":2,"featured_media":349595,"comment_status":"","ping_status":"","sticky":false,"template":"","format":"standard","meta":{"footnotes":""},"categories":[2819],"tags":[1111,11,1777,674,1011,27,12,2401,882,25],"class_list":{"0":"post-349594","1":"post","2":"type-post","3":"status-publish","4":"format-standard","5":"has-post-thumbnail","7":"category-nice","8":"tag-actu","9":"tag-actualites","10":"tag-eu","11":"tag-europe","12":"tag-fr","13":"tag-france","14":"tag-news","15":"tag-nice","16":"tag-provence-alpes-cote-dazur","17":"tag-republique-francaise"},"share_on_mastodon":{"url":"https:\/\/pubeurope.com\/@fr\/115105467305085272","error":""},"_links":{"self":[{"href":"https:\/\/www.europesays.com\/fr\/wp-json\/wp\/v2\/posts\/349594","targetHints":{"allow":["GET"]}}],"collection":[{"href":"https:\/\/www.europesays.com\/fr\/wp-json\/wp\/v2\/posts"}],"about":[{"href":"https:\/\/www.europesays.com\/fr\/wp-json\/wp\/v2\/types\/post"}],"author":[{"embeddable":true,"href":"https:\/\/www.europesays.com\/fr\/wp-json\/wp\/v2\/users\/2"}],"replies":[{"embeddable":true,"href":"https:\/\/www.europesays.com\/fr\/wp-json\/wp\/v2\/comments?post=349594"}],"version-history":[{"count":0,"href":"https:\/\/www.europesays.com\/fr\/wp-json\/wp\/v2\/posts\/349594\/revisions"}],"wp:featuredmedia":[{"embeddable":true,"href":"https:\/\/www.europesays.com\/fr\/wp-json\/wp\/v2\/media\/349595"}],"wp:attachment":[{"href":"https:\/\/www.europesays.com\/fr\/wp-json\/wp\/v2\/media?parent=349594"}],"wp:term":[{"taxonomy":"category","embeddable":true,"href":"https:\/\/www.europesays.com\/fr\/wp-json\/wp\/v2\/categories?post=349594"},{"taxonomy":"post_tag","embeddable":true,"href":"https:\/\/www.europesays.com\/fr\/wp-json\/wp\/v2\/tags?post=349594"}],"curies":[{"name":"wp","href":"https:\/\/api.w.org\/{rel}","templated":true}]}}