{"id":349607,"date":"2025-08-28T08:40:10","date_gmt":"2025-08-28T08:40:10","guid":{"rendered":"https:\/\/www.europesays.com\/fr\/349607\/"},"modified":"2025-08-28T08:40:10","modified_gmt":"2025-08-28T08:40:10","slug":"dou-viennent-les-500-tonnes-de-moules-qui-seront-mangees-sur-le-week-end","status":"publish","type":"post","link":"https:\/\/www.europesays.com\/fr\/349607\/","title":{"rendered":"d&rsquo;o\u00f9 viennent les 500 tonnes de moules qui seront mang\u00e9es sur le week-end ?"},"content":{"rendered":"<p class=\"article__intro\">Star incontest\u00e9e de la braderie de Lille, elle se d\u00e9guste fa\u00e7on marini\u00e8re, \u00e0 la cr\u00e8me ou encore au Maroille. Elle, c&rsquo;est la moule. D&rsquo;o\u00f9 vient-elle ? Comment est-elle s\u00e9lectionn\u00e9e ? Mettez votre gilet de sauvetage, on vous emm\u00e8ne en bateau. Ce mollusque n&rsquo;aura plus de secret pour vous.<\/p>\n<p>\n      L\u2019actu des r\u00e9gions\n    <\/p>\n<p>\n      Chaque jour, un tour d\u2019horizon des principales infos de toutes les r\u00e9gions.\n    <\/p>\n<p>    France T\u00e9l\u00e9visions utilise votre adresse e-mail afin de vous envoyer la newsletter \u00ab\u00a0L\u2019actu des r\u00e9gions\u00a0\u00bb. Vous pouvez vous d\u00e9sinscrire \u00e0 tout moment via le lien en bas de cette newsletter. <a target=\"_blank\" href=\"https:\/\/www.francetelevisions.fr\/groupe\/confidentialite\/politique-de-confidentialite\/politique-de-confidentialite-de-france-televisions-6503\" rel=\"nofollow noopener\">Notre politique de confidentialit\u00e9<\/a><\/p>\n<p>De Bouchot, du Mont-Saint-Michel ? De Bouzigues o\u00f9 hollandaise, les moules seront m\u00e9ticuleusement s\u00e9lectionn\u00e9es, mais\u00a0d&rsquo;o\u00f9 proviennent les 500 tonnes qui seront vendues lors de la braderie 2025 ?<\/p>\n<p>Un pays entre terre et mer, c&rsquo;est ici, face \u00e0 l&rsquo;immense pont du Zeelandebrug (Pays-Bas), que ces mytiliculteurs jettent leurs filets.<\/p>\n<\/p>\n<p>Olivier Camelot, directeur commercial de la soci\u00e9t\u00e9 Delta Mossels pr\u00e9sent sur le bateau plante le d\u00e9cor : \u00ab\u00a0On est dans l&rsquo;ancien delta de l&rsquo;Escaut, en r\u00e9alit\u00e9, ici nous sommes dans l&rsquo;Escaut oriental. Nous avons gard\u00e9 le nom de l&rsquo;Escaut mais cela n&rsquo;a plus rien \u00e0 voir avec l&rsquo;Escaut du port d&rsquo;Anvers. L&rsquo;originalit\u00e9 de cette zone, c&rsquo;est que nous sommes class\u00e9s en zone A, donc le summum en qualit\u00e9 des eaux class\u00e9es en Europe\u00a0\u00bb. Et dans un \u00e9clat de rire : \u00ab\u00a0On peut presque la boire mais elle est tr\u00e8s sal\u00e9e.\u00a0\u00bb<\/p>\n<p>Dans cette mer int\u00e9rieure, les naissains de moule sont sem\u00e9s \u00e0 m\u00eame le fond, puis r\u00e9colt\u00e9s au filet apr\u00e8s dix-huit mois et plus. Olivier Camelot notre guide, travaille depuis plus de trente ans dans cette entreprise familiale. L&rsquo;un des plus gros mytiliculteurs de Hollande, jusqu&rsquo;\u00e0 10 000 tonnes par an.<\/p>\n<p>Une ressource parfaitement g\u00e9r\u00e9e pour une moule plus g\u00e9n\u00e9reuse que sa cousine fran\u00e7aise de Bouchot. Quels sont ces atouts ? \u00ab\u00a0C&rsquo;est une moule bien charnue avec un bon taux de chair et c&rsquo;est surtout une moule qui se marie bien avec les l\u00e9gumes de la marini\u00e8re,\u00a0\u00bb d\u00e9taille-t-il.<\/p>\n<p>La braderie de Lille marque le lancement de la saison fran\u00e7aise pour les mytiliculteurs de Zeeland. Au fil des ann\u00e9es, la production s&rsquo;est concentr\u00e9e entre les mains de cinq soci\u00e9t\u00e9s, toutes regroup\u00e9es dans le port d&rsquo;Yrsekeu.<\/p>\n<p>Une fois p\u00each\u00e9es, \u00ab\u00a0les moules sont arros\u00e9es d&rsquo;eau de mer pendant un minimum de huit heures et \u00e0 la fin, nous allons faire baisser le niveau d&rsquo;eau de mer et les moules par r\u00e9flexe, vont rejeter les \u00e9ventuels grains de sable qu&rsquo;elles contiennent encore.\u00a0\u00bb<\/p>\n<p><a data-article-figure=\"\" href=\"https:\/\/france3-regions.franceinfo.fr\/image\/np7rsNrlQqit8KS2SpC4xF1a_50\/4300x2868\/regions\/2023\/08\/30\/maxstockworld237471-64ef111067a97632228085.jpg\" data-pswp-width=\"4300\" data-pswp-height=\"2868\" target=\"_blank\" rel=\"nofollow noopener\"><\/p>\n<p>          <img width=\"600\" height=\"400\" class=\"article-image lazy\" data-src=\"https:\/\/www.europesays.com\/fr\/wp-content\/uploads\/2025\/08\/maxstockworld237471-64ef111067a97632228085.jpg\" alt=\"500 tonnes de moules sont aval\u00e9es pendant le week-end de la Braderie.\" fetchpriority=\"high\" as=\"image\"\/><\/p>\n<p>\n            500 tonnes de moules sont aval\u00e9es pendant le week-end de la Braderie.<br \/>\n                           \u2022<br \/>\n                                      \u00a9 SYLVESTRE \/ MAXPPP\n                      <\/p>\n<p><\/a><\/p>\n<p>Commence alors un impressionnant parcours de nettoyage et de calibrage. Cinq tailles en tout, des plus grosses au plus petites, en fonction des march\u00e9s de consommateurs. \u00ab\u00a0On commence par la Gold puis la jumbo, l&rsquo;imp\u00e9riale, la super et l&rsquo;extra. Traditionnellement, les quatre plus gros calibres sont plut\u00f4t destin\u00e9s \u00e0 la Belgique et la plus petite pour la France\u00a0\u00bb. Cela s&rsquo;explique par le fait que : \u00ab\u00a0les Fran\u00e7ais sont plus habitu\u00e9s \u00e0 avoir dans leurs pays des moules plus petites et en plus de \u00e7a la plus petite est moins ch\u00e8re. Ce qui est un atout suppl\u00e9mentaire aux yeux des consommateurs fran\u00e7ais.\u00a0\u00bb\u00a0<\/p>\n<p>Comme tous les fruits de mer, les moules fra\u00eeches doivent \u00eatre consomm\u00e9es rapidement. Celles pour le week-end de la braderie ne sont pas encore p\u00each\u00e9es.<\/p>\n<blockquote class=\"ftvi_content_quote\">\n<p class=\"ftvi_citation_quote\">Pour la partie restaurant de la Braderie, on va p\u00eacher les moules jeudi 4 septembre. On va faire les premi\u00e8res livraisons vendredi \u00e0 6 heures du matin sur la Grand&rsquo; Place. Les camions viendront direcement de Hollande.<\/p>\n<p>Olivier Camelot<\/p>\n<p class=\"ftvi_citation_source\">Directeur commercial Deltat Mossels<\/p>\n<\/blockquote>\n<p>En tout, quelque cinq cents tonnes de moules vont rejoindre Lille et sa r\u00e9gion en l&rsquo;espace d&rsquo;un week-end.<\/p>\n<p>Les moules-frites et la Braderie, c\u2019est\u00a0une histoire finalement pas si vieille et surtout peu document\u00e9e. Dans\u00a0sa chanson sur la Braderie,\u00a0Alexandre Desrousseaux (1820-1892), le cr\u00e9ateur du\u00a0P\u2019tit Quinquin,<strong>\u00a0<\/strong>ne mentionne que les frites. Pour certains, la consommation de moules aurait commenc\u00e9 un peu par hasard, suite \u00e0 des \u00e9pid\u00e9mies touchant les volailles traditionnellement consomm\u00e9es \u00e0 la Braderie (braaden, viandes r\u00f4ties en flamand).\u00a0<\/p>\n<p><strong>Premi\u00e8re publication le 30 ao\u00fbt 2023 &#8211; mis \u00e0 jour le 27 ao\u00fbt 2025<\/strong><\/p>\n<p>                    Braderie de Lille 2025<\/p>\n<p>                        Du 6 septembre<br \/>\n                        au 7 septembre 2025<\/p>\n<p>Un \u00e9v\u00e9nement organis\u00e9 le week-end du 6 et 7 septembre 2025 dans la capitale des Flandres, \u00e0 Lille et totalisant pr\u00e8s de 80 km d&rsquo;\u00e9tals, c&rsquo;est tout simplement la plus grande braderie d&rsquo;Europe. Chineurs, brocanteurs et visiteurs du Nord, de Belgique et d&rsquo;ailleurs seront \u00e0 l&rsquo;affut de bonnes affaires dans ce bric-\u00e0-brac grandeur XXL, \u00e0 la rencontre des brocanteurs, sans oublier l&rsquo;immanquable moules frites toujours au rendez-vous. Photo : Sebastien Courdji \/ Xinhua News Agency\/Newscom\/MaxPPP<\/p>\n<p>                voir plus<\/p>\n<p>\n                Lieu de l\u2019\u00e9v\u00e9nement:<br \/>\n                Lille\n            <\/p>\n<p>\t\t\t\t\t\t\t\t\t\t\t\t\t\t\t\t\t\t\t\t\t\t\t\t\t<a class=\"btn btn--primary btn--large event_redirect btn--on-white\" href=\"https:\/\/france3-regions.franceinfo.fr\/sorties-loisirs\/evenements\/fetes-locales\/braderie-lille\" aria-label=\"Braderie de Lille 2025. Voir la page de l\u2019\u00e9v\u00e9nement\" rel=\"nofollow noopener\" target=\"_blank\"><\/p>\n<p>              Voir la page de l\u2019\u00e9v\u00e9nement<\/p>\n<p>\t<\/a><\/p>\n","protected":false},"excerpt":{"rendered":"Star incontest\u00e9e de la braderie de Lille, elle se d\u00e9guste fa\u00e7on marini\u00e8re, \u00e0 la cr\u00e8me ou encore au&hellip;\n","protected":false},"author":2,"featured_media":349608,"comment_status":"","ping_status":"","sticky":false,"template":"","format":"standard","meta":{"footnotes":""},"categories":[2815],"tags":[1111,11,1777,674,1011,27,811,1307,12,25],"class_list":{"0":"post-349607","1":"post","2":"type-post","3":"status-publish","4":"format-standard","5":"has-post-thumbnail","7":"category-lille","8":"tag-actu","9":"tag-actualites","10":"tag-eu","11":"tag-europe","12":"tag-fr","13":"tag-france","14":"tag-hauts-de-france","15":"tag-lille","16":"tag-news","17":"tag-republique-francaise"},"share_on_mastodon":{"url":"https:\/\/pubeurope.com\/@fr\/115105498650596130","error":""},"_links":{"self":[{"href":"https:\/\/www.europesays.com\/fr\/wp-json\/wp\/v2\/posts\/349607","targetHints":{"allow":["GET"]}}],"collection":[{"href":"https:\/\/www.europesays.com\/fr\/wp-json\/wp\/v2\/posts"}],"about":[{"href":"https:\/\/www.europesays.com\/fr\/wp-json\/wp\/v2\/types\/post"}],"author":[{"embeddable":true,"href":"https:\/\/www.europesays.com\/fr\/wp-json\/wp\/v2\/users\/2"}],"replies":[{"embeddable":true,"href":"https:\/\/www.europesays.com\/fr\/wp-json\/wp\/v2\/comments?post=349607"}],"version-history":[{"count":0,"href":"https:\/\/www.europesays.com\/fr\/wp-json\/wp\/v2\/posts\/349607\/revisions"}],"wp:featuredmedia":[{"embeddable":true,"href":"https:\/\/www.europesays.com\/fr\/wp-json\/wp\/v2\/media\/349608"}],"wp:attachment":[{"href":"https:\/\/www.europesays.com\/fr\/wp-json\/wp\/v2\/media?parent=349607"}],"wp:term":[{"taxonomy":"category","embeddable":true,"href":"https:\/\/www.europesays.com\/fr\/wp-json\/wp\/v2\/categories?post=349607"},{"taxonomy":"post_tag","embeddable":true,"href":"https:\/\/www.europesays.com\/fr\/wp-json\/wp\/v2\/tags?post=349607"}],"curies":[{"name":"wp","href":"https:\/\/api.w.org\/{rel}","templated":true}]}}