{"id":34961,"date":"2025-04-18T21:38:09","date_gmt":"2025-04-18T21:38:09","guid":{"rendered":"https:\/\/www.europesays.com\/fr\/34961\/"},"modified":"2025-04-18T21:38:09","modified_gmt":"2025-04-18T21:38:09","slug":"un-medecin-accuse-du-meurtre-dau-moins-15-patients-2","status":"publish","type":"post","link":"https:\/\/www.europesays.com\/fr\/34961\/","title":{"rendered":"un m\u00e9decin accus\u00e9 du meurtre d&rsquo;au moins 15 patients"},"content":{"rendered":"<p><img decoding=\"async\" class=\"caas-img caas-lazy has-preview\" src=\"https:\/\/www.europesays.com\/fr\/wp-content\/uploads\/2025\/04\/c1cbac8a0d2f0fc5781ba6c0bae1cf6d.jpeg\"\/><\/p>\n<p>Une sordide affaire. <a data-i13n=\"cpos:1;pos:1\" href=\"https:\/\/fr.news.yahoo.com\/allemagne-chasse-%C3%A0-lhomme-cours-145254233.html\" data-ylk=\"slk:En Allemagne;cpos:1;pos:1;elm:context_link;itc:0;sec:content-canvas;outcm:mb_qualified_link;_E:mb_qualified_link;ct:story;\" class=\"link  yahoo-link\" rel=\"nofollow noopener\" target=\"_blank\">En Allemagne<\/a>, un m\u00e9decin qui exer\u00e7ait au sein d&rsquo;une \u00e9quipe de soins palliatifs est accus\u00e9 par le parquet de Berlin d&rsquo;avoir tu\u00e9 15 de ses patients. Le procureur affirme <a data-i13n=\"cpos:2;pos:1\" href=\"https:\/\/www.berlin.de\/generalstaatsanwaltschaft\/presse\/pressemitteilungen\/2025\/pressemitteilung.1552288.php\" rel=\"nofollow noopener\" target=\"_blank\" data-ylk=\"slk:dans un communiqu\u00e9;cpos:2;pos:1;elm:context_link;itc:0;sec:content-canvas\" class=\"link \">dans un communiqu\u00e9<\/a> ce mercredi 16 avril avoir port\u00e9 plainte pour 15 cas de meurtres \u00ab\u00a0avec intention malveillante et autres motifs vils\u00a0\u00bb.<\/p>\n<p>Pour commettre ces crimes, le professionel de sant\u00e9 aurait administr\u00e9 \u00e0 ses victimes un cocktail de m\u00e9dicaments, \u00ab\u00a0un inducteur anesth\u00e9sique puis un relaxant musculaire\u00a0\u00bb \u00ab\u00a0sans indication m\u00e9dicale et \u00e0 leur insu ou sans leur consentement\u00a0\u00bb, pr\u00e9cise le parquet dans un communiqu\u00e9.<\/p>\n<p>Ces m\u00e9dicaments auraient \u00ab\u00a0entra\u00een\u00e9 une paralysie des muscles respiratoires et donc un arr\u00eat respiratoire et la mort en quelques minutes\u00a0\u00bb.<\/p>\n<p>Les meurtres se sont d\u00e9roul\u00e9s entre septembre 2021 et juillet 2024 dans plusieurs \u00e9tats allemands. 12 femmes ont \u00e9t\u00e9 tu\u00e9es et trois hommes. La plus jeune personne avait 25 ans et la plus vieille 94 ans. Il est accus\u00e9 d&rsquo;avoir tu\u00e9 deux personnes, le m\u00eame jour le 8 juillet 2024: un homme de 75 ans dans son appartement dans un quartier du centre de Berlin et \u00ab\u00a0quelques heures plus tard\u00a0\u00bb, une femme de 76 ans dans un quartier voisin.<\/p>\n<p>Le domicile de certaines victimes incendi\u00e9es<\/p>\n<p>Selon l&rsquo;acte d&rsquo;accusation, le m\u00e9decin \u00e2g\u00e9 de 40 ans aurait de plus mis le feu \u00e0 l&rsquo;appartement de quatre de ses victimes apr\u00e8s les avoir tu\u00e9es. Il \u00ab\u00a0est accus\u00e9 d&rsquo;avoir incendi\u00e9 leurs domiciles afin de dissimuler ces meurtres\u00a0\u00bb, assure le procureur.<\/p>\n<p>Ce sont ces incendies qui ont mis les forces de l&rsquo;ordre sur la piste. Le m\u00e9decin a \u00e9t\u00e9 arr\u00eat\u00e9 en ao\u00fbt 2024 pour quatre meurtres sur des patients. Mais l&rsquo;enqu\u00eate a r\u00e9v\u00e9l\u00e9 l&rsquo;ampleur de l&rsquo;affaire, et d&rsquo;autres crimes pourraient encore \u00eatre d\u00e9couverts. 75 cas sont encore en train d&rsquo;\u00eatre examin\u00e9s et cinq autres exhumations sont pr\u00e9vues.<\/p>\n<p>En d\u00e9tention depuis ao\u00fbt 2024, il ne s&rsquo;est pas encore exprim\u00e9 sur les faits qui lui sont reproch\u00e9s, selon le parquet de Berlin.<\/p>\n<p>\u00ab\u00a0Le minist\u00e8re public ne cherche pas seulement \u00e0 obtenir une condamnation et une d\u00e9termination de la gravit\u00e9 particuli\u00e8re de la faute, mais \u00e9galement \u00e0 prononcer une interdiction professionnelle \u00e0 vie et une d\u00e9tention pr\u00e9ventive ult\u00e9rieure\u00a0\u00bb, est-il pr\u00e9cis\u00e9.<\/p>\n<p><a data-i13n=\"cpos:3;pos:1\" href=\"https:\/\/www.bfmtv.com\/international\/europe\/allemagne\/allemagne-un-medecin-accuse-du-meurtre-d-au-moins-15-patients_AN-202504180680.html#xtor=AL-68\" rel=\"nofollow noopener\" target=\"_blank\" data-ylk=\"slk:Article original publi\u00e9 sur BFMTV.com;cpos:3;pos:1;elm:context_link;itc:0;sec:content-canvas\" class=\"link \">Article original publi\u00e9 sur BFMTV.com<\/a><\/p>\n","protected":false},"excerpt":{"rendered":"Une sordide affaire. En Allemagne, un m\u00e9decin qui exer\u00e7ait au sein d&rsquo;une \u00e9quipe de soins palliatifs est accus\u00e9&hellip;\n","protected":false},"author":2,"featured_media":34962,"comment_status":"","ping_status":"","sticky":false,"template":"","format":"standard","meta":{"footnotes":""},"categories":[1587],"tags":[10983,11,672,1804,1805,11370,1803,1777,674,3160,1801,6339,12,1802],"class_list":{"0":"post-34961","1":"post","2":"type-post","3":"status-publish","4":"format-standard","5":"has-post-thumbnail","7":"category-allemagne","8":"tag-accuse","9":"tag-actualites","10":"tag-allemagne","11":"tag-bundesrepublik-deutschland","12":"tag-de","13":"tag-detention-preventive","14":"tag-deutschland","15":"tag-eu","16":"tag-europe","17":"tag-forces-de-lordre","18":"tag-germany","19":"tag-medecin","20":"tag-news","21":"tag-republique-federale-dallemagne"},"share_on_mastodon":{"url":"https:\/\/pubeurope.com\/@fr\/114361132958597162","error":""},"_links":{"self":[{"href":"https:\/\/www.europesays.com\/fr\/wp-json\/wp\/v2\/posts\/34961","targetHints":{"allow":["GET"]}}],"collection":[{"href":"https:\/\/www.europesays.com\/fr\/wp-json\/wp\/v2\/posts"}],"about":[{"href":"https:\/\/www.europesays.com\/fr\/wp-json\/wp\/v2\/types\/post"}],"author":[{"embeddable":true,"href":"https:\/\/www.europesays.com\/fr\/wp-json\/wp\/v2\/users\/2"}],"replies":[{"embeddable":true,"href":"https:\/\/www.europesays.com\/fr\/wp-json\/wp\/v2\/comments?post=34961"}],"version-history":[{"count":0,"href":"https:\/\/www.europesays.com\/fr\/wp-json\/wp\/v2\/posts\/34961\/revisions"}],"wp:featuredmedia":[{"embeddable":true,"href":"https:\/\/www.europesays.com\/fr\/wp-json\/wp\/v2\/media\/34962"}],"wp:attachment":[{"href":"https:\/\/www.europesays.com\/fr\/wp-json\/wp\/v2\/media?parent=34961"}],"wp:term":[{"taxonomy":"category","embeddable":true,"href":"https:\/\/www.europesays.com\/fr\/wp-json\/wp\/v2\/categories?post=34961"},{"taxonomy":"post_tag","embeddable":true,"href":"https:\/\/www.europesays.com\/fr\/wp-json\/wp\/v2\/tags?post=34961"}],"curies":[{"name":"wp","href":"https:\/\/api.w.org\/{rel}","templated":true}]}}