{"id":349613,"date":"2025-08-28T08:43:09","date_gmt":"2025-08-28T08:43:09","guid":{"rendered":"https:\/\/www.europesays.com\/fr\/349613\/"},"modified":"2025-08-28T08:43:09","modified_gmt":"2025-08-28T08:43:09","slug":"une-jeune-femme-retrouvee-morte-seule-dans-son-appartement","status":"publish","type":"post","link":"https:\/\/www.europesays.com\/fr\/349613\/","title":{"rendered":"une jeune femme retrouv\u00e9e morte seule dans son appartement"},"content":{"rendered":"<p itemprop=\"description\"><strong>Le corps a \u00e9t\u00e9 d\u00e9couvert dans un appartement \u00e0 Sathonay-Camp au nord de Lyon.<\/strong><\/p>\n<p>Ce dimanche 24 ao\u00fbt, vers 17h, une jeune femme, \u00e2g\u00e9e de 25 ans, a \u00e9t\u00e9 retrouv\u00e9e morte dans son domicile par un ami \u00e0 elle qui s\u2019inqui\u00e9tait de ne pas recevoir de nouvelles depuis quelques temps. Ce dernier a pu entrer sans forcer dans son appartement, situ\u00e9 sur l\u2019avenue de P\u00e9rouges \u00e0 Sathonay-Camp.<\/p>\n<p>Contact\u00e9 par le t\u00e9moin, le Samu est rapidement intervenu pour effectuer les premi\u00e8res constatations \u00e0 l\u2019aide de la gendarmerie. Le d\u00e9c\u00e8s a \u00e9t\u00e9 consid\u00e9r\u00e9 comme suspect en raison du jeune \u00e2ge de la victime. Pour le moment, l\u2019hypoth\u00e8se pencherait vers une mort suite \u00e0 une crise d\u2019\u00e9pilepsie.<\/p>\n<p>Une autopsie m\u00e9dico-l\u00e9gale doit d\u00e9sormais \u00eatre effectu\u00e9e.<\/p>\n","protected":false},"excerpt":{"rendered":"Le corps a \u00e9t\u00e9 d\u00e9couvert dans un appartement \u00e0 Sathonay-Camp au nord de Lyon. Ce dimanche 24 ao\u00fbt,&hellip;\n","protected":false},"author":2,"featured_media":349614,"comment_status":"","ping_status":"","sticky":false,"template":"","format":"standard","meta":{"footnotes":""},"categories":[1889],"tags":[1111,11,2813,2190,2430,1109,251,1112,2811,1777,674,118,1011,27,1922,1110,1114,2428,2810,12,241,316,25,2812,517,800],"class_list":{"0":"post-349613","1":"post","2":"type-post","3":"status-publish","4":"format-standard","5":"has-post-thumbnail","7":"category-lyon","8":"tag-actu","9":"tag-actualites","10":"tag-article","11":"tag-asvel","12":"tag-auvergne-rhone-alpes","13":"tag-breves","14":"tag-culture","15":"tag-depeches","16":"tag-economique","17":"tag-eu","18":"tag-europe","19":"tag-faits-divers","20":"tag-fr","21":"tag-france","22":"tag-info","23":"tag-informations","24":"tag-infos","25":"tag-lyon","26":"tag-lyonmag","27":"tag-news","28":"tag-ol","29":"tag-politique","30":"tag-republique-francaise","31":"tag-sociale","32":"tag-sport","33":"tag-transports"},"share_on_mastodon":{"url":"https:\/\/pubeurope.com\/@fr\/115105510549235523","error":""},"_links":{"self":[{"href":"https:\/\/www.europesays.com\/fr\/wp-json\/wp\/v2\/posts\/349613","targetHints":{"allow":["GET"]}}],"collection":[{"href":"https:\/\/www.europesays.com\/fr\/wp-json\/wp\/v2\/posts"}],"about":[{"href":"https:\/\/www.europesays.com\/fr\/wp-json\/wp\/v2\/types\/post"}],"author":[{"embeddable":true,"href":"https:\/\/www.europesays.com\/fr\/wp-json\/wp\/v2\/users\/2"}],"replies":[{"embeddable":true,"href":"https:\/\/www.europesays.com\/fr\/wp-json\/wp\/v2\/comments?post=349613"}],"version-history":[{"count":0,"href":"https:\/\/www.europesays.com\/fr\/wp-json\/wp\/v2\/posts\/349613\/revisions"}],"wp:featuredmedia":[{"embeddable":true,"href":"https:\/\/www.europesays.com\/fr\/wp-json\/wp\/v2\/media\/349614"}],"wp:attachment":[{"href":"https:\/\/www.europesays.com\/fr\/wp-json\/wp\/v2\/media?parent=349613"}],"wp:term":[{"taxonomy":"category","embeddable":true,"href":"https:\/\/www.europesays.com\/fr\/wp-json\/wp\/v2\/categories?post=349613"},{"taxonomy":"post_tag","embeddable":true,"href":"https:\/\/www.europesays.com\/fr\/wp-json\/wp\/v2\/tags?post=349613"}],"curies":[{"name":"wp","href":"https:\/\/api.w.org\/{rel}","templated":true}]}}