{"id":349615,"date":"2025-08-28T08:44:09","date_gmt":"2025-08-28T08:44:09","guid":{"rendered":"https:\/\/www.europesays.com\/fr\/349615\/"},"modified":"2025-08-28T08:44:09","modified_gmt":"2025-08-28T08:44:09","slug":"pres-de-lyon-le-chauffard-fait-nimporte-quoi-au-rond-point-les-habitants-lui-font-regretter","status":"publish","type":"post","link":"https:\/\/www.europesays.com\/fr\/349615\/","title":{"rendered":"Pr\u00e8s de Lyon. Le chauffard fait n&rsquo;importe quoi au rond-point, les habitants lui font regretter"},"content":{"rendered":"<p>            Par<br \/>\n        <strong><br \/>\n            <a href=\"https:\/\/actu.fr\/auteur\/julien-damboise\" title=\"Consulter tous les articles de Julien Damboise\" target=\"_blank\" rel=\"noopener\">Julien Damboise<\/a><br \/>\n        <\/strong><\/p>\n<p>        Publi\u00e9 le<\/p>\n<p>            28 ao\u00fbt 2025 \u00e0 10h23        <\/p>\n<p>Les <a href=\"https:\/\/actu.fr\/auvergne-rhone-alpes\/corbas_69273\/pres-de-lyon-le-conducteur-de-cette-puissante-mercedes-explose-le-radar-des-gendarmes-effarant_63081852.html\" target=\"_blank\" rel=\"noopener\">gendarmes<\/a> du Rh\u00f4ne ont derni\u00e8rement r\u00e9ussi \u00e0 remonter l\u2019un piste d\u2019un dangereux conducteur qui a r\u00e9alis\u00e9 un <strong>rod\u00e9o urbain<\/strong> sur la commune de Saint-Didier-au-Mont-d\u2019Or, pr\u00e8s de <a href=\"https:\/\/actu.fr\/auvergne-rhone-alpes\/lyon_69123\" target=\"_blank\" rel=\"noopener\">Lyon<\/a>. Les forces de l\u2019ordre <strong>f\u00e9licitent les habitants<\/strong> du secteur pour leur r\u00e9activit\u00e9.<\/p>\n<p>    <a href=\"https:\/\/www.google.com\/maps\/embed?pb=!1m18!1m12!1m3!1d47041.31919297593!2d4.7590196991401745!3d45.815910165835646!2m3!1f0!2f0!3f0!3m2!1i1024!2i768!4f13.1!3m3!1m2!1s0x47f494a69b68255f%3A0x408ab2ae4bb1d80!2s69370%20Saint-Didier-au-Mont-d%27Or!5e1!3m2!1sfr!2sfr!4v1756366320106!5m2!1sfr!2sfr\" title=\"Ouvrie le lien\" target=\"_blank\" rel=\"noopener\">Cliquez ici pour visualiser le contenu<\/a><\/p>\n<p>Un ph\u00e9nom\u00e8ne r\u00e9current<\/p>\n<p class=\" wall-content\">Selon les militaires, le secteur cossu de l\u2019ouest lyonnais a connu \u00ab\u00a0un <strong>ph\u00e9nom\u00e8ne r\u00e9current<\/strong> de comportements routiers inadapt\u00e9s\u00a0\u00bb, avec \u00e0 la cl\u00e9 <a href=\"https:\/\/actu.fr\/auvergne-rhone-alpes\/saint-didier-au-mont-d-or_69194\/pres-de-lyon-les-gendarmes-debarquent-pour-une-raison-bien-speciale-les-automobilistes-surpris_62811472.html\" target=\"_blank\" rel=\"noopener\">plusieurs op\u00e9rations<\/a> men\u00e9es afin d\u2019endiguer ce ph\u00e9nom\u00e8ne.<\/p>\n<p class=\" wall-content\">Et le samedi 16 ao\u00fbt 2025, au cours de la nuit, les gendarmes sont de nouveau appel\u00e9s par un habitant de la commune. Un \u00e9ni\u00e8me rod\u00e9o est en cours.<\/p>\n<p class=\" wall-content\">Le conducteur d\u2019une Opel rouge effectue des <strong>embard\u00e9es sur le rond-point<\/strong> du village, un axe tr\u00e8s fr\u00e9quent\u00e9 et toujours ouvert \u00e0 la circulation. Le comportement extr\u00eamement dangereux du chauffard occasionne aussi \u00ab\u00a0une r\u00e9elle g\u00eane \u00e0 l\u2019ensemble des habitants\u00a0\u00bb expliquent les militaires qui pointent le <strong>crissement des pneus<\/strong> et le vrombissement du moteur.<\/p>\n<p>Une intervention en deux temps<\/p>\n<p class=\" wall-content\">Une patrouille de <a href=\"https:\/\/actu.fr\/auvergne-rhone-alpes\/limonest_69116\" target=\"_blank\" rel=\"noopener\">Limonest<\/a>, commune limitrophe, est envoy\u00e9e en urgence sur place. Mais le temps d\u2019arriver, le fauteur de troubles a d\u00e9j\u00e0 pris la fuite. Une <strong>enqu\u00eate de flagrance<\/strong> est imm\u00e9diatement ouverte.\u00a0<\/p>\n<p class=\" wall-content\">Les investigations rapidement men\u00e9es, notamment gr\u00e2ce aux images de la <strong>vid\u00e9osurveillance<\/strong> de la commune, permettent d\u2019identifier le v\u00e9hicule puis remonter jusqu\u2019au conducteur.<\/p>\n<p>Votre r\u00e9gion, votre actu !<\/p>\n<p>Recevez chaque jour les infos qui comptent pour vous.<\/p>\n<p>\t<a href=\"https:\/\/actu.fr\/newsletter\" class=\"ac-btn ac-btn--corner ac-btn--medium ac-btn--blue800\" target=\"_blank\" rel=\"noopener\">S&rsquo;incrire<\/a><\/p>\n<p class=\" wall-content\">Ce dernier est <strong>interpell\u00e9 le jour-m\u00eame<\/strong> pour \u00eatre plac\u00e9 en garde \u00e0 vue. Son v\u00e9hicule termine sur une d\u00e9panneuse, direction la fourri\u00e8re. L\u2019homme a reconnu les faits durant son audition, il est d\u00e9sormais attendu devant la justice.<\/p>\n<p class=\" wall-content\">Les gendarmes du Rh\u00f4ne <strong>f\u00e9licitent<\/strong> les habitants du secteur : \u00ab\u00a0Gr\u00e2ce \u00e0 eux, nous avons pu mettre fin aux agissements de ce jeune conducteur imprudent.\u00a0\u00bb<\/p>\n<p class=\" wall-content\">Personnalisez votre actualit\u00e9 en ajoutant vos villes et m\u00e9dias en favori avec <a href=\"https:\/\/moncompte.actu.fr\" title=\"D\u00e9couvez Mon Actu\" rel=\"nofollow noopener\" data-trk=\"{&quot;cta&quot;:{&quot;action&quot;:&quot;https:\\\/\\\/moncompte.actu.fr&quot;,&quot;category&quot;:&quot;mon compte&quot;,&quot;from&quot;:&quot;article footer&quot;,&quot;name&quot;:&quot;Mon actu&quot;,&quot;type&quot;:&quot;cta&quot;}}\" target=\"_blank\">Mon Actu<\/a>.<\/p>\n","protected":false},"excerpt":{"rendered":"Par Julien Damboise Publi\u00e9 le 28 ao\u00fbt 2025 \u00e0 10h23 Les gendarmes du Rh\u00f4ne ont derni\u00e8rement r\u00e9ussi \u00e0&hellip;\n","protected":false},"author":2,"featured_media":349616,"comment_status":"","ping_status":"","sticky":false,"template":"","format":"standard","meta":{"footnotes":""},"categories":[1889],"tags":[1111,11,646,2430,1777,674,118,1011,27,3381,2428,12,25,5575],"class_list":{"0":"post-349615","1":"post","2":"type-post","3":"status-publish","4":"format-standard","5":"has-post-thumbnail","7":"category-lyon","8":"tag-actu","9":"tag-actualites","10":"tag-automobile","11":"tag-auvergne-rhone-alpes","12":"tag-eu","13":"tag-europe","14":"tag-faits-divers","15":"tag-fr","16":"tag-france","17":"tag-gendarmerie","18":"tag-lyon","19":"tag-news","20":"tag-republique-francaise","21":"tag-rodeos-urbains"},"share_on_mastodon":{"url":"https:\/\/pubeurope.com\/@fr\/115105514446854256","error":""},"_links":{"self":[{"href":"https:\/\/www.europesays.com\/fr\/wp-json\/wp\/v2\/posts\/349615","targetHints":{"allow":["GET"]}}],"collection":[{"href":"https:\/\/www.europesays.com\/fr\/wp-json\/wp\/v2\/posts"}],"about":[{"href":"https:\/\/www.europesays.com\/fr\/wp-json\/wp\/v2\/types\/post"}],"author":[{"embeddable":true,"href":"https:\/\/www.europesays.com\/fr\/wp-json\/wp\/v2\/users\/2"}],"replies":[{"embeddable":true,"href":"https:\/\/www.europesays.com\/fr\/wp-json\/wp\/v2\/comments?post=349615"}],"version-history":[{"count":0,"href":"https:\/\/www.europesays.com\/fr\/wp-json\/wp\/v2\/posts\/349615\/revisions"}],"wp:featuredmedia":[{"embeddable":true,"href":"https:\/\/www.europesays.com\/fr\/wp-json\/wp\/v2\/media\/349616"}],"wp:attachment":[{"href":"https:\/\/www.europesays.com\/fr\/wp-json\/wp\/v2\/media?parent=349615"}],"wp:term":[{"taxonomy":"category","embeddable":true,"href":"https:\/\/www.europesays.com\/fr\/wp-json\/wp\/v2\/categories?post=349615"},{"taxonomy":"post_tag","embeddable":true,"href":"https:\/\/www.europesays.com\/fr\/wp-json\/wp\/v2\/tags?post=349615"}],"curies":[{"name":"wp","href":"https:\/\/api.w.org\/{rel}","templated":true}]}}