{"id":349631,"date":"2025-08-28T08:52:10","date_gmt":"2025-08-28T08:52:10","guid":{"rendered":"https:\/\/www.europesays.com\/fr\/349631\/"},"modified":"2025-08-28T08:52:10","modified_gmt":"2025-08-28T08:52:10","slug":"une-attaque-de-drones-et-de-missiles-fait-14-morts-en-ukraine","status":"publish","type":"post","link":"https:\/\/www.europesays.com\/fr\/349631\/","title":{"rendered":"Une attaque de drones et de missiles fait 14 morts en Ukraine"},"content":{"rendered":"<p>L\u2019Ukraine a lanc\u00e9 une s\u00e9rie d\u2019attaques aux drones sur le territoire russe dimanche, jour o\u00f9 elle c\u00e9l\u00e8bre ses 34 ans d&rsquo;ind\u00e9pendance, provoquant des incendies dans une centrale nucl\u00e9aire et un terminal p\u00e9trolier.<\/p>\n<p>Alors que la perspective d\u2019une rencontre entre Poutine et Zelensky s\u2019\u00e9loigne, les autorit\u00e9s russes ont indiqu\u00e9 dans la nuit avoir intercept\u00e9 des drones ukrainiens dans des r\u00e9gions parfois loin du front comme celle de Saint-P\u00e9tersbourg.<\/p>\n<p>Abattu peu apr\u00e8s minuit par la d\u00e9fense russe, l\u2019un de ces engins \u00aba explos\u00e9 et endommag\u00e9 un transformateur auxiliaire\u00bb sur le terrain de la centrale nucl\u00e9aire situ\u00e9e dans la r\u00e9gion russe de Koursk. \u00abL\u2019incendie a \u00e9t\u00e9 \u00e9teint\u00bb, a ajout\u00e9 son op\u00e9rateur, pr\u00e9cisant qu\u2019il n\u2019y avait aucune victime mais que le fonctionnement d\u2019un r\u00e9acteur avait \u00e9t\u00e9 r\u00e9duit. \u00abLe niveau de radiation sur le site industriel de la centrale nucl\u00e9aire de Koursk et dans les environs n\u2019a pas chang\u00e9 et correspond aux niveaux normaux\u00bb.<\/p>\n<p>L&rsquo;Agence internationale de l\u2019\u00e9nergie atomique met en garde contre le risque d\u2019une catastrophe, notamment \u00e0 la centrale nucl\u00e9aire de Zaporijjia dans le sud de l\u2019Ukraine, occup\u00e9e depuis mars 2022 par la Russie.<\/p>\n<p>Sur la c\u00f4te de la Baltique, l\u2019interception de 10 drones sur le port d\u2019Oust-Louga a provoqu\u00e9 un incendie dans un terminal p\u00e9trolier\u00a0du groupe russe Novatek. \u00abLes pompiers et le minist\u00e8re des Situations d\u2019urgence sont \u00e0 l\u2019oeuvre pour l\u2019\u00e9teindre\u00bb, a ajout\u00e9 le gouverneur Alexandre Drozdenko.<\/p>\n<p>Ces attaques ont \u00e9t\u00e9 mises en cause dans la flamb\u00e9e des prix des carburants en Russie, qui ont atteint des records malgr\u00e9 la suspension des exportations d\u2019essence d\u00e9cr\u00e9t\u00e9e par le gouvernement.<\/p>\n<p>Alors que l\u2019Ukraine est quotidiennement bombard\u00e9e, une femme de 47 ans est morte dimanche matin dans une frappe de drone russe dans la r\u00e9gion de Dnipropetrovsk, selon le gouverneur r\u00e9gional.<\/p>\n","protected":false},"excerpt":{"rendered":"L\u2019Ukraine a lanc\u00e9 une s\u00e9rie d\u2019attaques aux drones sur le territoire russe dimanche, jour o\u00f9 elle c\u00e9l\u00e8bre ses&hellip;\n","protected":false},"author":2,"featured_media":349632,"comment_status":"","ping_status":"","sticky":false,"template":"","format":"standard","meta":{"footnotes":""},"categories":[1590],"tags":[11,1777,674,12,220],"class_list":{"0":"post-349631","1":"post","2":"type-post","3":"status-publish","4":"format-standard","5":"has-post-thumbnail","7":"category-ukraine","8":"tag-actualites","9":"tag-eu","10":"tag-europe","11":"tag-news","12":"tag-ukraine"},"share_on_mastodon":{"url":"https:\/\/pubeurope.com\/@fr\/115105545905384938","error":""},"_links":{"self":[{"href":"https:\/\/www.europesays.com\/fr\/wp-json\/wp\/v2\/posts\/349631","targetHints":{"allow":["GET"]}}],"collection":[{"href":"https:\/\/www.europesays.com\/fr\/wp-json\/wp\/v2\/posts"}],"about":[{"href":"https:\/\/www.europesays.com\/fr\/wp-json\/wp\/v2\/types\/post"}],"author":[{"embeddable":true,"href":"https:\/\/www.europesays.com\/fr\/wp-json\/wp\/v2\/users\/2"}],"replies":[{"embeddable":true,"href":"https:\/\/www.europesays.com\/fr\/wp-json\/wp\/v2\/comments?post=349631"}],"version-history":[{"count":0,"href":"https:\/\/www.europesays.com\/fr\/wp-json\/wp\/v2\/posts\/349631\/revisions"}],"wp:featuredmedia":[{"embeddable":true,"href":"https:\/\/www.europesays.com\/fr\/wp-json\/wp\/v2\/media\/349632"}],"wp:attachment":[{"href":"https:\/\/www.europesays.com\/fr\/wp-json\/wp\/v2\/media?parent=349631"}],"wp:term":[{"taxonomy":"category","embeddable":true,"href":"https:\/\/www.europesays.com\/fr\/wp-json\/wp\/v2\/categories?post=349631"},{"taxonomy":"post_tag","embeddable":true,"href":"https:\/\/www.europesays.com\/fr\/wp-json\/wp\/v2\/tags?post=349631"}],"curies":[{"name":"wp","href":"https:\/\/api.w.org\/{rel}","templated":true}]}}