{"id":349637,"date":"2025-08-28T08:55:12","date_gmt":"2025-08-28T08:55:12","guid":{"rendered":"https:\/\/www.europesays.com\/fr\/349637\/"},"modified":"2025-08-28T08:55:12","modified_gmt":"2025-08-28T08:55:12","slug":"peter-altmaier-en-2015-lallemagne-a-fait-la-preuve-de-son-humanite-et-de-sa-capacite-daider-les-refugies-syriens","status":"publish","type":"post","link":"https:\/\/www.europesays.com\/fr\/349637\/","title":{"rendered":"Peter Altmaier: \u00abEn 2015, l&rsquo;Allemagne a fait la preuve de son humanit\u00e9 et de sa capacit\u00e9 d&rsquo;aider\u00bb les r\u00e9fugi\u00e9s syriens"},"content":{"rendered":"<p class=\"t-content__chapo\">\n                                                Peter Altmaier, ancien chef de la Chancellerie f\u00e9d\u00e9rale, ex-ministre et coordinateur de la\u00a0cellule instaur\u00e9e au d\u00e9but de la crise migratoire, en 2015 est l&rsquo;invit\u00e9 de la matinale de RFI ce 28 ao\u00fbt. En ao\u00fbt 2015, l&rsquo;Allemagne ouvrait ses portes \u00e0 des dizaines de milliers de r\u00e9fugi\u00e9s syriens. Dix ans apr\u00e8s cette crise, celui qui a \u00e9t\u00e9 l&rsquo;un des plus proches conseillers de la chanceli\u00e8re Merkel tire le bilan.                    <\/p>\n<p><img decoding=\"async\" fetchpriority=\"low\" src=\"https:\/\/www.europesays.com\/fr\/wp-content\/uploads\/2025\/08\/Peter-Altmaier.jpg\"   width=\"1024\" height=\"576\" alt=\"Peter Altmaier, ancien chef de la Chancellerie f\u00e9d\u00e9rale allemande, ex-ministre.\" loading=\"eager\" class=\"a-img \"\/><\/p>\n<p>                Peter Altmaier, ancien chef de la Chancellerie f\u00e9d\u00e9rale allemande, ex-ministre.                \u00a9 Wikimedia Commons.org            <\/p>\n<p class=\"a-read-more\">\u00c0 lire aussi<a target=\"_self\" href=\"https:\/\/www.rfi.fr\/fr\/podcasts\/reportage-international\/20211121-l-int\u00e9gration-des-r\u00e9fugi\u00e9s-en-allemagne\" class=\"a-read-more__link\" rel=\"noopener\">L&rsquo;int\u00e9gration des r\u00e9fugi\u00e9s en Allemagne<\/a><\/p>\n","protected":false},"excerpt":{"rendered":"Peter Altmaier, ancien chef de la Chancellerie f\u00e9d\u00e9rale, ex-ministre et coordinateur de la\u00a0cellule instaur\u00e9e au d\u00e9but de la&hellip;\n","protected":false},"author":2,"featured_media":349638,"comment_status":"","ping_status":"","sticky":false,"template":"","format":"standard","meta":{"footnotes":""},"categories":[1587],"tags":[11,672,1804,1805,1803,1777,674,1801,14801,12,2495,1802,32],"class_list":{"0":"post-349637","1":"post","2":"type-post","3":"status-publish","4":"format-standard","5":"has-post-thumbnail","7":"category-allemagne","8":"tag-actualites","9":"tag-allemagne","10":"tag-bundesrepublik-deutschland","11":"tag-de","12":"tag-deutschland","13":"tag-eu","14":"tag-europe","15":"tag-germany","16":"tag-le-grand-invite-international","17":"tag-news","18":"tag-refugies","19":"tag-republique-federale-dallemagne","20":"tag-syrie"},"share_on_mastodon":{"url":"https:\/\/pubeurope.com\/@fr\/115105558163106679","error":""},"_links":{"self":[{"href":"https:\/\/www.europesays.com\/fr\/wp-json\/wp\/v2\/posts\/349637","targetHints":{"allow":["GET"]}}],"collection":[{"href":"https:\/\/www.europesays.com\/fr\/wp-json\/wp\/v2\/posts"}],"about":[{"href":"https:\/\/www.europesays.com\/fr\/wp-json\/wp\/v2\/types\/post"}],"author":[{"embeddable":true,"href":"https:\/\/www.europesays.com\/fr\/wp-json\/wp\/v2\/users\/2"}],"replies":[{"embeddable":true,"href":"https:\/\/www.europesays.com\/fr\/wp-json\/wp\/v2\/comments?post=349637"}],"version-history":[{"count":0,"href":"https:\/\/www.europesays.com\/fr\/wp-json\/wp\/v2\/posts\/349637\/revisions"}],"wp:featuredmedia":[{"embeddable":true,"href":"https:\/\/www.europesays.com\/fr\/wp-json\/wp\/v2\/media\/349638"}],"wp:attachment":[{"href":"https:\/\/www.europesays.com\/fr\/wp-json\/wp\/v2\/media?parent=349637"}],"wp:term":[{"taxonomy":"category","embeddable":true,"href":"https:\/\/www.europesays.com\/fr\/wp-json\/wp\/v2\/categories?post=349637"},{"taxonomy":"post_tag","embeddable":true,"href":"https:\/\/www.europesays.com\/fr\/wp-json\/wp\/v2\/tags?post=349637"}],"curies":[{"name":"wp","href":"https:\/\/api.w.org\/{rel}","templated":true}]}}