{"id":349639,"date":"2025-08-28T08:56:12","date_gmt":"2025-08-28T08:56:12","guid":{"rendered":"https:\/\/www.europesays.com\/fr\/349639\/"},"modified":"2025-08-28T08:56:12","modified_gmt":"2025-08-28T08:56:12","slug":"le-batiment-de-la-mission-de-lue-a-kyiv-gravement-endommage-par-londe-de-choc-de-la-frappe-russe","status":"publish","type":"post","link":"https:\/\/www.europesays.com\/fr\/349639\/","title":{"rendered":"Le b\u00e2timent de la mission de l&rsquo;UE \u00e0 Kyiv gravement endommag\u00e9 par l&rsquo;onde de choc de la frappe russe"},"content":{"rendered":"<p>\n                    Publi\u00e9 le                 28\/08\/2025 &#8211; 9:46 UTC+2<br \/>\n                \u2022Mis \u00e0 jour<br \/>\n                                     9:59\n                                        <\/p>\n<p>          <img decoding=\"async\" class=\"c-ad__placeholder__logo\" src=\"https:\/\/static.euronews.com\/website\/images\/logos\/logo-euronews-stacked-outlined-72x72-grey-9.svg\" width=\"72\" height=\"72\" alt=\"\" loading=\"lazy\"\/><br \/>\n          PUBLICIT\u00c9<\/p>\n<p>L&rsquo;onde de choc d\u00e9clench\u00e9e par la derni\u00e8re attaque russe contre Kyiv a \u00ab\u00a0gravement\u00a0\u00bb endommag\u00e9 le b\u00e2timent de la mission de l&rsquo;Union europ\u00e9enne dans la capitale ukrainienne, a annonc\u00e9 jeudi matin l&rsquo;ambassadrice de l&rsquo;Union, Katarina Mathernova.<\/p>\n<p>L&rsquo;attaque de cette nuit, part de la campagne de Moscou visant \u00e0 semer la terreur et le chaos, <a href=\"https:\/\/fr.euronews.com\/my-europe\/2025\/08\/28\/ukraine-au-moins-quatre-morts-et-des-dizaines-de-blesses-lors-dune-attaque-russe-massive-s\" rel=\"nofollow noopener\" target=\"_blank\"><strong>a fait au moins 10 morts<\/strong><\/a> et des dizaines de bless\u00e9s, causant d&rsquo;importantes destructions dans la ville.<\/p>\n<p>On ne sait pas si un membre de la d\u00e9l\u00e9gation de l&rsquo;UE a \u00e9t\u00e9 physiquement bless\u00e9.<\/p>\n<p>\u00ab\u00a0C&rsquo;est la v\u00e9ritable r\u00e9ponse de Moscou aux efforts de paix\u00a0\u00bb, a d\u00e9clar\u00e9 Mme Mathernova.<\/p>\n<p>Ant\u00f3nio Costa, pr\u00e9sident du Conseil europ\u00e9en, s&rsquo;est dit \u00ab\u00a0horrifi\u00e9\u00a0\u00bb par la gr\u00e8ve et a exprim\u00e9 son soutien au peuple ukrainien et au personnel de l&rsquo;UE.<\/p>\n<p>\u00ab\u00a0L&rsquo;UE ne se laissera pas intimider. L&rsquo;agression de la Russie ne fait que renforcer notre d\u00e9termination \u00e0 soutenir l&rsquo;Ukraine et son peuple\u00a0\u00bb, a d\u00e9clar\u00e9 M. Costa.<\/p>\n<p>La convention de Vienne de 1961 pr\u00e9voit la protection des locaux diplomatiques et consulaires contre toute intrusion ou tout dommage, mais il n&rsquo;est pas rare que ces b\u00e2timents soient touch\u00e9s en temps de guerre. Le Kremlin s&rsquo;est toujours d\u00e9sint\u00e9ress\u00e9 du respect des r\u00e8gles internationales tout au long de son invasion massive de l&rsquo;Ukraine.<\/p>\n<p>Marta Kos, commissaire europ\u00e9enne charg\u00e9e de l&rsquo;\u00e9largissement, s&rsquo;est \u00e9galement montr\u00e9e critique.<\/p>\n<p>\u00ab\u00a0Je condamne fermement ces attaques brutales, qui montrent clairement que la Russie rejette la paix (et) choisit la terreur. Notre enti\u00e8re solidarit\u00e9 va au personnel de l&rsquo;UE, \u00e0 leurs familles (et) \u00e0 tous les Ukrainiens qui subissent cette agression\u00a0\u00bb, a d\u00e9clar\u00e9 Mme Kos sur les m\u00e9dias sociaux.<\/p>\n<p>De son c\u00f4t\u00e9, la Haute repr\u00e9sentante Kaja Kallas a d\u00e9clar\u00e9 que l&rsquo;agression \u00e9tait un \u00ab\u00a0choix d&rsquo;escalade et de moquerie \u00e0 l&rsquo;\u00e9gard des efforts de paix\u00a0\u00bb.<\/p>\n<p><strong>Euronews<\/strong> a contact\u00e9 la Commission europ\u00e9enne pour un commentaire.<\/p>\n<p>Sources additionnelles<strong> \u2022 adaptation : Serge Duch\u00eane<\/strong><\/p>\n","protected":false},"excerpt":{"rendered":"Publi\u00e9 le 28\/08\/2025 &#8211; 9:46 UTC+2 \u2022Mis \u00e0 jour 9:59 PUBLICIT\u00c9 L&rsquo;onde de choc d\u00e9clench\u00e9e par la derni\u00e8re&hellip;\n","protected":false},"author":2,"featured_media":349640,"comment_status":"","ping_status":"","sticky":false,"template":"","format":"standard","meta":{"footnotes":""},"categories":[1586],"tags":[11,1777,674,1011,27,2025,12,25,220,364],"class_list":{"0":"post-349639","1":"post","2":"type-post","3":"status-publish","4":"format-standard","5":"has-post-thumbnail","7":"category-europe","8":"tag-actualites","9":"tag-eu","10":"tag-europe","11":"tag-fr","12":"tag-france","13":"tag-invasion-de-la-russie-en-ukraine","14":"tag-news","15":"tag-republique-francaise","16":"tag-ukraine","17":"tag-union-europeenne"},"share_on_mastodon":{"url":"https:\/\/pubeurope.com\/@fr\/115105561633362351","error":""},"_links":{"self":[{"href":"https:\/\/www.europesays.com\/fr\/wp-json\/wp\/v2\/posts\/349639","targetHints":{"allow":["GET"]}}],"collection":[{"href":"https:\/\/www.europesays.com\/fr\/wp-json\/wp\/v2\/posts"}],"about":[{"href":"https:\/\/www.europesays.com\/fr\/wp-json\/wp\/v2\/types\/post"}],"author":[{"embeddable":true,"href":"https:\/\/www.europesays.com\/fr\/wp-json\/wp\/v2\/users\/2"}],"replies":[{"embeddable":true,"href":"https:\/\/www.europesays.com\/fr\/wp-json\/wp\/v2\/comments?post=349639"}],"version-history":[{"count":0,"href":"https:\/\/www.europesays.com\/fr\/wp-json\/wp\/v2\/posts\/349639\/revisions"}],"wp:featuredmedia":[{"embeddable":true,"href":"https:\/\/www.europesays.com\/fr\/wp-json\/wp\/v2\/media\/349640"}],"wp:attachment":[{"href":"https:\/\/www.europesays.com\/fr\/wp-json\/wp\/v2\/media?parent=349639"}],"wp:term":[{"taxonomy":"category","embeddable":true,"href":"https:\/\/www.europesays.com\/fr\/wp-json\/wp\/v2\/categories?post=349639"},{"taxonomy":"post_tag","embeddable":true,"href":"https:\/\/www.europesays.com\/fr\/wp-json\/wp\/v2\/tags?post=349639"}],"curies":[{"name":"wp","href":"https:\/\/api.w.org\/{rel}","templated":true}]}}