{"id":349647,"date":"2025-08-28T09:00:17","date_gmt":"2025-08-28T09:00:17","guid":{"rendered":"https:\/\/www.europesays.com\/fr\/349647\/"},"modified":"2025-08-28T09:00:17","modified_gmt":"2025-08-28T09:00:17","slug":"plus-de-2-000-enfants-contraints-de-dormir-dehors-en-france-selon-un-barometre","status":"publish","type":"post","link":"https:\/\/www.europesays.com\/fr\/349647\/","title":{"rendered":"plus de 2.000 enfants contraints de dormir dehors en France, selon un barom\u00e8tre"},"content":{"rendered":"<p>Au moins 2.000 enfants dorment \u00e0 la rue en France faute de places d\u2019h\u00e9bergement d\u2019urgence disponibles, selon un barom\u00e8tre publi\u00e9 jeudi 28\u00a0ao\u00fbt par Unicef France et la F\u00e9d\u00e9ration des acteurs de la solidarit\u00e9. Ce chiffre est en forte hausse depuis plusieurs ann\u00e9es.<\/p>\n<p>\u00ab\u00a0Chaque ann\u00e9e, nous constatons avec indignation qu\u2019un nombre croissant d\u2019enfants dorment dans la rue, expos\u00e9s \u00e0 des conditions de vie indignes et \u00e0 des dangers quotidiens\u00a0\u00bb, d\u00e9plore Adeline Hazan, pr\u00e9sidente de l\u2019Unicef France. \u00ab\u00a0Ce qui fait cruellement d\u00e9faut aujourd\u2019hui, ce ne sont ni les ressources, ni l\u2019expertise mais bien une volont\u00e9 politique ferme de mettre fin \u00e0 l\u2019inacceptable\u00a0\u00bb, ajoute-t-elle.<\/p>\n<p>Au moins 2.159 enfants, dont 503 de moins de trois ans, sont rest\u00e9s dans la nuit du 18 au 19\u00a0ao\u00fbt sans solution d\u2019h\u00e9bergement \u00e0 la suite de l\u2019appel de leurs parents au 115,<a target=\"_self\" href=\"https:\/\/www.lanouvellerepublique.fr\/tours\/appels-au-115-en-indre-et-loire-des-dizaines-de-familles-ballottees-entre-espoir-et-desespoir\" rel=\"nofollow noopener\"> le num\u00e9ro d\u2019urgence pour les personnes sans abri<\/a>.<\/p>\n<p>Une augmentation de 30\u00a0% depuis 2022<\/p>\n<p>Le nombre d\u2019enfants sans abri a progress\u00e9 de 6\u00a0% par rapport \u00e0 l\u2019an dernier et de 30\u00a0% par rapport \u00e0 2022. Ils sont pr\u00e9sents partout en France, en particulier en \u00cele-de-France, en Auvergne-Rh\u00f4ne-Alpes et en Occitanie. Une situation qui s\u2019explique par la saturation des dispositifs d\u2019h\u00e9bergement d\u2019urgence, combin\u00e9e \u00e0 <a target=\"_self\" href=\"https:\/\/www.lanouvellerepublique.fr\/a-la-une\/crise-du-logement-cette-loi-est-une-chasse-aux-locataires-pauvres-et-aux-classes-moyennes\" rel=\"nofollow noopener\">une crise du logement<\/a>, selon les associations. En 2024, 855 personnes sont mortes \u00e0 la rue. Parmi elles se trouvaient 31 enfants, alertent les associations.<\/p>\n<p>\u00ab\u00a0Tr\u00e8s alarmantes\u00a0\u00bb, <a target=\"_blank\" href=\"https:\/\/www.unicef.fr\/article\/2-159-enfants-ont-passe-la-nuit-a-la-rue-avant-la-rentree-scolaire\/\" rel=\"nofollow noopener\">les donn\u00e9es du barom\u00e8tre<\/a> sont toutefois sous \u00e9valu\u00e9es, pointent Unicef France et la FAS\u00a0: elles n\u2019incluent pas les familles qui ont renonc\u00e9 \u00e0 joindre le 115, ni celles qui vivent en squats ou dans les bidonvilles. Les mineurs non accompagn\u00e9s ne sont pas non plus comptabilis\u00e9s. \u00ab\u00a0C\u2019est une situation dramatique et inacceptable, le sans-abrisme n\u2019est pas une fatalit\u00e9, des solutions existent\u00a0\u00bb, souligne Nathalie Latour, directrice g\u00e9n\u00e9rale de la FAS. Elle \u00e9voque notamment des investissements \u00e0 r\u00e9aliser dans le logement social et l\u2019h\u00e9bergement d\u2019urgence.<\/p>\n<p>En Centre-Val de Loire, \u00ab\u00a0au moins 69 enfants, dont 7 de moins de 3\u00a0ans\u00a0\u00bb restent sans solution d\u2019h\u00e9bergement \u00ab\u00a0apr\u00e8s un appel au 115\u00a0\u00bb alors que la rentr\u00e9e scolaire a lieu dans moins d\u2019une semaine, indiquent les deux associations dans un communiqu\u00e9.<\/p>\n<p>\u00ab\u00a0Carence fautive\u00a0\u00bb de l\u2019\u00c9tat<\/p>\n<p>Un rapport publi\u00e9 en juillet par trois inspections g\u00e9n\u00e9rales estime que le programme d\u2019h\u00e9bergement d\u2019urgence de la France souffre d\u2019une sous-budg\u00e9tisation chronique et d\u2019un d\u00e9ficit de pilotage qui ne lui permettent pas en l\u2019\u00e9tat de r\u00e9pondre \u00e0 l\u2019ensemble des demandes. En 2024, ce programme a repr\u00e9sent\u00e9 2,3\u00a0milliards d\u2019euros pour 203.000 places en structure d\u2019h\u00e9bergement g\u00e9n\u00e9raliste.\u00a0Un nombre stabilis\u00e9 depuis 2021.<\/p>\n<p>Les associations r\u00e9clament la cr\u00e9ation de 10.000 places suppl\u00e9mentaires, dont un millier pour les femmes enceintes ou sortant de la maternit\u00e9. En f\u00e9vrier, une vingtaine d\u2019entre elles ont d\u00e9pos\u00e9 deux recours en justice contre l\u2019\u00c9tat pour \u00ab\u00a0carence fautive\u00a0\u00bb dans la lutte contre le mal-logement.<\/p>\n","protected":false},"excerpt":{"rendered":"Au moins 2.000 enfants dorment \u00e0 la rue en France faute de places d\u2019h\u00e9bergement d\u2019urgence disponibles, selon un&hellip;\n","protected":false},"author":2,"featured_media":349648,"comment_status":"","ping_status":"","sticky":false,"template":"","format":"standard","meta":{"footnotes":""},"categories":[4],"tags":[328,11,33,1011,27,329,1116,1908,12,316,25,801],"class_list":{"0":"post-349647","1":"post","2":"type-post","3":"status-publish","4":"format-standard","5":"has-post-thumbnail","7":"category-france","8":"tag-a-la-une","9":"tag-actualites","10":"tag-economie","11":"tag-fr","12":"tag-france","13":"tag-france-monde","14":"tag-immobilier","15":"tag-logement","16":"tag-news","17":"tag-politique","18":"tag-republique-francaise","19":"tag-social"},"share_on_mastodon":{"url":"https:\/\/pubeurope.com\/@fr\/115105577403258030","error":""},"_links":{"self":[{"href":"https:\/\/www.europesays.com\/fr\/wp-json\/wp\/v2\/posts\/349647","targetHints":{"allow":["GET"]}}],"collection":[{"href":"https:\/\/www.europesays.com\/fr\/wp-json\/wp\/v2\/posts"}],"about":[{"href":"https:\/\/www.europesays.com\/fr\/wp-json\/wp\/v2\/types\/post"}],"author":[{"embeddable":true,"href":"https:\/\/www.europesays.com\/fr\/wp-json\/wp\/v2\/users\/2"}],"replies":[{"embeddable":true,"href":"https:\/\/www.europesays.com\/fr\/wp-json\/wp\/v2\/comments?post=349647"}],"version-history":[{"count":0,"href":"https:\/\/www.europesays.com\/fr\/wp-json\/wp\/v2\/posts\/349647\/revisions"}],"wp:featuredmedia":[{"embeddable":true,"href":"https:\/\/www.europesays.com\/fr\/wp-json\/wp\/v2\/media\/349648"}],"wp:attachment":[{"href":"https:\/\/www.europesays.com\/fr\/wp-json\/wp\/v2\/media?parent=349647"}],"wp:term":[{"taxonomy":"category","embeddable":true,"href":"https:\/\/www.europesays.com\/fr\/wp-json\/wp\/v2\/categories?post=349647"},{"taxonomy":"post_tag","embeddable":true,"href":"https:\/\/www.europesays.com\/fr\/wp-json\/wp\/v2\/tags?post=349647"}],"curies":[{"name":"wp","href":"https:\/\/api.w.org\/{rel}","templated":true}]}}