{"id":34965,"date":"2025-04-18T21:40:09","date_gmt":"2025-04-18T21:40:09","guid":{"rendered":"https:\/\/www.europesays.com\/fr\/34965\/"},"modified":"2025-04-18T21:40:09","modified_gmt":"2025-04-18T21:40:09","slug":"maroc-ue-lespagne-continue-a-defendre-la-cooperation-malgre-lechec-des-accords-commerciaux","status":"publish","type":"post","link":"https:\/\/www.europesays.com\/fr\/34965\/","title":{"rendered":"Maroc-UE : l\u2019Espagne continue \u00e0 d\u00e9fendre la coop\u00e9ration, malgr\u00e9 l\u2019\u00e9chec des accords commerciaux"},"content":{"rendered":"<p><img decoding=\"async\" class=\"image block loader\" src=\"https:\/\/www.europesays.com\/fr\/wp-content\/uploads\/2025\/04\/afp__20250417__42mc742__v1__highres__spainmoroccopoliticsdiplomacy.jpg\"   alt=\"Le ministre espagnol des Affaires \u00e9trang\u00e8res, Jos\u00e9 Manuel Albares (\u00e0 gauche), et son homologue marocain, Nasser Bourita, donnent une conf\u00e9rence de presse conjointe apr\u00e8s une r\u00e9union \u00e0 Madrid, le 17 avril 2025. \u00a9 Pierre-Philippe MARCOU \/ AFP\" width=\"1215\" height=\"\" fetchpriority=\"high\"\/><\/p>\n<p>\n\t\t\t\tLe ministre espagnol des Affaires \u00e9trang\u00e8res, Jos\u00e9 Manuel Albares (\u00e0 gauche), et son homologue marocain, Nasser Bourita, donnent une conf\u00e9rence de presse conjointe apr\u00e8s une r\u00e9union \u00e0 Madrid, le 17 avril 2025. \u00a9 Pierre-Philippe MARCOU \/ AFP\n\t\t\t<\/p>\n<p class=\"data-publish md:max-xl:flex -last:mt-16 !mb-0 gap-x-20 text-main-secondary\">\n\t\tPubli\u00e9 le         18 avril 2025<\/p>\n<p>\t\t\t\tLecture : 1 minute.\n<\/p>\n<p class=\"hidden print:block text-main-secondary mt-15\">\n\tFichier g\u00e9n\u00e9r\u00e9 le <\/p>\n<p>La d\u00e9cision de la Cour de Justice de l\u2019<a href=\"https:\/\/www.jeuneafrique.com\/institutions\/union-europeenne\/\" rel=\"nofollow noopener\" target=\"_blank\">Union europ\u00e9enne<\/a> (UE) en octobre dernier avait eu des airs de d\u00e9faite pour Rabat. L\u2019institution judiciaire avait invalid\u00e9 deux accords commerciaux entre le <a href=\"https:\/\/www.jeuneafrique.com\/pays\/maroc\/\" rel=\"nofollow noopener\" target=\"_blank\">Maroc<\/a> et l\u2019UE, consid\u00e9rant que les Sahraouis n\u2019avaient pas pu y consentir pleinement, et que les accords violaient donc le principe d\u2019autod\u00e9termination du <a href=\"https:\/\/www.jeuneafrique.com\/tags\/sahara-occidental\/\" rel=\"nofollow noopener\" target=\"_blank\">Sahara occidental<\/a>. Malgr\u00e9 ce revers, Madrid continue \u00e0 pousser en faveur de plus de coop\u00e9ration entre l\u2019UE et le royaume ch\u00e9rifien.<\/p>\n<p>Jos\u00e9 Manuel Albares Bueno, le chef de la diplomatie espagnole, a re\u00e7u ce jeudi 17 avril son homologue marocain, Nasser Bourita. Il a soulign\u00e9 lors de cet \u00e9change les avantages du \u00ab\u00a0statut privil\u00e9gi\u00e9\u00a0\u00bb du Maroc \u00e0 l\u2019\u00e9gard de l\u2019UE et le d\u00e9sir de son pays de les approfondir.<\/p>\n<p>\t\t\t\tla suite apr\u00e8s cette publicit\u00e9<\/p>\n<p>\u00ab\u00a0Par cons\u00e9quent, l\u2019Espagne souhaite la tenue rapide d\u2019un conseil UE-Maroc pour donner un nouvel \u00e9lan \u00e0 cette association strat\u00e9gique\u00a0\u00bb, a-t-il d\u00e9clar\u00e9. <a href=\"https:\/\/www.jeuneafrique.com\/personnalites\/nasser-bourita\/\" rel=\"nofollow noopener\" target=\"_blank\">Nasser Bourita<\/a> a de son c\u00f4t\u00e9 affirm\u00e9 que la relation entre l\u2019<a href=\"https:\/\/www.jeuneafrique.com\/pays\/espagne\/\" rel=\"nofollow noopener\" target=\"_blank\">Espagne<\/a> et le Maroc connaissait actuellement \u00ab\u00a0son meilleur moment\u00a0\u00bb, et que Rabat visait une coop\u00e9ration et des investissements accrus de la part de son voisin europ\u00e9en.<\/p>\n<p>    Lune de miel entre Rabat et Madrid<\/p>\n<p>Depuis 2022, l\u2019Espagne de <a href=\"https:\/\/www.jeuneafrique.com\/1336617\/politique\/maroc-espagne-pedro-sanchez-chronique-dune-inflexion-ideologique\/\" rel=\"nofollow noopener\" target=\"_blank\">Pedro S\u00e1nchez<\/a> a am\u00e9lior\u00e9 ses relations avec le Maroc, notamment en soutenant le projet de Rabat d\u2019accorder une autonomie au Sahara occidental sous la souverainet\u00e9 marocaine, que les autorit\u00e9s marocaines ont \u00e9rig\u00e9 en condition sine qua non pour entretenir de bonnes relations avec le royaume.<\/p>\n<p> <a class=\"box-read__image img-cover\" href=\"https:\/\/www.jeuneafrique.com\/1649541\/economie-entreprises\/entre-le-maroc-et-lespagne-des-echanges-au-beau-fixe\/\" rel=\"nofollow noopener\" target=\"_blank\"><img class=\"image h-full w-full block loader\" src=\"https:\/\/www.europesays.com\/fr\/wp-content\/uploads\/2025\/04\/jad20250117-eco-record-echanges-commerciaux-maroc-espagne.jpg\" loading=\"lazy\" decoding=\"async\" alt=\"Dans une usine de c\u00e2bles de la soci\u00e9t\u00e9 fran\u00e7aise Acome situ\u00e9e dans un parc industriel reli\u00e9 \u00e0 une zone de libre-\u00e9change \u00e0 Tanger, au Maroc, en mars 2018. \u00a9 FADEL SENNA\/AFP\" width=\"140\" height=\"93\"\/><\/a>A lire : <a class=\"box-read__content sub-pin\" href=\"https:\/\/www.jeuneafrique.com\/1649541\/economie-entreprises\/entre-le-maroc-et-lespagne-des-echanges-au-beau-fixe\/\" rel=\"nofollow noopener\" target=\"_blank\">Entre le Maroc et l\u2019Espagne, des \u00e9changes au beau fixe<\/a><\/p>\n<p>\t\t\t\tla suite apr\u00e8s cette publicit\u00e9<\/p>\n<p>D\u00e9but 2024, le Premier ministre espagnol \u00e9tait d\u2019ailleurs re\u00e7u par <a href=\"https:\/\/www.jeuneafrique.com\/personnalites\/mohammed-vi\/\" rel=\"nofollow noopener\" target=\"_blank\">Mohammed VI<\/a>, l\u2019occasion de consolider \u00ab\u00a0un mod\u00e8le de voisinage constructif bas\u00e9 sur la confiance et le respect mutuel\u00a0\u00bb, avait alors estim\u00e9 Pedro S\u00e1nchez.<\/p>\n<p>Lors de la rencontre de ce 17 avril les deux ministres se sont par ailleurs satisfaits \u00ab\u00a0de l\u2019entente qui marque les pr\u00e9paratifs de l\u2019organisation de la <a href=\"https:\/\/www.jeuneafrique.com\/1668355\/societe\/une-coupe-du-monde-2030-a-64-equipes-le-maroc-se-tient-pret\/\" rel=\"nofollow noopener\" target=\"_blank\">Coupe du Monde 2030<\/a>\u00ab\u00a0, souligne un communiqu\u00e9 du minist\u00e8re marocain des Affaires \u00e9trang\u00e8res. Coorganis\u00e9 par le Maroc, l\u2019Espagne et le Portugal, l\u2019\u00e9v\u00e8nement doit donner naissance au stade Hassan II de Casablanca, projet pharaonique qui s\u2019\u00e9tendra su 100 hectares.<\/p>\n<p>\t\t\t\tla suite apr\u00e8s cette publicit\u00e9<\/p>\n<p style=\"text-align: right\"><strong>(Avec AFP)<\/strong><\/p>\n<p>\t\t\t\tLa Matinale.<\/p>\n<p class=\"box-newsletter__text text-16 leading-24 text-main-primary font-medium\">\n\t\t\t\tChaque matin, recevez les 10 informations cl\u00e9s de l\u2019actualit\u00e9 africaine.\n\t\t\t<\/p>\n<p><img class=\"image md:absolute block loader\" src=\"https:\/\/www.europesays.com\/fr\/wp-content\/uploads\/2025\/04\/nl-morning.svg.svg+xml\" loading=\"lazy\" decoding=\"async\" alt=\"Image\" width=\"137\" height=\"137\"\/><\/p>\n","protected":false},"excerpt":{"rendered":"Le ministre espagnol des Affaires \u00e9trang\u00e8res, Jos\u00e9 Manuel Albares (\u00e0 gauche), et son homologue marocain, Nasser Bourita, donnent&hellip;\n","protected":false},"author":2,"featured_media":34966,"comment_status":"","ping_status":"","sticky":false,"template":"","format":"standard","meta":{"footnotes":""},"categories":[1586],"tags":[47,11,11371,312,1777,674,1779,1011,27,11372,12,316,25,1778,364],"class_list":{"0":"post-34965","1":"post","2":"type-post","3":"status-publish","4":"format-standard","5":"has-post-thumbnail","7":"category-europe","8":"tag-actualite","9":"tag-actualites","10":"tag-afp","11":"tag-diplomatie","12":"tag-eu","13":"tag-europe","14":"tag-european-union","15":"tag-fr","16":"tag-france","17":"tag-luna-perez","18":"tag-news","19":"tag-politique","20":"tag-republique-francaise","21":"tag-ue","22":"tag-union-europeenne"},"share_on_mastodon":{"url":"https:\/\/pubeurope.com\/@fr\/114361140740426591","error":""},"_links":{"self":[{"href":"https:\/\/www.europesays.com\/fr\/wp-json\/wp\/v2\/posts\/34965","targetHints":{"allow":["GET"]}}],"collection":[{"href":"https:\/\/www.europesays.com\/fr\/wp-json\/wp\/v2\/posts"}],"about":[{"href":"https:\/\/www.europesays.com\/fr\/wp-json\/wp\/v2\/types\/post"}],"author":[{"embeddable":true,"href":"https:\/\/www.europesays.com\/fr\/wp-json\/wp\/v2\/users\/2"}],"replies":[{"embeddable":true,"href":"https:\/\/www.europesays.com\/fr\/wp-json\/wp\/v2\/comments?post=34965"}],"version-history":[{"count":0,"href":"https:\/\/www.europesays.com\/fr\/wp-json\/wp\/v2\/posts\/34965\/revisions"}],"wp:featuredmedia":[{"embeddable":true,"href":"https:\/\/www.europesays.com\/fr\/wp-json\/wp\/v2\/media\/34966"}],"wp:attachment":[{"href":"https:\/\/www.europesays.com\/fr\/wp-json\/wp\/v2\/media?parent=34965"}],"wp:term":[{"taxonomy":"category","embeddable":true,"href":"https:\/\/www.europesays.com\/fr\/wp-json\/wp\/v2\/categories?post=34965"},{"taxonomy":"post_tag","embeddable":true,"href":"https:\/\/www.europesays.com\/fr\/wp-json\/wp\/v2\/tags?post=34965"}],"curies":[{"name":"wp","href":"https:\/\/api.w.org\/{rel}","templated":true}]}}