{"id":349653,"date":"2025-08-28T09:04:10","date_gmt":"2025-08-28T09:04:10","guid":{"rendered":"https:\/\/www.europesays.com\/fr\/349653\/"},"modified":"2025-08-28T09:04:10","modified_gmt":"2025-08-28T09:04:10","slug":"valentin-royer-denis-shapovalov-grand-chelem-us-open-deuxieme-tour-jeudi-28-aout-2025-lequipe","status":"publish","type":"post","link":"https:\/\/www.europesays.com\/fr\/349653\/","title":{"rendered":"Valentin Royer &#8211; Denis Shapovalov, Grand Chelem, US Open, Deuxi\u00e8me tour, Jeudi 28 ao\u00fbt 2025 &#8211; L&#039;\u00c9quipe"},"content":{"rendered":"<ol>\n<li><a href=\"https:\/\/news.google.com\/rss\/articles\/CBMiygFBVV95cUxQb2FvOGlNOXNoSkFhenFQcHRuUmZob194b0JwbXBEVmlNdXlIWmVsa1hCNVpQbm1jemN3UzU4c2NxZ3AwZzVZQS0tWWd0eHlScDQxZ09NMGxGNWhxREs5a1k5djF0bzFEM0M5S0lieDltNjVxMnZna3cxRWNyeXZZUFZZempXTnpNZG0tYXN4TTR6TVA2bGpCNFVXdkgtS0pVSGJHeXY2TEk3VER1Wl8xeGY4UWhtR0pVNk5sdWl2bFVLMWx0YlpuRTFB?oc=5\" target=\"_blank\" rel=\"nofollow noopener\">Valentin Royer &#8211; Denis Shapovalov, Grand Chelem, US Open, Deuxi\u00e8me tour, Jeudi 28 ao\u00fbt 2025<\/a>&nbsp;&nbsp;L&rsquo;\u00c9quipe<\/li>\n<li><a href=\"https:\/\/news.google.com\/rss\/articles\/CBMixgFBVV95cUxOU2tjcXBoX1M4dHF4RC1DeWhyZ2ZEUC1CQzJ5RkxaXzI1VEZ1azdSRlNxaGo5VTgzYnVpZURaVUp3VWhDa3FSYWViNk1zZUVTYjJpSnFKbWFBbDlrLWtydUNOYzM0UW5qS1BsTUxoOVJ3bXhhTXZ0bWR1VjBaWDZRLWhuQTJJSVdhaVNwdFd6WU55MWpzUll6OEIyNWViSWwzYzJGQTMybTB2QU1DMWRtcFl1MFNNMVo1Y2w4LUcxQVJPUlZXX0E?oc=5\" target=\"_blank\" rel=\"nofollow noopener\">Lorenzo Musetti &#8211; David Goffin, Grand Chelem, US Open, Deuxi\u00e8me tour, Jeudi 28 ao\u00fbt 2025<\/a>&nbsp;&nbsp;L&rsquo;\u00c9quipe<\/li>\n<li><a href=\"https:\/\/news.google.com\/rss\/articles\/CBMixAFBVV95cUxOQUhxRjZwLXZRcld1SF8yTHJoaFl4UUxnMm12WGlzcFFMMGhubTVnTTBZMzR1VHg0V21qSS1NV3pwY3VERy0yMmluTDUtQ3JBdExvWUI4Y3QtTHlRUTNXd2RHZVNzNEhwaHhGbFVoYURmSThXbTA5S3dFSXpFeWZqcXNucEhxa01nNHlpYjJxblZSVEFSQndLLThwb1lfcGVUcW5HOEJTcU9YdE5WNHh0cU9TdWZRa0RCQUg0SGVrSGNDdDZU?oc=5\" target=\"_blank\" rel=\"nofollow noopener\">Tristan Boyer &#8211; Andrey Rublev, Grand Chelem, US Open, Deuxi\u00e8me tour, Jeudi 28 ao\u00fbt 2025<\/a>&nbsp;&nbsp;L&rsquo;\u00c9quipe<\/li>\n<li><a href=\"https:\/\/news.google.com\/rss\/articles\/CBMiiwFBVV95cUxPVE1iVUVGRl9RS2p3V01HWF9UemM4aGF0UWJBM0hELU9uV3UxLWdlT19VUXMyS0s3OXRuSV85U1pGbTVoN2k5Z3RkLXBQQ0NCa1RWZTNxMFRkVXFpaFkxSFR5NEJENTVxSnNpb1BTVEZYSjFlLXFFblBKMl9qY0t6Sm9KQkhPTEhDbC0w?oc=5\" target=\"_blank\" rel=\"nofollow noopener\">Pronostic Jenson Brooksby Flavio Cobolli GRATUIT &#8211; US Open 2025 28\/08\/2025<\/a>&nbsp;&nbsp;RueDesJoueurs<\/li>\n<li><a href=\"https:\/\/news.google.com\/rss\/articles\/CBMiyAFBVV95cUxPRXBuVzhsckx1ZVREU2VJeEN2M0JpSEc5NEtxY0pEdW1wcXluQVRQel9CamxDLTdwMG1fV05uZVg5UjNhQnpkdjlvMHl0Rm5kdTdaUHBnVzRScDEyeFZSdV9GQ0VqMlJwZUpmLTF3V3FHYVNwSWpYb0E5bHMxLXlsaUI4ekQ1T1RnUkFqWURkcTdtRmw5M21EMWxsUi13MVRfd2JoemozU0hLWmE5d1dFNkp6dTlhMGNoTGhsWlp3YzV3REIxOVl5cg?oc=5\" target=\"_blank\" rel=\"nofollow noopener\">Jenson Brooksby &#8211; Flavio Cobolli, Grand Chelem, US Open, Deuxi\u00e8me tour, Jeudi 28 ao\u00fbt 2025<\/a>&nbsp;&nbsp;L&rsquo;\u00c9quipe<\/li>\n<\/ol>\n","protected":false},"excerpt":{"rendered":"Valentin Royer &#8211; Denis Shapovalov, Grand Chelem, US Open, Deuxi\u00e8me tour, Jeudi 28 ao\u00fbt 2025&nbsp;&nbsp;L&rsquo;\u00c9quipe Lorenzo Musetti &#8211;&hellip;\n","protected":false},"author":2,"featured_media":349654,"comment_status":"","ping_status":"","sticky":false,"template":"","format":"standard","meta":{"footnotes":""},"categories":[1415],"tags":[1011,27,60,1467],"class_list":{"0":"post-349653","1":"post","2":"type-post","3":"status-publish","4":"format-standard","5":"has-post-thumbnail","7":"category-tennis","8":"tag-fr","9":"tag-france","10":"tag-sports","11":"tag-tennis"},"share_on_mastodon":{"url":"https:\/\/pubeurope.com\/@fr\/115105592999958815","error":""},"_links":{"self":[{"href":"https:\/\/www.europesays.com\/fr\/wp-json\/wp\/v2\/posts\/349653","targetHints":{"allow":["GET"]}}],"collection":[{"href":"https:\/\/www.europesays.com\/fr\/wp-json\/wp\/v2\/posts"}],"about":[{"href":"https:\/\/www.europesays.com\/fr\/wp-json\/wp\/v2\/types\/post"}],"author":[{"embeddable":true,"href":"https:\/\/www.europesays.com\/fr\/wp-json\/wp\/v2\/users\/2"}],"replies":[{"embeddable":true,"href":"https:\/\/www.europesays.com\/fr\/wp-json\/wp\/v2\/comments?post=349653"}],"version-history":[{"count":0,"href":"https:\/\/www.europesays.com\/fr\/wp-json\/wp\/v2\/posts\/349653\/revisions"}],"wp:featuredmedia":[{"embeddable":true,"href":"https:\/\/www.europesays.com\/fr\/wp-json\/wp\/v2\/media\/349654"}],"wp:attachment":[{"href":"https:\/\/www.europesays.com\/fr\/wp-json\/wp\/v2\/media?parent=349653"}],"wp:term":[{"taxonomy":"category","embeddable":true,"href":"https:\/\/www.europesays.com\/fr\/wp-json\/wp\/v2\/categories?post=349653"},{"taxonomy":"post_tag","embeddable":true,"href":"https:\/\/www.europesays.com\/fr\/wp-json\/wp\/v2\/tags?post=349653"}],"curies":[{"name":"wp","href":"https:\/\/api.w.org\/{rel}","templated":true}]}}