{"id":349655,"date":"2025-08-28T09:06:13","date_gmt":"2025-08-28T09:06:13","guid":{"rendered":"https:\/\/www.europesays.com\/fr\/349655\/"},"modified":"2025-08-28T09:06:13","modified_gmt":"2025-08-28T09:06:13","slug":"pourquoi-yamaha-a-decu-sur-le-marche-des-pilotes-motogp-2026","status":"publish","type":"post","link":"https:\/\/www.europesays.com\/fr\/349655\/","title":{"rendered":"Pourquoi Yamaha a d\u00e9\u00e7u sur le march\u00e9 des pilotes MotoGP 2026"},"content":{"rendered":"<p>Apr\u00e8s plusieurs mois d\u2019incertitudes entourant la prolongation de Miguel Oliveira, Jack Miller et plusieurs pr\u00e9tendants issus du Moto2, Yamaha a enfin tranch\u00e9 : Jack Miller restera aux c\u00f4t\u00e9s de Toprak Razgatlioglu dans l\u2019\u00e9quipe Pramac MotoGP pour la saison 2026.<\/p>\n<p>Cette d\u00e9cision suscite d\u00e9j\u00e0 des avis partag\u00e9s. Certains y voient un choix logique, soulignant que l\u2019exp\u00e9rience de Miller pourrait s\u2019av\u00e9rer pr\u00e9cieuse pour exploiter pleinement le potentiel du nouveau moteur V4 de Yamaha. Ce dernier vise \u00e0 redonner \u00e0 la marque la puissance perdue ces derni\u00e8res ann\u00e9es et ambitionne de revenir dans la course aux victoires, voire aux titres mondiaux.<\/p>\n<p>Pour d\u2019autres, ce choix contredit l\u2019esprit initial du projet Pramac, con\u00e7u comme une \u00ab \u00e9quipe junior \u00bb destin\u00e9e \u00e0 offrir une vitrine aux jeunes talents fra\u00eechement arriv\u00e9s en MotoGP.<\/p>\n<p><img data-lazyloaded=\"1\" decoding=\"async\" src=\"https:\/\/www.europesays.com\/fr\/wp-content\/uploads\/2025\/08\/Pourquoi-Yamaha-a-decu-sur-le-marche-des-pilotes-MotoGP.jpg\" alt=\"Jack Miller en action avec Pramac Racing\" loading=\"lazy\" width=\"1200\" height=\"800\"\/>Jack Miller sous les couleurs Pramac Racing. Cr\u00e9dit photo : Alexander Trienitz.<\/p>\n<p>Miller d\u00e9clare continuer sa carri\u00e8re en MotoGP une saison suppl\u00e9mentaire, un de ses objectifs principaux. Cependant, ses propos r\u00e9cents en Hongrie laissent entendre une certaine frustration vis-\u00e0-vis de Yamaha : \u00ab J\u2019ai d\u00e9j\u00e0 fait preuve de patience avec Yamaha. Si vous me voulez, vous me voulez. Sinon, ce n\u2019est pas la peine. Le temps passe et j\u2019ai l\u2019impression que Yamaha ne souhaite pas vraiment de moi, surtout avec tous ces noms avanc\u00e9s comme candidats. \u00bb<\/p>\n<p>Quelques heures plus tard, Miller et son manager Aki Ajo ont \u00e9t\u00e9 aper\u00e7us en discussion dans le motorhome Yamaha. Selon des responsables de Yamaha, Miller serait venu pr\u00e9senter des excuses pour ses commentaires dans la presse \u2014 une r\u00e9action surprenante au regard de la sinc\u00e9rit\u00e9 de ses propos. D\u2019autant que l\u2019Australien avait \u00e9voqu\u00e9 un possible passage en Superbike.<\/p>\n<p>D\u2019apr\u00e8s plusieurs sources proches du dossier, confirm\u00e9es par Autosport, Miller a obtenu la confirmation de son maintien pour la saison 2026. En public, il affichera probablement un sourire, tandis qu\u2019en priv\u00e9, il risque de se sentir comme un plan B.<\/p>\n<p>Concernant Miguel Oliveira, la situation reste tendue. Son contrat Yamaha incluait une clause de performance stipulant qu\u2019il pouvait \u00eatre \u00e9cart\u00e9 \u00e0 la fin 2025 s\u2019il \u00e9tait le pilote le moins bien class\u00e9 avant la tr\u00eave estivale, condition qui s\u2019est r\u00e9alis\u00e9e en partie \u00e0 cause de ses blessures ayant occasionn\u00e9 quatre courses manqu\u00e9es.<\/p>\n<p>Yamaha avait \u00e9galement dans ses radars Diogo Moreira et Manuel Gonzalez, talents du Moto2. Moreira, associ\u00e9 \u00e0 Yamaha Br\u00e9sil pour son d\u00e9veloppement, semblait le favori pour rejoindre Pramac \u00e0 la place d\u2019Oliveira. Toutefois, Honda est intervenu de mani\u00e8re d\u00e9cisive, convainquant Moreira de signer un contrat de trois ans avec le HRC, comprenant une premi\u00e8re saison d\u2019adaptation aux poids lourds chez LCR mais avec un statut d\u2019\u00e9quipe usine.<\/p>\n<p><img data-lazyloaded=\"1\" decoding=\"async\" src=\"https:\/\/www.europesays.com\/fr\/wp-content\/uploads\/2025\/08\/1756308341_303_Pourquoi-Yamaha-a-decu-sur-le-marche-des-pilotes-MotoGP.jpg\" alt=\"Diogo Moreira en Moto2 avec l'\u00e9quipe Italtrans\" loading=\"lazy\" width=\"1200\" height=\"800\"\/>Diogo Moreira, protagoniste montante du Moto2. Cr\u00e9dit photo : Gold and Goose Photography \/ LAT Images.<\/p>\n<p>Par ailleurs, Yamaha a officialis\u00e9, par la voix de Paolo Pavesio, la participation d\u2019Augusto Fernandez au Grand Prix de Misano sur le moteur V4 encore in\u00e9dit en comp\u00e9tition, marquant ainsi la volont\u00e9 affich\u00e9e du constructeur nippon de s\u2019engager pleinement dans ce nouveau projet.<\/p>\n<p>Si certains pilotes nourrissent des regrets face \u00e0 ces \u00e9volutions, Yamaha semble focalis\u00e9 sur un enjeu plus grand : conserver Fabio Quartararo, figure phare capable d\u2019emmener la marque vers de nouveaux sommets.<\/p>\n<p>Points \u00e0 retenir<\/p>\n<ul>\n<li>Jack Miller est confirm\u00e9 chez Pramac Yamaha en 2026, offrant de l\u2019exp\u00e9rience dans un projet centr\u00e9 sur le nouveau moteur V4.<\/li>\n<li>Yamaha privil\u00e9gie ce maintien malgr\u00e9 des critiques soulignant un d\u00e9calage avec la vocation initiale de l\u2019\u00e9quipe junior destin\u00e9e aux jeunes talents.<\/li>\n<li>La gestion de l\u2019annonce par Yamaha a cr\u00e9\u00e9 une certaine confusion, entre tensions, excuses publiques et choix strat\u00e9giques.<\/li>\n<li>Miguel Oliveira pourrait \u00eatre contraint de quitter Yamaha en raison d\u2019une clause de performance rendue effective par ses blessures.<\/li>\n<li>Diogo Moreira, cibl\u00e9 initialement par Yamaha, a finalement rejoint Honda avec un contrat de trois ans.<\/li>\n<li>Le projet moteur V4 de Yamaha se pr\u00e9cise, avec une premi\u00e8re apparition en course pr\u00e9vue \u00e0 Misano, un signal fort pour l\u2019avenir.<\/li>\n<li>La priorit\u00e9 demeure de garder en ligne de mire Fabio Quartararo, pilier du constructeur en MotoGP.<\/li>\n<\/ul>\n<p>La situation rappelle une nouvelle fois que dans le monde du MotoGP comme ailleurs, la patience et la r\u00e9silience sont parfois des alli\u00e9es pr\u00e9cieuses\u2026 Du c\u00f4t\u00e9 des pilotes, malheureusement.<\/p>\n<p>Et entre nous, on se dit que finalement, \u00eatre le plan B d\u2019un constructeur l\u00e9gendaire, c\u2019est un peu comme jouer les seconds couteaux dans un film de Spielberg : c\u2019est frustrant, mais \u00e7a laisse esp\u00e9rer un r\u00f4le plus grand dans le prochain opus. Apr\u00e8s tout, qui n\u2019aime pas une bonne mont\u00e9e en puissance ?<\/p>\n<p class=\"has-white-color has-text-color has-background has-link-color\" style=\"background-color:#b2b2b2;font-size:12px\">Cet article a \u00e9t\u00e9 g\u00e9n\u00e9r\u00e9 gr\u00e2ce \u00e0 l&rsquo;intelligence Artificielle. Chez LesNews, nos r\u00e9dacteurs exploitent l&rsquo;IA pour \u00e9laborer des articles innovants \u00e0 partir de <strong>sources fiables.<\/strong> Si vous rep\u00e9rez une image ou un contenu inappropri\u00e9, merci de nous le signaler via le <a href=\"https:\/\/lesnews.ca\/formulaire-dmca\/\" data-wpel-link=\"internal\" target=\"_blank\" rel=\"noopener\">formulaire DMCA <\/a>\u2013 nous agirons rapidement pour le corriger. \/ This article has been generated using Artificial Intelligence. At LesNews, our editors leverage AI to craft innovative articles <strong>sourced<\/strong> from <strong>reliable references<\/strong>. If you come across any image or content that appears inappropriate, please notify us through the <a href=\"https:\/\/lesnews.ca\/formulaire-dmca\/\" data-wpel-link=\"internal\" target=\"_blank\" rel=\"noopener\">DMCA form<\/a> \u2013 we will promptly take action to address it.<\/p>\n<p>  Navigation de l\u2019article<\/p>\n","protected":false},"excerpt":{"rendered":"Apr\u00e8s plusieurs mois d\u2019incertitudes entourant la prolongation de Miguel Oliveira, Jack Miller et plusieurs pr\u00e9tendants issus du Moto2,&hellip;\n","protected":false},"author":2,"featured_media":349656,"comment_status":"","ping_status":"","sticky":false,"template":"","format":"standard","meta":{"footnotes":""},"categories":[1413],"tags":[1011,27,1457,1456,60],"class_list":{"0":"post-349655","1":"post","2":"type-post","3":"status-publish","4":"format-standard","5":"has-post-thumbnail","7":"category-moto","8":"tag-fr","9":"tag-france","10":"tag-moto","11":"tag-motocycle","12":"tag-sports"},"share_on_mastodon":{"url":"https:\/\/pubeurope.com\/@fr\/115105601222742782","error":""},"_links":{"self":[{"href":"https:\/\/www.europesays.com\/fr\/wp-json\/wp\/v2\/posts\/349655","targetHints":{"allow":["GET"]}}],"collection":[{"href":"https:\/\/www.europesays.com\/fr\/wp-json\/wp\/v2\/posts"}],"about":[{"href":"https:\/\/www.europesays.com\/fr\/wp-json\/wp\/v2\/types\/post"}],"author":[{"embeddable":true,"href":"https:\/\/www.europesays.com\/fr\/wp-json\/wp\/v2\/users\/2"}],"replies":[{"embeddable":true,"href":"https:\/\/www.europesays.com\/fr\/wp-json\/wp\/v2\/comments?post=349655"}],"version-history":[{"count":0,"href":"https:\/\/www.europesays.com\/fr\/wp-json\/wp\/v2\/posts\/349655\/revisions"}],"wp:featuredmedia":[{"embeddable":true,"href":"https:\/\/www.europesays.com\/fr\/wp-json\/wp\/v2\/media\/349656"}],"wp:attachment":[{"href":"https:\/\/www.europesays.com\/fr\/wp-json\/wp\/v2\/media?parent=349655"}],"wp:term":[{"taxonomy":"category","embeddable":true,"href":"https:\/\/www.europesays.com\/fr\/wp-json\/wp\/v2\/categories?post=349655"},{"taxonomy":"post_tag","embeddable":true,"href":"https:\/\/www.europesays.com\/fr\/wp-json\/wp\/v2\/tags?post=349655"}],"curies":[{"name":"wp","href":"https:\/\/api.w.org\/{rel}","templated":true}]}}