{"id":349657,"date":"2025-08-28T09:07:10","date_gmt":"2025-08-28T09:07:10","guid":{"rendered":"https:\/\/www.europesays.com\/fr\/349657\/"},"modified":"2025-08-28T09:07:10","modified_gmt":"2025-08-28T09:07:10","slug":"transfert-annule-catastrophe-a-lom","status":"publish","type":"post","link":"https:\/\/www.europesays.com\/fr\/349657\/","title":{"rendered":"Transfert annul\u00e9 : Catastrophe \u00e0 l&rsquo;OM ?"},"content":{"rendered":"<p>                    Arthur Montagne<br \/>\n                        &#8211;<\/p>\n<p>Journaliste<\/p>\n<p>Affam\u00e9 de sport, il a grandi au son des moteurs de Formule 1 et des exploits de Ronaldinho. Aujourd\u2019hui, diplom\u00e9 d&rsquo;un Master de journalisme de sport, il ne rate plus un Grand Prix de F1 ni un match du PSG, ses deux passions et sp\u00e9cialit\u00e9s<\/p>\n<p class=\"heading\">En qu\u00eate d&rsquo;un nouveau milieu de terrain pour remplacer Adrien Rabiot, plac\u00e9 sur la liste des transferts, l&rsquo;OM a toutefois d\u00e9cid\u00e9 de renoncer au pr\u00eat de Dani Ceballos malgr\u00e9 un accord avec le Real Madrid. Une d\u00e9cision qui pourrait placer les Marseillais dans une situation d\u00e9licate. Mais la direction de l&rsquo;OM a-t-elle fait le bon choix ?<\/p>\n<p>Le mercato de l&rsquo;<strong>OM<\/strong> est encore tr\u00e8s agit\u00e9 cet \u00e9t\u00e9 alors que le march\u00e9 fermera ses portes lundi \u00e0 20h. Le club phoc\u00e9en esp\u00e8re encore boucler l&rsquo;arriv\u00e9e d&rsquo;un milieu de terrain, notamment dans l&rsquo;optique de compenser le d\u00e9part d&rsquo;<a href=\"https:\/\/le10sport.com\/football\/mercato\/transfert-a-lom-cest-la-panique-avec-rabiot-755786\" rel=\"nofollow noopener\" target=\"_blank\">Adrien Rabiot<\/a>. L&rsquo;international fran\u00e7ais n&rsquo;est pas encore parti, mais il a \u00e9t\u00e9 plac\u00e9 sur la liste des transferts, et son d\u00e9part prend clairement forme et pourrait se conclure dans les prochaines heures.<\/p>\n<p>                                            L&rsquo;OM renonce au pr\u00eat de Ceballos !<\/p>\n<p>Dans cette optique, l&rsquo;<strong>OM<\/strong> a tent\u00e9 le coup pour <strong>Dani Ceballos<\/strong>. Pouss\u00e9 au d\u00e9part du <strong>Real Madrid<\/strong>, le milieu de terrain espagnol semblait \u00eatre int\u00e9ress\u00e9 \u00e0 l&rsquo;id\u00e9e de rejoindre le club phoc\u00e9en. Mais alors qu&rsquo;un accord avait \u00e9t\u00e9 trouv\u00e9 avec le <strong>Real Madrid<\/strong> autour d&rsquo;un pr\u00eat avec une option d&rsquo;achat, <strong>Dani Ceballos<\/strong> a finalement d\u00e9cid\u00e9 de mettre en stand by les discussions avec les Marseillais. N&rsquo;ayant aucune intention de perdre son temps, <a href=\"https:\/\/le10sport.com\/football\/mercato\/transfer-de-ceballos-lom-prend-une-decision-surrealiste-755855\" rel=\"nofollow noopener\" target=\"_blank\">l&rsquo;OM a d\u00e9cid\u00e9 de clore ce dossier<\/a>. Les discussions sont donc termin\u00e9es et <strong>Dani Ceballos<\/strong> ne rejoindra pas la cit\u00e9 phoc\u00e9enne.<\/p>\n<p>                                            Qui pour remplacer Rabiot ?<\/p>\n<p>Une sacr\u00e9e d\u00e9sillusion pour les Marseillais qui esp\u00e9raient bien faire de <strong>Dani Ceballos<\/strong> le rempla\u00e7ant d&rsquo;<strong>Adrien Rabiot<\/strong>, toujours annonc\u00e9 sur le d\u00e9part. Par cons\u00e9quent, l&rsquo;<strong>OM<\/strong> va devoir trouver une solution sur le mercato. Une offre aurait ainsi \u00e9t\u00e9 transmise \u00e0 <strong>Benfica <\/strong>pour <a href=\"https:\/\/le10sport.com\/football\/mercato\/transfert-annule-avec-le-real-madrid-lom-a-trouve-un-nouveau-joueur-et-lache-une-offre-de-20meur-755861\" rel=\"nofollow noopener\" target=\"_blank\">Florentino Luis<\/a>, un profil tr\u00e8s diff\u00e9rent de celui de <strong>Dani Ceballos<\/strong>. Mais il n&rsquo;est pas \u00e0 exclure qu&rsquo;une nouvelle piste apparaisse d&rsquo;ici lundi.<\/p>\n<p><strong>Selon vous, l&rsquo;OM fait-il une erreur en renon\u00e7ant \u00e0 la signature de Dani Ceballos ?<\/strong><\/p>\n","protected":false},"excerpt":{"rendered":"Arthur Montagne &#8211; Journaliste Affam\u00e9 de sport, il a grandi au son des moteurs de Formule 1 et&hellip;\n","protected":false},"author":2,"featured_media":349658,"comment_status":"","ping_status":"","sticky":false,"template":"","format":"standard","meta":{"footnotes":""},"categories":[1412],"tags":[1451,1452,1453,1454,1455,1011,27,60],"class_list":{"0":"post-349657","1":"post","2":"type-post","3":"status-publish","4":"format-standard","5":"has-post-thumbnail","7":"category-f1","8":"tag-f1","9":"tag-formula-1","10":"tag-formula1","11":"tag-formule-1","12":"tag-formule1","13":"tag-fr","14":"tag-france","15":"tag-sports"},"share_on_mastodon":{"url":"https:\/\/pubeurope.com\/@fr\/115105604815545942","error":""},"_links":{"self":[{"href":"https:\/\/www.europesays.com\/fr\/wp-json\/wp\/v2\/posts\/349657","targetHints":{"allow":["GET"]}}],"collection":[{"href":"https:\/\/www.europesays.com\/fr\/wp-json\/wp\/v2\/posts"}],"about":[{"href":"https:\/\/www.europesays.com\/fr\/wp-json\/wp\/v2\/types\/post"}],"author":[{"embeddable":true,"href":"https:\/\/www.europesays.com\/fr\/wp-json\/wp\/v2\/users\/2"}],"replies":[{"embeddable":true,"href":"https:\/\/www.europesays.com\/fr\/wp-json\/wp\/v2\/comments?post=349657"}],"version-history":[{"count":0,"href":"https:\/\/www.europesays.com\/fr\/wp-json\/wp\/v2\/posts\/349657\/revisions"}],"wp:featuredmedia":[{"embeddable":true,"href":"https:\/\/www.europesays.com\/fr\/wp-json\/wp\/v2\/media\/349658"}],"wp:attachment":[{"href":"https:\/\/www.europesays.com\/fr\/wp-json\/wp\/v2\/media?parent=349657"}],"wp:term":[{"taxonomy":"category","embeddable":true,"href":"https:\/\/www.europesays.com\/fr\/wp-json\/wp\/v2\/categories?post=349657"},{"taxonomy":"post_tag","embeddable":true,"href":"https:\/\/www.europesays.com\/fr\/wp-json\/wp\/v2\/tags?post=349657"}],"curies":[{"name":"wp","href":"https:\/\/api.w.org\/{rel}","templated":true}]}}