{"id":349659,"date":"2025-08-28T09:08:15","date_gmt":"2025-08-28T09:08:15","guid":{"rendered":"https:\/\/www.europesays.com\/fr\/349659\/"},"modified":"2025-08-28T09:08:15","modified_gmt":"2025-08-28T09:08:15","slug":"tour-despagne-parcours-epreuve-horaires-de-depart-et-darrivee-la-sixieme-etape-quitte-la-catalogne-et-prend-la-direction-de-landorre","status":"publish","type":"post","link":"https:\/\/www.europesays.com\/fr\/349659\/","title":{"rendered":"Tour d\u2019Espagne\u00a0: parcours, \u00e9preuve, horaires de d\u00e9part et d\u2019arriv\u00e9e\u2026 La sixi\u00e8me \u00e9tape quitte la Catalogne et prend la direction de l\u2019Andorre"},"content":{"rendered":"<p>\n                                                                Lors de la sixi\u00e8me \u00e9tape du Tour d\u2019Espagne (Vuelta), ce jeudi 28\u00a0ao\u00fbt, les coureurs prendront le d\u00e9part \u00e0 Olot, en Catalogne, et se rendront \u00e0 Pal, un village de l\u2019Andorre.\n                            <\/p>\n<p>Ce jeudi, pour <strong>la sixi\u00e8me \u00e9tape du\u00a0Tour d\u2019Espagne (Vuelta)<\/strong>, les coureurs vont d\u00e9finitivement quitter la Catalogne alors qu\u2019une \u00e9preuve du contre-la-montre par \u00e9quipes\u00a0s\u2019\u00e9tait tenue, <a href=\"https:\/\/www.lindependant.fr\/2025\/08\/27\/tour-despagne-parcours-epreuve-horaires-de-depart-et-darrivee-la-cinquieme-etape-sinvite-dans-les-rues-de-figueres-en-catalogne-12895772.php\" target=\"_self\" rel=\"nofollow noopener\"><strong>la veille, dans les rues de Figueres,<\/strong> avec un trac\u00e9 de 24,1\u00a0km.<\/a><\/p>\n<p>Pour cette nouvelle journ\u00e9e, les cyclistes vont partir <strong>d\u2019Olot (Catalogne),<\/strong> une ville situ\u00e9e au nord-ouest de G\u00e9rone pour se rendre \u00e0<strong> Pal, un village de l\u2019Andorre.<\/strong><\/p>\n<p>        <img decoding=\"async\" class=\"std-img__img responsive-img\" src=\"https:\/\/www.europesays.com\/fr\/wp-content\/uploads\/2025\/08\/1756372095_900_image.png\" alt=\"Le parcours des coureurs pour la sixi\u00e8me \u00e9tape du Tour d\u2019Espagne.\"\/><\/p>\n<p>                Le parcours des coureurs pour la sixi\u00e8me \u00e9tape du Tour d\u2019Espagne.<br \/>\n                                    Capture \u00e9cran site de la Vuelta<\/p>\n<p>Une nouvelle <strong>\u00e9preuve de pr\u00e8s de 170,3\u00a0km<\/strong> durant laquelle les cyclistes vont \u00eatre confront\u00e9s \u00e0\u00a0<strong>quatre cols.<\/strong><\/p>\n<p><strong>Un\u00a0de cat\u00e9gorie 3, <\/strong>avec le col de Sentigosa qui culmine \u00e0 1059 m\u00e8tres avec 11,4\u00a0km de mont\u00e9e. <strong>Deux de cat\u00e9gorie 1,<\/strong> avec le col de Tose qui culmine \u00e0 1790 m\u00e8tres avec 24,3\u00a0km de mont\u00e9e et celui de Pal, qui culmine \u00e0 1901 m\u00e8tres avec 9,6\u00a0km de mont\u00e9e.<\/p>\n<p>Enfin, <strong>un col est enregistr\u00e9 comme \u00e9tant de cat\u00e9gorie 2<\/strong>, celui de la Comella qui culmine \u00e0 1347 m\u00e8tres d\u2019altitude avec 4,2\u00a0km de mont\u00e9e, d\u00e9taille le site de la<a href=\"https:\/\/www.lavuelta.es\/fr\/etape-6\" target=\"_self\" rel=\"nofollow noopener\"> Vuelta.<\/a><\/p>\n<p>En ce qui concerne<strong> l\u2019horaire de d\u00e9part,<\/strong> celui-ci est pr\u00e9vu de 12\u00a0h\u00a035 tandis que <strong>l\u2019arriv\u00e9e<\/strong> est \u00e9valu\u00e9e aux alentours de 17\u00a0h\u00a016.<\/p>\n","protected":false},"excerpt":{"rendered":"Lors de la sixi\u00e8me \u00e9tape du Tour d\u2019Espagne (Vuelta), ce jeudi 28\u00a0ao\u00fbt, les coureurs prendront le d\u00e9part \u00e0&hellip;\n","protected":false},"author":2,"featured_media":349660,"comment_status":"","ping_status":"","sticky":false,"template":"","format":"standard","meta":{"footnotes":""},"categories":[1411],"tags":[1154,207,1011,27,60],"class_list":{"0":"post-349659","1":"post","2":"type-post","3":"status-publish","4":"format-standard","5":"has-post-thumbnail","7":"category-cyclisme","8":"tag-cycling","9":"tag-cyclisme","10":"tag-fr","11":"tag-france","12":"tag-sports"},"share_on_mastodon":{"url":"https:\/\/pubeurope.com\/@fr\/115105608855180769","error":""},"_links":{"self":[{"href":"https:\/\/www.europesays.com\/fr\/wp-json\/wp\/v2\/posts\/349659","targetHints":{"allow":["GET"]}}],"collection":[{"href":"https:\/\/www.europesays.com\/fr\/wp-json\/wp\/v2\/posts"}],"about":[{"href":"https:\/\/www.europesays.com\/fr\/wp-json\/wp\/v2\/types\/post"}],"author":[{"embeddable":true,"href":"https:\/\/www.europesays.com\/fr\/wp-json\/wp\/v2\/users\/2"}],"replies":[{"embeddable":true,"href":"https:\/\/www.europesays.com\/fr\/wp-json\/wp\/v2\/comments?post=349659"}],"version-history":[{"count":0,"href":"https:\/\/www.europesays.com\/fr\/wp-json\/wp\/v2\/posts\/349659\/revisions"}],"wp:featuredmedia":[{"embeddable":true,"href":"https:\/\/www.europesays.com\/fr\/wp-json\/wp\/v2\/media\/349660"}],"wp:attachment":[{"href":"https:\/\/www.europesays.com\/fr\/wp-json\/wp\/v2\/media?parent=349659"}],"wp:term":[{"taxonomy":"category","embeddable":true,"href":"https:\/\/www.europesays.com\/fr\/wp-json\/wp\/v2\/categories?post=349659"},{"taxonomy":"post_tag","embeddable":true,"href":"https:\/\/www.europesays.com\/fr\/wp-json\/wp\/v2\/tags?post=349659"}],"curies":[{"name":"wp","href":"https:\/\/api.w.org\/{rel}","templated":true}]}}