{"id":349661,"date":"2025-08-28T09:09:10","date_gmt":"2025-08-28T09:09:10","guid":{"rendered":"https:\/\/www.europesays.com\/fr\/349661\/"},"modified":"2025-08-28T09:09:10","modified_gmt":"2025-08-28T09:09:10","slug":"man-utd-amorim-totalement-depite-maxifoot","status":"publish","type":"post","link":"https:\/\/www.europesays.com\/fr\/349661\/","title":{"rendered":"Man Utd : Amorim totalement d\u00e9pit\u00e9&#8230; &#8211; Maxifoot"},"content":{"rendered":"<ol>\n<li><a href=\"https:\/\/news.google.com\/rss\/articles\/CBMifkFVX3lxTE1qRHhEQ1k3WDRyS21mX2FaamhVc3oxRXJSNllmVk0tSEt1RklITGV2emN1YjgyMG9Zdk1FSEhTX2ZQNEpUQWVCZDJGZ1pZcVFBTmRoOVVLUE91YzdjQzB6VzZEakFkczloOE1JQklQRW9ObkVWR0V5SXhZWnNjQdIBfEFVX3lxTE1nQU4tTGRzZUQ2UUpvamQwNi1MYUlRSDdRZFVWZElTQUo4TGRMYWZLS1dZd3NEVzZTQ1NaODd1YTgxZmJ1UEdHZ0d5SFlUNmxfNXU4a2ttaUpROEloSndSTTRSYlpCUXFmcTRHak1MczZmZ0lsVWNJUzVLc2k?oc=5\" target=\"_blank\" rel=\"nofollow noopener\">Man Utd : Amorim totalement d\u00e9pit\u00e9&#8230;<\/a>&nbsp;&nbsp;Maxifoot<\/li>\n<li><a href=\"https:\/\/news.google.com\/rss\/articles\/CBMiyAFBVV95cUxPUVpfVFZvb0RlSUEzZlZQVDhoemJHU01naTRjVGhkQmthTVRjOTJESG83SzIwREZFbnpRbUEtTVU1Zk1oZnY2TDZTMEI5Y2JtOU52ZHU4RVducDlsWUYzWF9RaEc1SkVCM184RGg5UTMxTVhFdGxULUV6cHBEWjAxaGhYU09qeUU4V2lvZU8xSHN0bTF0YUo3dlNPVGRQVUIyR1lBWTJhMGVteGU3clYwb2ZSTUk3ZmQtVFJuaWRsa2FWTmx2cnd3Vw?oc=5\" target=\"_blank\" rel=\"nofollow noopener\">Ruben Amorim se fait massacrer apr\u00e8s l\u2019\u00e9limination pitoyable de Manchester United<\/a>&nbsp;&nbsp;Foot Mercato<\/li>\n<li><a href=\"https:\/\/news.google.com\/rss\/articles\/CBMi3AFBVV95cUxNY1pRTUY2SVFFNVY2U0EyQ09PSlI2Z2JBNGNYVGV4c1Y0SXVaSmo3U1FnUkY0cVVhZlpqT1N5cFdtTlNjUm1fdVpmblRaUHBVMnZCSFhwVzZOUWFBRHFFeUQyWkhlMWlEV1dwcktSTEh2aXFPSTdYRk1DUHRRT2stbno3OUgxbzRWaTBXWXNDWlhMWmh2cEhMNW9NOG5ZamhjS1p0TVFnSHhFMER6YVVKS0dSb2VoeEdtS0RHeG1sdzd0ZjJwVFptMk9Eb2FQRFRNU1N1djBLZFI1OXFX?oc=5\" target=\"_blank\" rel=\"nofollow noopener\">Coupe de la Ligue anglaise : Manchester United sorti par un club de quatri\u00e8me division<\/a>&nbsp;&nbsp;Le Figaro<\/li>\n<li><a href=\"https:\/\/news.google.com\/rss\/articles\/CBMi1wFBVV95cUxNaDRrUXM2UGVKTUhGaHd2dFJzSkFrVXE2MkdaOGF6bzkzaVpzYTRuOXJrODByZzVacjA3RXVZNjNCbUpsRS1GUUU3NFYtbVNMOFhtZXlTTEpQTVVuVnZ6MXc3YzUwdUxKWUxMRS13amY2M2kzLVFJSzlrSFpKUk1MTDdxZTc1VGJYTzVGd1NNUHoxcEYwcWpmVlh1WlpwcEFLWGwxREFldjZoQzFrckpxQ2dIeHZVd1Nxc2hFY1NZT1dKVHJrTFk1ZXlYc2U1WTBoUU1lcG1rTQ?oc=5\" target=\"_blank\" rel=\"nofollow noopener\">Man United prend la mar\u00e9e contre une D4 anglaise et paume aux tirs au but<\/a>&nbsp;&nbsp;20 Minutes<\/li>\n<li><a href=\"https:\/\/news.google.com\/rss\/articles\/CBMi8gFBVV95cUxNUDRraTlZYzBfcEpZZjdUdS1ldkgyR0xseVctOEwyRXdCNXBqbXRnanJsdmpIZGNWc1RsaC1RcGpLWW15dmpkVVVYY3pxa2hoTGNLRldWdTh5anFiTHJxNGk0VXhrX3BiYjRIaUpOLTlkOHNTVFF2eVRqazY1VnRocnJvcVVENXlpb3Q0ZzRiWlpJck53Q1VHaGJ5dHRnaE5VWVVqWS04bzQyUzQwSl9XOWRURDF0azl0aXdQRjdkVG0wcG9GZ1pkVWZtWU56N2ZrTDYzb1dfR0wtaDVWVmhQZ2xkVGNNOTBJZmw4N3hULTgtdw?oc=5\" target=\"_blank\" rel=\"nofollow noopener\">Carabao Cup: Manchester United humili\u00e9 par un club de 4e division, Amorim sous (grosse) pression<\/a>&nbsp;&nbsp;RMC Sport<\/li>\n<\/ol>\n","protected":false},"excerpt":{"rendered":"Man Utd : Amorim totalement d\u00e9pit\u00e9&#8230;&nbsp;&nbsp;Maxifoot Ruben Amorim se fait massacrer apr\u00e8s l\u2019\u00e9limination pitoyable de Manchester United&nbsp;&nbsp;Foot Mercato&hellip;\n","protected":false},"author":2,"featured_media":349662,"comment_status":"","ping_status":"","sticky":false,"template":"","format":"standard","meta":{"footnotes":""},"categories":[1410],"tags":[63,1011,27,60],"class_list":{"0":"post-349661","1":"post","2":"type-post","3":"status-publish","4":"format-standard","5":"has-post-thumbnail","7":"category-football","8":"tag-football","9":"tag-fr","10":"tag-france","11":"tag-sports"},"share_on_mastodon":{"url":"https:\/\/pubeurope.com\/@fr\/115105612698316770","error":""},"_links":{"self":[{"href":"https:\/\/www.europesays.com\/fr\/wp-json\/wp\/v2\/posts\/349661","targetHints":{"allow":["GET"]}}],"collection":[{"href":"https:\/\/www.europesays.com\/fr\/wp-json\/wp\/v2\/posts"}],"about":[{"href":"https:\/\/www.europesays.com\/fr\/wp-json\/wp\/v2\/types\/post"}],"author":[{"embeddable":true,"href":"https:\/\/www.europesays.com\/fr\/wp-json\/wp\/v2\/users\/2"}],"replies":[{"embeddable":true,"href":"https:\/\/www.europesays.com\/fr\/wp-json\/wp\/v2\/comments?post=349661"}],"version-history":[{"count":0,"href":"https:\/\/www.europesays.com\/fr\/wp-json\/wp\/v2\/posts\/349661\/revisions"}],"wp:featuredmedia":[{"embeddable":true,"href":"https:\/\/www.europesays.com\/fr\/wp-json\/wp\/v2\/media\/349662"}],"wp:attachment":[{"href":"https:\/\/www.europesays.com\/fr\/wp-json\/wp\/v2\/media?parent=349661"}],"wp:term":[{"taxonomy":"category","embeddable":true,"href":"https:\/\/www.europesays.com\/fr\/wp-json\/wp\/v2\/categories?post=349661"},{"taxonomy":"post_tag","embeddable":true,"href":"https:\/\/www.europesays.com\/fr\/wp-json\/wp\/v2\/tags?post=349661"}],"curies":[{"name":"wp","href":"https:\/\/api.w.org\/{rel}","templated":true}]}}