{"id":349665,"date":"2025-08-28T09:11:20","date_gmt":"2025-08-28T09:11:20","guid":{"rendered":"https:\/\/www.europesays.com\/fr\/349665\/"},"modified":"2025-08-28T09:11:20","modified_gmt":"2025-08-28T09:11:20","slug":"vous-croyez-que-moi-aussi-je-ferai-ca-un-jour-a-9-ans-samuel-est-le-plus-jeune-artiste-a-exposer-ses-dessins-a-agen","status":"publish","type":"post","link":"https:\/\/www.europesays.com\/fr\/349665\/","title":{"rendered":"\u00ab\u00a0Vous croyez que moi aussi, je ferai \u00e7a un jour\u00a0?\u00a0\u00bb: \u00e0 9 ans, Samuel est le plus jeune artiste \u00e0 exposer ses dessins \u00e0 Agen"},"content":{"rendered":"<p>\n                                                                    l&rsquo;essentiel<br \/>\n                                                                La galerie 110, sur le boulevard de la R\u00e9publique, va accueillir les dessins d\u2019un jeune gar\u00e7on particuli\u00e8rement prolifique.\n                            <\/p>\n<p>Cette ann\u00e9e, il sera sans doute le plus jeune artiste \u00e0 exposer ses \u0153uvres dans tout le Lot-et-Garonne. Les dessins de Samuel Abiker, alias Sam\u2019Art, vont orner les murs de la galerie\u00a0110, boulevard de la R\u00e9publique, au c\u0153ur d\u2019Agen, les 30 et 31\u00a0ao\u00fbt. Une expo \u00e0 la mani\u00e8re d\u2019un pro, du haut de ses neuf ans, c\u2019est un week-end qu\u2019il ne risque pas d\u2019oublier\u00a0!<\/p>\n<p>\u00ab\u00a0Attention, ne perdons pas de vue que ce sont les dessins d\u2019un enfant\u00a0\u00bb, pr\u00e9cise sa maman\u00a0Chlo\u00e9. \u00ab\u00a0C\u2019est avant tout un projet de c\u0153ur, initi\u00e9 par notre fils, que nous avons choisi d\u2019accompagner avec bienveillance, sans pression ni objectif de performance. L\u2019id\u00e9e est de lui offrir un espace pour s\u2019exprimer. Quelque chose de tr\u00e8s simple, juste pour son plaisir. Il ne cherche pas la perfection ou la reconnaissance.\u00a0\u00bb<\/p>\n<p>\u00ab\u00a0Une pile \u00e9lectrique\u00a0\u00bb<\/p>\n<p>Des dessins d\u2019enfant, mais qui ont tout de m\u00eame trouv\u00e9 un public. Avec son mari Simon, photographe, Chlo\u00e9 a l\u2019habitude d\u2019afficher les cr\u00e9ations de son fils sur son lieu de travail, comme beaucoup de parents. Sur place, des clients ont fait remarquer au couple la particularit\u00e9 du trait de Samuel. Si la plupart des enfants dessinent des personnages de face, ou se contentent de bonshommes b\u00e2tons, le petit gar\u00e7on, lui, repr\u00e9sente plusieurs de ses personnages de profil, en insistant sur leurs expressions, les regards.<\/p>\n<p>\u00ab\u00a0On a pu constater une \u00e9volution chez lui\u00a0\u00bb, sourit Chlo\u00e9. \u00ab\u00a0Il a dessin\u00e9 tr\u00e8s t\u00f4t, vers l\u2019\u00e2ge de quatre ans. \u00c0 une \u00e9poque, il s\u2019inspirait de l\u2019actualit\u00e9. Des choses qu\u2019il pouvait retirer des livres, des journaux. Des policiers aux prises avec des voleurs, par exemple. Ses derni\u00e8res s\u00e9ries de dessins (qui ne seront pas visibles \u00e0 l\u2019expo) portent sur un super-h\u00e9ros. Dans ses cr\u00e9ations les plus r\u00e9centes, on trouve pas mal de r\u00e9f\u00e9rences fantastiques.\u00a0\u00bb<\/p>\n<p>Ne pas attendre d\u2019\u00eatre grand<\/p>\n<p>La technique pr\u00e9f\u00e9r\u00e9e de Samuel\u00a0? Le Bic\u00a0! Le petit gar\u00e7on utilise peu de couleurs dans ses \u0153uvres. \u00ab\u00a0Il ne veut pas perdre de temps quand il dessine, alors il garde la m\u00eame couleur\u00a0\u00bb, reprend Chlo\u00e9. \u00ab\u00a0Samuel est une pile \u00e9lectrique. Tr\u00e8s dynamique, il ne s\u2019arr\u00eate jamais. Ses seuls moments de calme sont le dessin et la lecture.\u00a0\u00bb<\/p>\n<p>Prolifique, le jeune artiste en herbe a fourni 200 dessins \u00e0 ses parents, qui en ont s\u00e9lectionn\u00e9 76 pour l\u2019exposition \u00e0 la galerie 110. \u00ab\u00a0L\u2019ann\u00e9e derni\u00e8re, Samuel a rencontr\u00e9 l\u2019artiste Jessie D\u00e9sol\u00e9e quand elle exposait au mus\u00e9e d\u2019Agen.\u00a0\u00c7a a \u00e9t\u00e9 l\u2019\u00e9l\u00e9ment d\u00e9clencheur pour lui. Quand elle a su qu\u2019il aimait le dessin, elle lui a dit \u00ab\u00a0si tu as envie d\u2019exposer, fais-le tant que tu es jeune\u00a0!\u00a0\u00bb Peu apr\u00e8s, il nous a demand\u00e9 \u00ab\u00a0vous croyez que moi aussi, un jour, je ferai \u00e7a\u00a0?\u00a0\u00bb Pour lui, cette expo est une mani\u00e8re de se dire que c\u2019est possible, que ses id\u00e9es ont de la valeur.\u00a0\u00bb<\/p>\n<p>Et peut-\u00eatre un moyen de motiver d\u2019autres enfants, les inciter \u00e0 partager ce qui les fait vibrer, sans forc\u00e9ment attendre d\u2019\u00eatre \u00ab\u00a0grands\u00a0\u00bb pour le faire.<\/p>\n<p>Exposition \u00e0 d\u00e9couvrir le 30\u00a0ao\u00fbt de 10h \u00e0 18h et le 31\u00a0ao\u00fbt de 10h \u00e0 14h. Galerie 110, au 110 boulevard de la R\u00e9publique, 47000 Agen.<\/p>\n","protected":false},"excerpt":{"rendered":"l&rsquo;essentiel La galerie 110, sur le boulevard de la R\u00e9publique, va accueillir les dessins d\u2019un jeune gar\u00e7on particuli\u00e8rement&hellip;\n","protected":false},"author":2,"featured_media":349666,"comment_status":"","ping_status":"","sticky":false,"template":"","format":"standard","meta":{"footnotes":""},"categories":[1358],"tags":[1348,1384,1385,1386,58,59,1011,27],"class_list":{"0":"post-349665","1":"post","2":"type-post","3":"status-publish","4":"format-standard","5":"has-post-thumbnail","7":"category-arts-et-design","8":"tag-arts","9":"tag-arts-and-design","10":"tag-arts-et-design","11":"tag-design","12":"tag-divertissement","13":"tag-entertainment","14":"tag-fr","15":"tag-france"},"share_on_mastodon":{"url":"https:\/\/pubeurope.com\/@fr\/115105620877886497","error":""},"_links":{"self":[{"href":"https:\/\/www.europesays.com\/fr\/wp-json\/wp\/v2\/posts\/349665","targetHints":{"allow":["GET"]}}],"collection":[{"href":"https:\/\/www.europesays.com\/fr\/wp-json\/wp\/v2\/posts"}],"about":[{"href":"https:\/\/www.europesays.com\/fr\/wp-json\/wp\/v2\/types\/post"}],"author":[{"embeddable":true,"href":"https:\/\/www.europesays.com\/fr\/wp-json\/wp\/v2\/users\/2"}],"replies":[{"embeddable":true,"href":"https:\/\/www.europesays.com\/fr\/wp-json\/wp\/v2\/comments?post=349665"}],"version-history":[{"count":0,"href":"https:\/\/www.europesays.com\/fr\/wp-json\/wp\/v2\/posts\/349665\/revisions"}],"wp:featuredmedia":[{"embeddable":true,"href":"https:\/\/www.europesays.com\/fr\/wp-json\/wp\/v2\/media\/349666"}],"wp:attachment":[{"href":"https:\/\/www.europesays.com\/fr\/wp-json\/wp\/v2\/media?parent=349665"}],"wp:term":[{"taxonomy":"category","embeddable":true,"href":"https:\/\/www.europesays.com\/fr\/wp-json\/wp\/v2\/categories?post=349665"},{"taxonomy":"post_tag","embeddable":true,"href":"https:\/\/www.europesays.com\/fr\/wp-json\/wp\/v2\/tags?post=349665"}],"curies":[{"name":"wp","href":"https:\/\/api.w.org\/{rel}","templated":true}]}}