{"id":349667,"date":"2025-08-28T09:12:18","date_gmt":"2025-08-28T09:12:18","guid":{"rendered":"https:\/\/www.europesays.com\/fr\/349667\/"},"modified":"2025-08-28T09:12:18","modified_gmt":"2025-08-28T09:12:18","slug":"le-premier-roman-de-lidole-underground-rebeka-warrior-parmi-nos-coups-de-coeur-livres","status":"publish","type":"post","link":"https:\/\/www.europesays.com\/fr\/349667\/","title":{"rendered":"Le premier roman de l\u2019idole underground Rebeka Warrior parmi nos coups de c\u0153ur livres"},"content":{"rendered":"<p class=\"intro\">\n\tLa chanteuse, musicienne et DJ Rebeka Warrior publie son premier roman, Toutes les vies. Un de nos coups de c\u0153ur livres de cette semaine. <\/p>\n<p>Toutes les vies    <\/p>\n<p>Premier roman de Rebeka Warrior. Editions Stock, 278 pages.<\/p>\n<p>La cote de Focus: 4,5\/5<\/p>\n<p class=\"dropcap\">Il est des personnalit\u00e9s qui marquent une \u00e9poque. Intronis\u00e9e <strong>idole underground <\/strong>de l\u2019\u00e9lectro-punk queer au d\u00e9but des ann\u00e9es 2000, Rebeka Warrior s\u2019est peu \u00e0 peu impos\u00e9e comme \u00abune<strong> figure incontournable de la sc\u00e8ne ind\u00e9 fran\u00e7aise<\/strong>, mais aussi une r\u00e9f\u00e9rence pour la nouvelle g\u00e9n\u00e9ration\u00bb, comme l\u2019\u00e9crivait Laurent Hoebrechts dans Focus d\u00e9but 2025. C\u2019est donc \u00e0 la fois avec <strong>surprise et excitation<\/strong> qu\u2019\u00e9tait accueillie l\u2019annonce de la publication de son <strong>premier roman<\/strong>, <a target=\"_blank\" rel=\"noopener noreferrer nofollow\" href=\"https:\/\/www.editions-stock.fr\/livre\/toutes-les-vies-9782234097711\/\">Toutes les vies<\/a>, en cette foisonnante rentr\u00e9e litt\u00e9raire. Disons-le d\u2019embl\u00e9e, on en a vu, des artistes venus d\u2019horizons divers s\u2019essayer \u00e0 l\u2019\u00e9criture romanesque pour y trouver une l\u00e9gitimit\u00e9 artistique et une r\u00e9compense narcissique. Mais la chanteuse, musicienne et DJ (<a target=\"_blank\" rel=\"noopener noreferrer nofollow\" href=\"https:\/\/mansfieldtya.bandcamp.com\/music\">Mansfield. TYA<\/a>, <a target=\"_blank\" rel=\"noopener noreferrer nofollow\" href=\"https:\/\/sexysushi.bandcamp.com\/\">Sexy Sushi<\/a>,<a target=\"_blank\" rel=\"noopener noreferrer nofollow\" href=\"https:\/\/kompromat-official.bandcamp.com\/\"> Kompromat<\/a>) <strong>renouvelle avec brio sa voix autant que sa voie <\/strong>avec cette <strong>autofiction percutante<\/strong> <strong>et vive<\/strong> qui retrace la mort pr\u00e9coce de sa femme, atteinte d\u2019un cancer du sein, et son processus de deuil.<\/p>\n<p>A sa singuli\u00e8re fa\u00e7on, <a target=\"_blank\" rel=\"noopener noreferrer nofollow\" href=\"https:\/\/www.editions-stock.fr\/livre\/toutes-les-vies-9782234097711\/\">Toutes les vies<\/a> est un <strong>roman d\u2019apprentissage<\/strong>, le r\u00e9cit du parcours initiatique d\u2019une femme d\u00e9construite par la mort de l\u2019\u00eatre aim\u00e9, et reconstruite par la spiritualit\u00e9. Un livre en deux parties, d\u2019abord la d\u00e9couverte d\u2019une grosseur dans le sein gauche de Pauline, alors qu\u2019elles sont en vacances au Mexique, puis<strong> le quotidien de la maladie<\/strong>, jusqu\u2019\u00e0 la fin. <strong>Ensuite le deuil et ses \u00e9tapes<\/strong>, la col\u00e8re, le d\u00e9ni, l\u2019acceptation, la qu\u00eate de consolation, en soi et hors de soi.<\/p>\n<p>Rebeka Warrior livre sans fard sa perception de la v\u00e9rit\u00e9 du combat men\u00e9 et perdu contre le cancer. Le poids pour la personne aidante, sa solitude qui s\u2019ajoute \u00e0 celle de la malade. <strong>La valse des sentiments, l\u2019amour qui d\u00e9chire et le d\u00e9sir qui vacille, le temps \u00e0 la fois si court et si long de la mort<\/strong>, citant Herv\u00e9 Guibert: \u00abUne maladie qui donnait le temps de mourir, et qui donnait \u00e0 la mort le temps de vivre.\u00bb Le texte est tiss\u00e9 de citations, Guibert, mais aussi Beauvoir, Hesse, Rousseau, Gide, Mann (beaucoup de \u00abvieux auteurs blancs, cis, et morts\u00bb, plaisante-t-elle, l\u2019humour \u00e9tant l\u2019un des traits saillants de la voix de l\u2019autrice). <strong>Ecrit \u00e0 la premi\u00e8re personne<\/strong>, il int\u00e8gre quelques lettres de Pauline, des extraits des carnets de l\u2019autrice, d\u00e9voilant sans fausse pudeur une intimit\u00e9 souvent bouleversante.<\/p>\n<p><img decoding=\"async\" src=\"data:image\/svg+xml,%3Csvg%20xmlns=\" http:=\"\" alt=\"\" class=\"wp-image-208613\" data-lazy-src=\"https:\/\/www.europesays.com\/fr\/wp-content\/uploads\/2025\/08\/toutes-les-vies-jpg.jpg\"\/><\/p>\n<p>Affranchie dans son rapport \u00e0 la forme, l\u2019\u00e9criture de Warrior \u00e9voque une scansion men\u00e9e comme une cavalcade, au rythme saccad\u00e9 des pulsations d\u2019un c\u0153ur meurtri. Affranchie, elle l\u2019est aussi dans son honn\u00eatet\u00e9: \u00abJe recensais mes erreurs. Je comptabilisais mes fautes. Je r\u00e9pertoriais mes mauvaises actions.\u00bb C\u2019est l\u00e0 que r\u00e9side la force du livre dans sa premi\u00e8re partie, dans sa <strong>capacit\u00e9 \u00e0 nommer les fautes comme les erreurs<\/strong>. La seconde partie, elle, offre au lecteur la possibilit\u00e9 d\u2019une consolation, suivant le cheminement entre foi et scepticisme de celle qui avait \u00absculpt[\u00e9] son \u00e2me\u00bb, et sa transformation r\u00e9demptrice, \u00abmi-punk, mi-bodhisattva\u00bb.<\/p>\n<p><strong>Aurore Engelen<\/strong><\/p>\n<p>D\u00e9bandade    <\/p>\n<p>R\u00e9cit de Camille Denant. Editions Academia. 158 pages. <\/p>\n<p>La cote de Focus: <strong>4\/5<\/strong><\/p>\n<p>C\u2019est l\u2019histoire, presque au sens litt\u00e9ral, d\u2019un homme qui va sortir du placard dans lequel les normes l\u2019ont longtemps enferm\u00e9. <strong>Paul<\/strong>, mari aimant, p\u00e8re de famille respectable, et <strong>h\u00e9t\u00e9rosexuel convaincu, du moins officiellement<\/strong>. <strong>Dans l\u2019ombre, Paul aime pratiquer des fellations<\/strong> et enlever son costume de m\u00e2le dominant dans les bras de ces \u00abfilles au grain de voie rauque\u00bb qui hantent, la nuit, les trottoirs de Bruxelles. <\/p>\n<p><img decoding=\"async\" src=\"data:image\/svg+xml,%3Csvg%20xmlns=\" http:=\"\" alt=\"\" class=\"wp-image-208614\" data-lazy-src=\"https:\/\/www.europesays.com\/fr\/wp-content\/uploads\/2025\/08\/debandade-jpg.jpg\"\/><\/p>\n<p>Parmi elles, <strong>Bianca, escort trans<\/strong> et migrante qui <strong>va d\u00e9finitivement le sortir de sa zone de confort<\/strong> devenue trop inconfortable\u2026 \u00abCette histoire, pleine de secrets et de moments embarrassants, il ne l\u2019a encore jamais racont\u00e9e \u00e0 personne.\u00bb Le narrateur et auteur, journaliste sous pseudo, va donc s\u2019en charger pour lui dans ce <a target=\"_blank\" rel=\"noopener noreferrer nofollow\" href=\"https:\/\/www.editions-academia.be\/livre-debandade_camille_denant-9782806138354-216821.html\">D\u00e9bandade<\/a>, <strong>court r\u00e9cit, parfois cru mais sans tabou<\/strong>, et qui en dit long sur les identit\u00e9s sexuelles et la masculinit\u00e9 contemporaine, tr\u00e8s \u00e9loign\u00e9e des clich\u00e9s.<\/p>\n<p><strong>O.V.V.<\/strong><\/p>\n<p>Ta vie dans un trou noir    <\/p>\n<p>Roman de Bucky Sinister. Editions Le Gospel, traduit de l\u2019anglais (Etats-Unis) par Alex Ratcharge, 220 pages. <\/p>\n<p>La cote de Focus: <strong>3,5\/5<\/strong><\/p>\n<p>\u00abVoil\u00e0 comment on sait que la dope est bonne. Quand on n\u2019a plus la moindre id\u00e9e de quel jour on est.\u00bb <strong>Chuck <\/strong>sait de quoi il parle. <strong>La drogue, il en conna\u00eet un rayon.<\/strong> Pour survivre dans ce San Francisco qu\u2019il ne reconna\u00eet plus, il se drogue, et turbine dans une entreprise sp\u00e9cialis\u00e9e dans l\u2019improbable business des minibaleines, nouvelle marotte des ultrariches de la tech. Attir\u00e9 dans la ville par la sc\u00e8ne punk locale des ann\u00e9es 1980, l\u2019auteur, Bucky Sinister, ne cesse d\u2019ailleurs de faire pester Chuck contre ces nouveaux rois de la Silicon Valley, qu\u2019il tient pour responsables de la gentrification exponentielle de la ville, d\u00e9sormais envahie de Starbucks et de hipsters adeptes de leur sacro-saint brunch dominical, \u00abla discoth\u00e8que de cette d\u00e9cennie\u00bb. <strong>Toujours pr\u00eat \u00e0 tester la derni\u00e8re pilule stup\u00e9fiante, Chuck tombe sur<\/strong> <strong>un \u00e9trange caillou<\/strong> qui ne s\u2019alt\u00e9rerait jamais. <strong>Son patron, lui, est retrouv\u00e9 mort, sauvagement assassin\u00e9. Chuck serait-il de pr\u00e8s ou de loin impliqu\u00e9?<\/strong> \u00abOn n\u2019est pas parano quand on est vraiment poursuivi\u00bb, se lance-t-il \u00e0 lui-m\u00eame, d\u00e9sormais en cavale. L\u2019occasion inesp\u00e9r\u00e9e de laisser derri\u00e8re lui son impressionnante carri\u00e8re de junkie \u2013et de s\u2019offrir la cure de d\u00e9sintoxication VIP (rencontre et s\u00e9duction de l\u2019actrice Fairuza Balk incluses) dont il r\u00eave secr\u00e8tement?<\/p>\n<p><img decoding=\"async\" src=\"data:image\/svg+xml,%3Csvg%20xmlns=\" http:=\"\" alt=\"\" class=\"wp-image-208615\" data-lazy-src=\"https:\/\/www.europesays.com\/fr\/wp-content\/uploads\/2025\/08\/couv-hd3-jpg.jpg\"\/><\/p>\n<p>Dans <a target=\"_blank\" rel=\"noopener noreferrer nofollow\" href=\"https:\/\/le-gospel.fr\/les-influences-de-bucky-sinister-pour-ta-vie-dans-un-trou-noir\/?utm_source=rss&amp;utm_medium=rss&amp;utm_campaign=les-influences-de-bucky-sinister-pour-ta-vie-dans-un-trou-noir\">Ta vie dans un trou noir<\/a>, <strong>roman (litt\u00e9ralement) hallucinant<\/strong>, on passe de l\u2019influence \u00ab\u00e9vidente\u00bb, selon l\u2019auteur, des livres d\u2019Hubert Selby Jr., ou, plus r\u00e9cent, de <a target=\"_blank\" rel=\"noopener noreferrer nofollow\" href=\"https:\/\/focus.levif.be\/livres\/les-memoires-de-jerry-stahl-enfin-reedites\/\">Jerry Stahl et de ses m\u00e9moires<\/a> (Permanent Midnight) \u2013pour ces descriptions parfois trash des drogues et de leurs effets\u2013 \u00e0 celle du <a target=\"_blank\" rel=\"noopener noreferrer nofollow\" href=\"https:\/\/www.youtube.com\/watch?v=wixOBXjZvtw\">After Hours<\/a><a target=\"_blank\" rel=\"noopener noreferrer nofollow\" href=\"https:\/\/www.youtube.com\/watch?v=wixOBXjZvtw\"> <\/a>de Martin Scorsese, pour les rebondissements incessants. Avant de poursuivre, la faute \u00e0 cette nouvelle drogue \u00e9trange, par-del\u00e0 le temps ou dans on ne sait quelle r\u00e9alit\u00e9 alternative ch\u00e8re \u00e0 Philip K. Dick. Excellent pr\u00e9texte pour \u00e9gratigner au passage l\u2019insipide \u00abFrisco\u00bb actuelle, tout en rendant un hommage \u00e0 ce que fut l\u2019ex-Mecque de la contre-culture.<\/p>\n<p><strong>M.R.<\/strong><\/p>\n","protected":false},"excerpt":{"rendered":"La chanteuse, musicienne et DJ Rebeka Warrior publie son premier roman, Toutes les vies. Un de nos coups&hellip;\n","protected":false},"author":2,"featured_media":349668,"comment_status":"","ping_status":"","sticky":false,"template":"","format":"standard","meta":{"footnotes":""},"categories":[1357],"tags":[1379,58,59,1011,27,1380],"class_list":{"0":"post-349667","1":"post","2":"type-post","3":"status-publish","4":"format-standard","5":"has-post-thumbnail","7":"category-livres","8":"tag-books","9":"tag-divertissement","10":"tag-entertainment","11":"tag-fr","12":"tag-france","13":"tag-livres"},"share_on_mastodon":{"url":"https:\/\/pubeurope.com\/@fr\/115105624534658310","error":""},"_links":{"self":[{"href":"https:\/\/www.europesays.com\/fr\/wp-json\/wp\/v2\/posts\/349667","targetHints":{"allow":["GET"]}}],"collection":[{"href":"https:\/\/www.europesays.com\/fr\/wp-json\/wp\/v2\/posts"}],"about":[{"href":"https:\/\/www.europesays.com\/fr\/wp-json\/wp\/v2\/types\/post"}],"author":[{"embeddable":true,"href":"https:\/\/www.europesays.com\/fr\/wp-json\/wp\/v2\/users\/2"}],"replies":[{"embeddable":true,"href":"https:\/\/www.europesays.com\/fr\/wp-json\/wp\/v2\/comments?post=349667"}],"version-history":[{"count":0,"href":"https:\/\/www.europesays.com\/fr\/wp-json\/wp\/v2\/posts\/349667\/revisions"}],"wp:featuredmedia":[{"embeddable":true,"href":"https:\/\/www.europesays.com\/fr\/wp-json\/wp\/v2\/media\/349668"}],"wp:attachment":[{"href":"https:\/\/www.europesays.com\/fr\/wp-json\/wp\/v2\/media?parent=349667"}],"wp:term":[{"taxonomy":"category","embeddable":true,"href":"https:\/\/www.europesays.com\/fr\/wp-json\/wp\/v2\/categories?post=349667"},{"taxonomy":"post_tag","embeddable":true,"href":"https:\/\/www.europesays.com\/fr\/wp-json\/wp\/v2\/tags?post=349667"}],"curies":[{"name":"wp","href":"https:\/\/api.w.org\/{rel}","templated":true}]}}