{"id":349669,"date":"2025-08-28T09:13:23","date_gmt":"2025-08-28T09:13:23","guid":{"rendered":"https:\/\/www.europesays.com\/fr\/349669\/"},"modified":"2025-08-28T09:13:23","modified_gmt":"2025-08-28T09:13:23","slug":"demain-nous-appartient-saison-9-un-nouveau-generique-2025-avec-des-surprises-et-des-absents","status":"publish","type":"post","link":"https:\/\/www.europesays.com\/fr\/349669\/","title":{"rendered":"Demain nous appartient saison 9 : un nouveau g\u00e9n\u00e9rique 2025 avec des surprises et des absents !"},"content":{"rendered":"<p>\tD\u00e9couvrez le nouveau g\u00e9n\u00e9rique Demain nous appartient saison 9 de la rentr\u00e9e 2025 :  les grands absents et les nouveaux venus, on vous dit tout.<br \/>\n<img fetchpriority=\"high\" decoding=\"async\" aria-describedby=\"caption-attachment-312353\" src=\"data:image\/svg+xml,%3Csvg%20xmlns=\" http:=\"\" alt=\"erica et fred au lyc\u00e9e dans DNA \" width=\"1280\" height=\"720\" class=\"size-full wp-image-312353\" data-lazy- data-lazy- data-lazy-src=\"https:\/\/www.europesays.com\/fr\/wp-content\/uploads\/2025\/08\/erica-fred-dna.jpg\"\/><\/p>\n<p id=\"caption-attachment-312353\" class=\"wp-caption-text\">Demain nous appartient saison 9 : \u00c9rica et Fred, les nouveaux visages du g\u00e9n\u00e9rique 2025<\/p>\n<p>C\u2019est parti ! <a href=\"https:\/\/www.nouveautes-tele.com\/62784-resume-demain-nous-appartient-tf1-en-avance-spoilers-devoiles.html\" rel=\"nofollow noopener\" target=\"_blank\"><strong>Demain nous appartient <\/strong><\/a>entame sa saison 9 d\u00e8s le lundi 1er septembre avec l\u2019\u00e9pisode 2021. Qui dit nouvelle saison dit forc\u00e9ment <a href=\"https:\/\/www.nouveautes-tele.com\/100517-nouveau-generique-demain-nous-appartient-en-2019-tf1-7-acteurs-mis-en-avant.html\" rel=\"nofollow noopener\" target=\"_blank\"><strong>nouveau g\u00e9n\u00e9rique<\/strong><\/a>\u2026 du moins en th\u00e9orie. Car cette ann\u00e9e, les \u00e9conomies semblent de mise : le g\u00e9n\u00e9rique fait peau neuve, mais seulement avec deux nouveaux plans. Le reste, reste inchang\u00e9. D\u00e9ception ou coup de g\u00e9nie ?<\/p>\n<p>Les grands absents du g\u00e9n\u00e9rique <\/p>\n<p>C\u2019est une mauvaise nouvelle qui risque de faire grincer des dents : <strong>Bart, Victor, William, Samuel <\/strong>mais aussi la famille Roussel ne sont plus dans le g\u00e9n\u00e9rique. Un oubli regrettable, car ces personnages ont pourtant une vraie importance dans la s\u00e9rie.<\/p>\n<p>Les nouveaux venus<br \/>\n<img loading=\"lazy\" decoding=\"async\" aria-describedby=\"caption-attachment-312347\" src=\"data:image\/svg+xml,%3Csvg%20xmlns=\" http:=\"\" alt=\"marceau et ellie dna \" width=\"1200\" height=\"739\" class=\"size-full wp-image-312347\" data-lazy- data-lazy- data-lazy-src=\"https:\/\/www.europesays.com\/fr\/wp-content\/uploads\/2025\/08\/generique-DNA2.jpg\"\/><\/p>\n<p id=\"caption-attachment-312347\" class=\"wp-caption-text\">Marceau, Ellie, Violette et Bastien ensemble<\/p>\n<p><\/p>\n<p>Bonne nouvelle tout de m\u00eame, deux acteurs font leur entr\u00e9e : Shirley Bousquet et Roby Schinasi, alias \u00c9rica et Fred (ndlr : <a href=\"https:\/\/www.nouveautes-tele.com\/312207-bart-et-erica-vidal-shirley-bousquet-le-couple-surprise-de-demain-nous-appartient.html\" rel=\"nofollow noopener\" target=\"_blank\"><strong>Erica et Bart ont une liaison amoureuse<\/strong><\/a>, le personnage va avoir une place importante dans DNA). On les d\u00e9couvre en arri\u00e8re-plan du lyc\u00e9e Georges-Brassens. Mais l\u00e0 encore, des absents font jaser : pourquoi ne pas avoir ajout\u00e9 Fran\u00e7ois (Emmanuel Moire) et M\u00e9lody (Nelly Lawson) qui sont aussi profs ? Un choix jug\u00e9 \u201cincompr\u00e9hensible\u201d par certains fans.<\/p>\n<p><img loading=\"lazy\" decoding=\"async\" aria-describedby=\"caption-attachment-312351\" src=\"data:image\/svg+xml,%3Csvg%20xmlns=\" http:=\"\" alt=\"Erica et Fred dna \" width=\"1200\" height=\"719\" class=\"size-full wp-image-312351\" data-lazy- data-lazy- data-lazy-src=\"https:\/\/www.europesays.com\/fr\/wp-content\/uploads\/2025\/08\/generique-DNA2ed.jpg\"\/><\/p>\n<p id=\"caption-attachment-312351\" class=\"wp-caption-text\">Erica et Fred au lyc\u00e9e : 2 nouveaux venus<\/p>\n<p>Les ados au premier plan <\/p>\n<p>C\u00f4t\u00e9 jeunesse, il y a du mouvement ! <strong>Violette et Bastien<\/strong> sont de la partie vu qu\u2019ils redoublent leur terminale, accompagn\u00e9s de deux petits nouveaux : <strong>Ellie (Carla Roturier) et Marceau (David Mousset).<\/strong><br \/>En revanche, <strong>pas de trace de Jack, Lizzie, Jordan ou Lilou<\/strong> : un coup dur pour les adeptes de ces personnages attachants.<\/p>\n<p>Les figures embl\u00e9matiques inchang\u00e9es<\/p>\n<p>Pas de nouveaut\u00e9 pour <strong>Chlo\u00e9 (Ingrid Chauvin)<\/strong>, toujours en ouverture, ni pour <strong>Alex (Alexandre Brasseur)<\/strong> qui cl\u00f4t le g\u00e9n\u00e9rique sur son bateau. M\u00eame constat pour le trio <strong>Audrey, Victoire et Rapha\u00eblle<\/strong> \u00e0 la paillote : aucune \u00e9volution visuelle ou de relooking. Certains se demandent m\u00eame pourquoi elles sont r\u00e9unies, puisqu\u2019elles interagissent peu ensemble \u00e0 l\u2019\u00e9cran des \u00e9pisodes DNA. Pour ceux qui se posaient la question, Aaron et Soizic restent bien dans la s\u00e9rie et plut\u00f4t 2 fois qu\u2019une, vu qu\u2019ils sont au g\u00e9n\u00e9rique \ud83d\ude09<\/p>\n<p><img loading=\"lazy\" decoding=\"async\" aria-describedby=\"caption-attachment-312349\" src=\"data:image\/svg+xml,%3Csvg%20xmlns=\" http:=\"\" alt=\"Aaron, Soizic et Marianne DNA \" width=\"1200\" height=\"771\" class=\"size-full wp-image-312349\" data-lazy- data-lazy- data-lazy-src=\"https:\/\/www.europesays.com\/fr\/wp-content\/uploads\/2025\/08\/generique-DNA2d.jpg\"\/><\/p>\n<p id=\"caption-attachment-312349\" class=\"wp-caption-text\">AAron reste malgr\u00e9 le d\u00e9part de son fr\u00e8re et Soziic bient\u00f4t lib\u00e9r\u00e9e de prison ?<\/p>\n<p>Ce qu\u2019on aurait aim\u00e9 voir : un g\u00e9n\u00e9rique en 7 plans<\/p>\n<p>Et si le g\u00e9n\u00e9rique refl\u00e9tait davantage la dynamique actuelle de la s\u00e9rie ? Voil\u00e0 une proposition  en 7 plans (ndlr : j\u2019ai pas r\u00e9ussi \u00e0 caser Samuel lol, et vous vous y arriveriez ?)  :<\/p>\n<ul>\n<li>Alex, Chlo\u00e9 et Marianne ensemble<\/li>\n<li>Le couple Manon et Nordine<\/li>\n<li><strong>La coloc <\/strong>: Victoire, Aaron, Gabriel, Soraya<\/li>\n<li><strong>Le lyc\u00e9e <\/strong>: Erica, Fran\u00e7ois, Melody et Fred<\/li>\n<li><strong>Le Spoon et Little Spoon<\/strong> : Bart, Valentine, Mona et Bruno<\/li>\n<li><strong>Les ados<\/strong> : Violette, Bastien, Ellie, Marceau et Kevin <\/li>\n<li><strong>Le comico<\/strong> : Georges, Martin, Roxane, Sara, Karim, Damien, Aurore et S\u00e9bastien<\/li>\n<\/ul>\n<p><img loading=\"lazy\" decoding=\"async\" aria-describedby=\"caption-attachment-312345\" src=\"data:image\/svg+xml,%3Csvg%20xmlns=\" http:=\"\" alt=\"Rapha\u00eblle, Victoire et Audrey  dna \" width=\"1200\" height=\"713\" class=\"size-full wp-image-312345\" data-lazy- data-lazy- data-lazy-src=\"https:\/\/www.europesays.com\/fr\/wp-content\/uploads\/2025\/08\/generique-DNA1.jpg\"\/><\/p>\n<p id=\"caption-attachment-312345\" class=\"wp-caption-text\">Pas de changement pour Rapha\u00eblle, Victoire et Audrey<\/p>\n<p>\ud83d\udc49 Et vous, que pensez-vous de ce nouveau g\u00e9n\u00e9rique ? Quels personnages auriez-vous aim\u00e9 voir appara\u00eetre ?<\/p>\n<p>&#13;<\/p>\n<p style=\"font-size:18px; font-weight:bold; margin-bottom:10px; color:#002147;\">&#13;<br \/>\n    \ud83d\udc8c Abonnez-vous \u00e0 la newsletter Nouveaut\u00e9s T\u00e9l\u00e9 DNA&#13;\n  <\/p>\n<p style=\"font-size:14px; margin-bottom:15px; color:#555;\">&#13;<br \/>\n    \ud83d\udce9 Soyez pr\u00e9venu par mail <strong>d\u00e8s la publication d&rsquo;un article Demain Nous Appartient <\/strong>.  &#13;<br \/>\n    \ud83d\udc49 Gratuit, et d\u00e9sinscription possible \u00e0 tout moment.&#13;\n  <\/p>\n<p>&#13;<br \/>\n&#13;<\/p>\n<p>                          <img loading=\"lazy\" decoding=\"async\" width=\"512\" height=\"512\" src=\"data:image\/svg+xml,%3Csvg%20xmlns=\" http:=\"\" alt=\"Logo de Nouveaut\u00e9 t\u00e9l\u00e9\" data-lazy-src=\"https:\/\/www.europesays.com\/fr\/wp-content\/uploads\/2025\/06\/nt-logo.png\"\/><\/p>\n<p>\t\t\t  Isabelle Corteilles<\/p>\n<p>Titou, passionn\u00e9e de m\u00e9dias et incollable sur l\u2019actualit\u00e9 des s\u00e9ries t\u00e9l\u00e9. De la g\u00e9n\u00e9ration Dawson\u2019s Creek et Sous le Soleil, je navigue aujourd\u2019hui entre le Spoon de DNA, les marais salants d\u2019ITC, le Mistral de PBLV, le Com\u00e8te de TP2L, la Pe\u00f1a Loca de Nouveau Jour et les Sauvages d\u2019Un Si Grand Soleil, pour ne rien rater des derni\u00e8res intrigues et indiscr\u00e9tions.<\/p>\n","protected":false},"excerpt":{"rendered":"D\u00e9couvrez le nouveau g\u00e9n\u00e9rique Demain nous appartient saison 9 de la rentr\u00e9e 2025 : les grands absents et&hellip;\n","protected":false},"author":2,"featured_media":349670,"comment_status":"","ping_status":"","sticky":false,"template":"","format":"standard","meta":{"footnotes":""},"categories":[1356],"tags":[58,59,1011,27,252,1364],"class_list":{"0":"post-349669","1":"post","2":"type-post","3":"status-publish","4":"format-standard","5":"has-post-thumbnail","7":"category-television","8":"tag-divertissement","9":"tag-entertainment","10":"tag-fr","11":"tag-france","12":"tag-television","13":"tag-tv"},"share_on_mastodon":{"url":"https:\/\/pubeurope.com\/@fr\/115105628506033301","error":""},"_links":{"self":[{"href":"https:\/\/www.europesays.com\/fr\/wp-json\/wp\/v2\/posts\/349669","targetHints":{"allow":["GET"]}}],"collection":[{"href":"https:\/\/www.europesays.com\/fr\/wp-json\/wp\/v2\/posts"}],"about":[{"href":"https:\/\/www.europesays.com\/fr\/wp-json\/wp\/v2\/types\/post"}],"author":[{"embeddable":true,"href":"https:\/\/www.europesays.com\/fr\/wp-json\/wp\/v2\/users\/2"}],"replies":[{"embeddable":true,"href":"https:\/\/www.europesays.com\/fr\/wp-json\/wp\/v2\/comments?post=349669"}],"version-history":[{"count":0,"href":"https:\/\/www.europesays.com\/fr\/wp-json\/wp\/v2\/posts\/349669\/revisions"}],"wp:featuredmedia":[{"embeddable":true,"href":"https:\/\/www.europesays.com\/fr\/wp-json\/wp\/v2\/media\/349670"}],"wp:attachment":[{"href":"https:\/\/www.europesays.com\/fr\/wp-json\/wp\/v2\/media?parent=349669"}],"wp:term":[{"taxonomy":"category","embeddable":true,"href":"https:\/\/www.europesays.com\/fr\/wp-json\/wp\/v2\/categories?post=349669"},{"taxonomy":"post_tag","embeddable":true,"href":"https:\/\/www.europesays.com\/fr\/wp-json\/wp\/v2\/tags?post=349669"}],"curies":[{"name":"wp","href":"https:\/\/api.w.org\/{rel}","templated":true}]}}