{"id":349671,"date":"2025-08-28T09:14:24","date_gmt":"2025-08-28T09:14:24","guid":{"rendered":"https:\/\/www.europesays.com\/fr\/349671\/"},"modified":"2025-08-28T09:14:24","modified_gmt":"2025-08-28T09:14:24","slug":"ce-nest-pas-quelque-chose-quil-faut-cacher","status":"publish","type":"post","link":"https:\/\/www.europesays.com\/fr\/349671\/","title":{"rendered":"Ce n\u2019est pas quelque chose qu\u2019il faut cacher"},"content":{"rendered":"<p>Depuis plus de vingt ans, Julien Clerc est amoureux de sa femme H\u00e9l\u00e8ne Gr\u00e9millon avec qui il a eu un enfant. De 30 ans sa cadette, le chanteur ne fait pas attention aux remarques sur leur grande diff\u00e9rence d&rsquo;\u00e2ge. Dans les colonnes de Paris Match, il revient sur ces trois d\u00e9cennies qui les s\u00e9parent.<\/p>\n<p>Julien Clerc est un homme heureux et amoureux&#8230; et ce depuis de nombreuses ann\u00e9es. Apr\u00e8s <a href=\"https:\/\/www.programme-tv.net\/news\/musique\/375395-j-ai-ete-bete-julien-clerc-regrette-d-avoir-voulu-cacher-son-histoire-d-amour-avec-france-gall-pour-proteger-sa-carriere\/\" data-api-deeplink=\"teleloisirs:\/\/news\/375395\" target=\"_blank\" rel=\"noopener\">une histoire avec France Gall<\/a>, il tombe <a href=\"https:\/\/www.programme-tv.net\/news\/people\/380358-on-la-voyait-souvent-cette-femme-celebre-figure-historique-que-julien-clerc-a-connu-grace-a-miou-miou\/\" data-api-deeplink=\"teleloisirs:\/\/news\/380358\" target=\"_blank\" rel=\"noopener\">sous le charme de Miou-Miou<\/a> avec qui il a une fille, <a href=\"https:\/\/www.programme-tv.net\/biographie\/26324-herry-jeanne\/\" data-link-people=\"d0db5210-148a-423d-8ef5-4a0ea61728cc\" target=\"_blank\" rel=\"noopener\">Jeanne Herry<\/a>. Puis, il finit par rencontrer Virginie Coup\u00e9rie-Eiffel avec qui il a deux enfants : la chanteuse Vanille et Barnab\u00e9. Mais voil\u00e0, leur histoire n&rsquo;a pas dur\u00e9 et en 2004, sa vie change lorsqu&rsquo;il se met en couple avec la sc\u00e9nariste et romanci\u00e8re <a href=\"https:\/\/www.programme-tv.net\/news\/tv\/225381-qui-est-helene-gremillon-la-femme-de-julien-clerc\/\" data-api-deeplink=\"teleloisirs:\/\/news\/225381\" target=\"_blank\" rel=\"noopener\">H\u00e9l\u00e8ne Gr\u00e9millon<\/a>. Une femme avec qui il aura \u00e9galement un enfant, L\u00e9onard, n\u00e9 le 22 avril 2008. Il s&rsquo;agit donc de son cinqui\u00e8me enfant, \u00e9tant donn\u00e9 qu&rsquo;il a adopt\u00e9 Ang\u00e8le, la fille de Miou-Miou qu&rsquo;elle a eue avec <a href=\"https:\/\/www.programme-tv.net\/biographie\/3488-dewaere-patrick\/\" data-link-people=\"58ca6e89-8eb0-4fc3-ab85-4402e101fffa\" target=\"_blank\" rel=\"noopener\">Patrick Dewaere<\/a>. Ins\u00e9parables, Julien Clerc et H\u00e9l\u00e8ne Gr\u00e9millon se sont mari\u00e9s le 17 d\u00e9cembre 2012 \u00e0 la mairie du 16e arrondissement de Paris.<\/p>\n<p>                        Julien Clerc, 30 ans plus \u00e2g\u00e9 que sa femme, il se confie : \u00ab\u00a0Il faut assumer\u00a0\u00bb<\/p>\n<p>Un \u00e9l\u00e9ment a souvent intrigu\u00e9 ceux qui s&rsquo;int\u00e9ressent au couple. En effet, les amoureux ont <a href=\"https:\/\/www.programme-tv.net\/news\/people\/381135-je-partirai-avant-elle-julien-clerc-en-couple-avec-une-femme-bien-plus-jeune-il-evoque-leur-grande-difference-dage\/\" data-api-deeplink=\"teleloisirs:\/\/news\/381135\" target=\"_blank\" rel=\"noopener\">trente ans d&rsquo;\u00e9cart<\/a> puisque l&rsquo;interpr\u00e8te de Ma pr\u00e9f\u00e9rence est n\u00e9 en 1947 et son \u00e9pouse en 1977. Dans les colonnes de <a href=\"https:\/\/www.parismatch.com\/People\/julien-clerc-helene-mon-amour-avec-le-couple-au-japon-256166\" target=\"_blank\" rel=\"noopener\">Paris Match<\/a>, il \u00e9voque cette grande diff\u00e9rence. \u00ab\u00a0Notre diff\u00e9rence d\u2019\u00e2ge n\u2019est pas quelque chose qu\u2019il faut cacher, mais au contraire assumer\u00a0\u00bb, confie celui qui a pass\u00e9 des vacances inoubliable au Japon cet \u00e9t\u00e9. Il poursuit : \u00ab\u00a0C\u2019est \u00e9vident que, sans H\u00e9l\u00e8ne, je ne serais pas au Japon aujourd\u2019hui, je ne vivrais pas \u00e0 Londres. Elle m\u2019a appris \u00e0 \u00eatre l\u00e9ger, \u00e0 accepter d\u2019aller vers le mieux sans cesse. Je sais qu\u2019avant elle j\u2019avais tendance \u00e0 me laisser gagner par mes id\u00e9es sombres&#8230;\u00a0\u00bb<\/p>\n<p>            Ce r\u00f4le qu&rsquo;elle a eu au d\u00e9but de leur histoire<\/p>\n<p>Au d\u00e9but de leur histoire, H\u00e9l\u00e8ne Gr\u00e9millon \u00e9tait aussi tr\u00e8s pr\u00e9sente pour l&rsquo;aider sur un sujet pr\u00e9cis : ses relations familiales : \u00ab\u00a0Recr\u00e9er du lien avec ses enfants. Avec ses ex-femmes. Faire famille\u00a0\u00bb. Julien Clerc s&rsquo;explique davantage : \u00ab\u00a0Pour certains, la pilule avait \u00e9t\u00e9 dure \u00e0 avaler. Une s\u00e9paration, \u00e7a brise forc\u00e9ment des choses.\u00a0\u00bb En faisant preuve de \u00ab\u00a0diplomatie\u00a0\u00bb, son \u00e9pouse a r\u00e9ussi \u00e0 les r\u00e9unir et \u00e0 faire de lui \u00ab\u00a0un patriarche heureux\u00a0\u00bb.<\/p>\n","protected":false},"excerpt":{"rendered":"Depuis plus de vingt ans, Julien Clerc est amoureux de sa femme H\u00e9l\u00e8ne Gr\u00e9millon avec qui il a&hellip;\n","protected":false},"author":2,"featured_media":349672,"comment_status":"","ping_status":"","sticky":false,"template":"","format":"standard","meta":{"footnotes":""},"categories":[1355],"tags":[244,6924,58,59,1011,27,1929,1735,1361,873],"class_list":{"0":"post-349671","1":"post","2":"type-post","3":"status-publish","4":"format-standard","5":"has-post-thumbnail","7":"category-musique","8":"tag-commentaire","9":"tag-couples-de-stars","10":"tag-divertissement","11":"tag-entertainment","12":"tag-fr","13":"tag-france","14":"tag-hu00e9lu00e8ne-gru00e9millon","15":"tag-julien-clerc","16":"tag-music","17":"tag-musique"},"share_on_mastodon":{"url":"https:\/\/pubeurope.com\/@fr\/115105632411638136","error":""},"_links":{"self":[{"href":"https:\/\/www.europesays.com\/fr\/wp-json\/wp\/v2\/posts\/349671","targetHints":{"allow":["GET"]}}],"collection":[{"href":"https:\/\/www.europesays.com\/fr\/wp-json\/wp\/v2\/posts"}],"about":[{"href":"https:\/\/www.europesays.com\/fr\/wp-json\/wp\/v2\/types\/post"}],"author":[{"embeddable":true,"href":"https:\/\/www.europesays.com\/fr\/wp-json\/wp\/v2\/users\/2"}],"replies":[{"embeddable":true,"href":"https:\/\/www.europesays.com\/fr\/wp-json\/wp\/v2\/comments?post=349671"}],"version-history":[{"count":0,"href":"https:\/\/www.europesays.com\/fr\/wp-json\/wp\/v2\/posts\/349671\/revisions"}],"wp:featuredmedia":[{"embeddable":true,"href":"https:\/\/www.europesays.com\/fr\/wp-json\/wp\/v2\/media\/349672"}],"wp:attachment":[{"href":"https:\/\/www.europesays.com\/fr\/wp-json\/wp\/v2\/media?parent=349671"}],"wp:term":[{"taxonomy":"category","embeddable":true,"href":"https:\/\/www.europesays.com\/fr\/wp-json\/wp\/v2\/categories?post=349671"},{"taxonomy":"post_tag","embeddable":true,"href":"https:\/\/www.europesays.com\/fr\/wp-json\/wp\/v2\/tags?post=349671"}],"curies":[{"name":"wp","href":"https:\/\/api.w.org\/{rel}","templated":true}]}}