{"id":349679,"date":"2025-08-28T09:18:11","date_gmt":"2025-08-28T09:18:11","guid":{"rendered":"https:\/\/www.europesays.com\/fr\/349679\/"},"modified":"2025-08-28T09:18:11","modified_gmt":"2025-08-28T09:18:11","slug":"je-nai-pas-dormi-de-la-nuit-40-de-fievre-mohamed-bouhafsi-se-confie-sur-sa-blessure-qui-la-conduit-a-lhopital","status":"publish","type":"post","link":"https:\/\/www.europesays.com\/fr\/349679\/","title":{"rendered":"\u00ab\u00a0Je n&rsquo;ai pas dormi de la nuit, 40\u00b0 de fi\u00e8vre\u00a0\u00bb : Mohamed Bouhafsi se confie sur sa blessure qui l\u2019a conduit \u00e0 l\u2019h\u00f4pital"},"content":{"rendered":"<p>Ce mardi 26 ao\u00fbt, Mohamed Bouhafsi a r\u00e9v\u00e9l\u00e9 sur Instagram qu\u2019il \u00e9tait \u00e0 l\u2019h\u00f4pital et a tenu \u00e0 remercier le personnel soignant de s\u2019\u00eatre occup\u00e9 de lui avec soin.<\/p>\n<p><a id=\"eztoc103278338_1\"\/>Le futur pr\u00e9sentateur de\u00a0C A Vous victime d&rsquo;un accident\u00a0<\/p>\n<p>Il a expliqu\u00e9 dans sa story Instagram : \u00ab\u00a0On a quand m\u00eame les meilleurs soignants du monde\u2026 Merci \u00e0 tous les soignants de la clinique des Peupliers pour leur bienveillance ce matin en urgence et plus particuli\u00e8rement au docteur R. Fan de C A Vous\u00a0\u00bb avait-il dit,   <a href=\"https:\/\/www.programme-television.org\/news\/tv\/actualites-audiovisuel\/mohamed-bouhafsi-fait-ses-adieux-a-rtl-pour-se-consacrer-pleinement-a-c-a-vous-4742905\" target=\"_self\" rel=\"nofollow noopener\">sans en expliquer davantage sur ce qui lui \u00e9tait arriv\u00e9<\/a>. Invit\u00e9 par   <a href=\"https:\/\/www.nrj.fr\/podcasts\/camille-combal-sur-nrj\" target=\"_self\" rel=\"nofollow noopener\">Camille Combal ce mercredi 27 ao\u00fbt sur NRJ<\/a>, il a alors tenu \u00e0 en dire plus. \u00ab\u00a0J&rsquo;ai fait du foil cet \u00e9t\u00e9 et un moment j&rsquo;ai \u00e9t\u00e9 percut\u00e9 par un requin\u00a0\u00bb, a-t-il commenc\u00e9 \u00e0 dire avec humour avant de finalement r\u00e9v\u00e9ler : \u00ab\u00a0C&rsquo;est un double panaris qui s&rsquo;est infect\u00e9\u00a0\u00bb.<\/p>\n<p><a id=\"eztoc103278338_2\"\/>Mohamed Bouhafsi se confie sur sa blessure\u00a0<\/p>\n<p>Il a ajout\u00e9 \u00e0 Camille Combal qu\u2019il s\u2019agissait d\u2019une blessure extr\u00eamement douloureuse. Celle-ci \u00e9tait due au fait qu\u2019il s\u2019\u00e9tait rong\u00e9 les ongles, mais, l\u2019ayant laiss\u00e9e tra\u00eener pendant quatre jours, la situation s\u2019est aggrav\u00e9e, \u00ab\u00a0\u00e7a a d\u00e9clench\u00e9 une double infection qui a pris toute la main, je n&rsquo;ai pas dormi de la nuit, 40\u00b0 de fi\u00e8vre, de la transpiration\u00a0\u00bb. Il a alors \u00e9t\u00e9 op\u00e9r\u00e9 en urgence. \u00ab\u00a0Je suis heureux d&rsquo;\u00eatre l\u00e0, mais j&rsquo;ai flipp\u00e9 sur le moment\u00a0\u00bb. Celui qui prendra les r\u00eanes de C \u00e0 vous le vendredi ainsi que le samedi \u00e0 la rentr\u00e9e a r\u00e9v\u00e9l\u00e9 en avoir parl\u00e9 \u00e0 ses proches, dont sa m\u00e8re, avant de le rendre public. \u00ab\u00a0Heureusement que j&rsquo;avais pr\u00e9venu ma m\u00e8re, [sinon], elle aurait p\u00e9t\u00e9 un c\u00e2ble.Si elle avait d\u00e9couvert \u00e7a sur Google actualit\u00e9, je pense que je me serais fait d\u00e9monter\u00a0\u00bb, a-t-il dit. Plus de peur que de mal donc pour le chroniqueur du programme, qui devrait \u00eatre de retour sur France 5 d\u00e8s la semaine prochaine pour le lancement de la nouvelle saison, anim\u00e9e en semaine par Anne-\u00c9lisabeth Lemoine. Cet \u00e9t\u00e9, Mohamed Bouhafsi a pu le passer dans le sud de la France. S\u2019il a partag\u00e9 quelques souvenirs de ces moments avec ses abonn\u00e9s sur Instagram, il en a aussi profit\u00e9 pour r\u00e9diger un petit texte en lien avec les JO, un \u00e9v\u00e9nement qui a \u00e9galement marqu\u00e9 l\u2019esprit du journaliste. Cet \u00e9t\u00e9 2025 devrait, lui aussi, rester marquer dans la t\u00eate de Mohamed Bouhafsi.\u00a0<\/p>\n","protected":false},"excerpt":{"rendered":"Ce mardi 26 ao\u00fbt, Mohamed Bouhafsi a r\u00e9v\u00e9l\u00e9 sur Instagram qu\u2019il \u00e9tait \u00e0 l\u2019h\u00f4pital et a tenu \u00e0&hellip;\n","protected":false},"author":2,"featured_media":349680,"comment_status":"","ping_status":"","sticky":false,"template":"","format":"standard","meta":{"footnotes":""},"categories":[8],"tags":[58,59,1011,27],"class_list":{"0":"post-349679","1":"post","2":"type-post","3":"status-publish","4":"format-standard","5":"has-post-thumbnail","7":"category-divertissement","8":"tag-divertissement","9":"tag-entertainment","10":"tag-fr","11":"tag-france"},"share_on_mastodon":{"url":"https:\/\/pubeurope.com\/@fr\/115105648208702839","error":""},"_links":{"self":[{"href":"https:\/\/www.europesays.com\/fr\/wp-json\/wp\/v2\/posts\/349679","targetHints":{"allow":["GET"]}}],"collection":[{"href":"https:\/\/www.europesays.com\/fr\/wp-json\/wp\/v2\/posts"}],"about":[{"href":"https:\/\/www.europesays.com\/fr\/wp-json\/wp\/v2\/types\/post"}],"author":[{"embeddable":true,"href":"https:\/\/www.europesays.com\/fr\/wp-json\/wp\/v2\/users\/2"}],"replies":[{"embeddable":true,"href":"https:\/\/www.europesays.com\/fr\/wp-json\/wp\/v2\/comments?post=349679"}],"version-history":[{"count":0,"href":"https:\/\/www.europesays.com\/fr\/wp-json\/wp\/v2\/posts\/349679\/revisions"}],"wp:featuredmedia":[{"embeddable":true,"href":"https:\/\/www.europesays.com\/fr\/wp-json\/wp\/v2\/media\/349680"}],"wp:attachment":[{"href":"https:\/\/www.europesays.com\/fr\/wp-json\/wp\/v2\/media?parent=349679"}],"wp:term":[{"taxonomy":"category","embeddable":true,"href":"https:\/\/www.europesays.com\/fr\/wp-json\/wp\/v2\/categories?post=349679"},{"taxonomy":"post_tag","embeddable":true,"href":"https:\/\/www.europesays.com\/fr\/wp-json\/wp\/v2\/tags?post=349679"}],"curies":[{"name":"wp","href":"https:\/\/api.w.org\/{rel}","templated":true}]}}