{"id":349683,"date":"2025-08-28T09:20:13","date_gmt":"2025-08-28T09:20:13","guid":{"rendered":"https:\/\/www.europesays.com\/fr\/349683\/"},"modified":"2025-08-28T09:20:13","modified_gmt":"2025-08-28T09:20:13","slug":"les-actifs-consacrent-une-plus-grande-part-de-leurs-revenus-a-la-sante-que-les-retraites","status":"publish","type":"post","link":"https:\/\/www.europesays.com\/fr\/349683\/","title":{"rendered":"Les actifs consacrent une plus grande part de leurs revenus \u00e0 la sant\u00e9 que les retrait\u00e9s"},"content":{"rendered":"<p>Selon la Drees, l\u2019effort financier li\u00e9 aux soins et aux cotisations maladie p\u00e8se plus lourdement sur les salari\u00e9s que sur les retrait\u00e9s, en particulier parmi les m\u00e9nages les plus ais\u00e9s.<\/p>\n<p class=\"fig-paragraph\">Un constat qui peut surprendre. Les actifs en emploi consacrent une plus grande part de leurs revenus aux d\u00e9penses de sant\u00e9 que les retrait\u00e9s, du fait des cotisations et taxes qu&rsquo;ils paient sur leurs r\u00e9mun\u00e9rations pour financer l&rsquo;assurance maladie obligatoire, selon des chiffres publi\u00e9s jeudi\u00a0<a href=\"http:\/\/www.lefigaro.fr\/social\/aides-sociales-la-france-soutient-les-travailleurs-modestes-plutot-que-les-personnes-sans-emploi-d-apres-la-drees-20250424\" data-fig-type=\"NewsFlash\" data-gtm-custom-categorie=\"navigation\" data-gtm-custom-action=\"crossclick\" data-gtm-custom-label=\"Contextuel\" data-gtm-event=\"customEventSPE\" data-fig-domain=\"LEFIGARO\" rel=\"nofollow noopener\" target=\"_blank\">par la Drees<\/a>, la direction statistique des minist\u00e8res sociaux. Selon ces chiffres, en 2019, les d\u00e9penses pour soins de sant\u00e9 (reste \u00e0 charge, primes vers\u00e9es aux compl\u00e9mentaires sant\u00e9, cotisations sociales maladie, CSG et taxes finan\u00e7ant l&rsquo;assurance maladie obligatoire) repr\u00e9sentaient en moyenne 15% du revenu des actifs tr\u00e8s modestes en emploi, contre 14% pour les retrait\u00e9s tr\u00e8s modestes.<\/p>\n<p class=\"fig-paragraph\">Mais cet \u00e9cart entre actifs et retrait\u00e9s s&rsquo;accentue au fur et \u00e0 mesure que les revenus progressent\u00a0: chez les actifs en emploi tr\u00e8s ais\u00e9s, le taux d&rsquo;effort moyen pour la sant\u00e9 atteint les 18%, alors qu&rsquo;il n&rsquo;est plus que de 11% pour les retrait\u00e9s tr\u00e8s ais\u00e9s. La Drees note par ailleurs une nette surrepr\u00e9sentation des m\u00e9nages modestes dans les 1% de m\u00e9nages qui font le plus gros effort financier pour leur sant\u00e9\u00a0: ils d\u00e9pensent en moyenne 34% de leurs revenus pour leur sant\u00e9 (contre 15% pour l&rsquo;ensemble des m\u00e9nages), acquittant notamment un reste \u00e0 charge moyen de 2400 euros par an.<\/p>\n<p class=\"fig-body-link\">\n            \u00c0 lire aussi<br \/>\n        <a class=\"fig-body-link__link fig-premium-mark\" href=\"http:\/\/www.lefigaro.fr\/social\/denigrement-defaut-d-information-arnaques-ces-inquietantes-derives-du-100-sante-20250523\" target=\"_blank\" data-fig-type=\"Article\" rel=\"noopener nofollow\" data-gtm-custom-categorie=\"navigation\" data-gtm-custom-action=\"crossclick\" data-gtm-custom-label=\"Contextuel\" data-gtm-event=\"customEventSPE\" data-fig-domain=\"LEFIGARO\">Opticiens, audioproth\u00e9sistes, dentistes&#8230; Les inqui\u00e9tantes d\u00e9rives autour du dispositif \u00ab100% sant\u00e9\u00bb<br \/>\n    <\/a>\n<\/p>\n<p>                                    <a class=\"fig-a11y-skip a11y-hidden\" href=\"#fig-a11y-skip-main-inarticle\"><br \/>\n        Passer la publicit\u00e9<br \/>\n    <\/a><\/p>\n<p>Un \u00ab100% sant\u00e9\u00bb encore trop peu connu<\/p>\n<p class=\"fig-paragraph\">\u00abLes taux d&rsquo;effort les plus extr\u00eames\u00bb pour la sant\u00e9 \u00absont acquitt\u00e9s par des m\u00e9nages souvent modestes, parfois retrait\u00e9s, parfois en\u00a0<a href=\"http:\/\/www.lefigaro.fr\/conjoncture\/affections-de-longue-duree-arrets-maladie-abusifs-la-ministre-de-la-sante-detaille-ses-pistes-d-economies-20250726\" data-fig-type=\"NewsFlash\" data-gtm-custom-categorie=\"navigation\" data-gtm-custom-action=\"crossclick\" data-gtm-custom-label=\"Contextuel\" data-gtm-event=\"customEventSPE\" data-fig-domain=\"LEFIGARO\" rel=\"nofollow noopener\" target=\"_blank\">affection de longue dur\u00e9e<\/a> \u00a0(ALD) et ayant peu recours \u00e0 la compl\u00e9mentaire sant\u00e9 solidaire\u00bb, souligne ainsi la Drees. Ces m\u00e9nages \u00absont en g\u00e9n\u00e9ral confront\u00e9s \u00e0 des d\u00e9penses de sant\u00e9 \u00e9lev\u00e9es mal couvertes, notamment en dentaire, ou ont des revenus faibles dans lesquels primes et reste \u00e0 charge prennent un poids important\u00bb, selon la direction statistique.<\/p>\n<p class=\"fig-paragraph\">Les calculs de la Drees portent sur l&rsquo;ann\u00e9e 2019, avant l&rsquo;entr\u00e9e en vigueur du 100% sant\u00e9 qui a pour but un reste \u00e0 charge nul pour un ensemble d&rsquo;\u00e9quipements audio dentaires et optiques. Mais malgr\u00e9 l&rsquo;entr\u00e9e en vigueur de la r\u00e9forme, les restes \u00e0 charge \u00abpourraient n\u00e9anmoins se maintenir \u00e0 un niveau \u00e9lev\u00e9\u00bb pour les 1% de m\u00e9nages d\u00e9pensant le plus, selon des travaux en cours, \u00able recours aux \u00e9quipements couverts \u00e0 100% n&rsquo;\u00e9tant pas syst\u00e9matique\u00bb.<\/p>\n","protected":false},"excerpt":{"rendered":"Selon la Drees, l\u2019effort financier li\u00e9 aux soins et aux cotisations maladie p\u00e8se plus lourdement sur les salari\u00e9s&hellip;\n","protected":false},"author":2,"featured_media":349684,"comment_status":"","ping_status":"","sticky":false,"template":"","format":"standard","meta":{"footnotes":""},"categories":[6],"tags":[1003,35,33,34,1011,27,137,71],"class_list":{"0":"post-349683","1":"post","2":"type-post","3":"status-publish","4":"format-standard","5":"has-post-thumbnail","7":"category-economie","8":"tag-budget","9":"tag-business","10":"tag-economie","11":"tag-economy","12":"tag-fr","13":"tag-france","14":"tag-retraite","15":"tag-sante"},"share_on_mastodon":{"url":"https:\/\/pubeurope.com\/@fr\/115105656026823077","error":""},"_links":{"self":[{"href":"https:\/\/www.europesays.com\/fr\/wp-json\/wp\/v2\/posts\/349683","targetHints":{"allow":["GET"]}}],"collection":[{"href":"https:\/\/www.europesays.com\/fr\/wp-json\/wp\/v2\/posts"}],"about":[{"href":"https:\/\/www.europesays.com\/fr\/wp-json\/wp\/v2\/types\/post"}],"author":[{"embeddable":true,"href":"https:\/\/www.europesays.com\/fr\/wp-json\/wp\/v2\/users\/2"}],"replies":[{"embeddable":true,"href":"https:\/\/www.europesays.com\/fr\/wp-json\/wp\/v2\/comments?post=349683"}],"version-history":[{"count":0,"href":"https:\/\/www.europesays.com\/fr\/wp-json\/wp\/v2\/posts\/349683\/revisions"}],"wp:featuredmedia":[{"embeddable":true,"href":"https:\/\/www.europesays.com\/fr\/wp-json\/wp\/v2\/media\/349684"}],"wp:attachment":[{"href":"https:\/\/www.europesays.com\/fr\/wp-json\/wp\/v2\/media?parent=349683"}],"wp:term":[{"taxonomy":"category","embeddable":true,"href":"https:\/\/www.europesays.com\/fr\/wp-json\/wp\/v2\/categories?post=349683"},{"taxonomy":"post_tag","embeddable":true,"href":"https:\/\/www.europesays.com\/fr\/wp-json\/wp\/v2\/tags?post=349683"}],"curies":[{"name":"wp","href":"https:\/\/api.w.org\/{rel}","templated":true}]}}