{"id":349685,"date":"2025-08-28T09:21:11","date_gmt":"2025-08-28T09:21:11","guid":{"rendered":"https:\/\/www.europesays.com\/fr\/349685\/"},"modified":"2025-08-28T09:21:11","modified_gmt":"2025-08-28T09:21:11","slug":"le-bilan-de-lattaque-aerienne-russe-sur-kiev-monte-a-14-morts-dont-trois-enfants","status":"publish","type":"post","link":"https:\/\/www.europesays.com\/fr\/349685\/","title":{"rendered":"le bilan de l\u2019attaque a\u00e9rienne russe sur Kiev monte \u00e0 14\u00a0morts dont trois enfants"},"content":{"rendered":"<p>   L\u2019Ukraine annonce avoir touch\u00e9 deux raffineries russes de p\u00e9trole dans la nuit              <\/p>\n<p class=\"post__live-container--answer-text post__space-node\">Les forces ukrainiennes ont touch\u00e9 deux raffineries de p\u00e9trole russe, a annonc\u00e9 jeudi Robert Brovdi, dit \u00ab\u00a0Madyar\u00a0\u00bb (Magyar, \u00ab\u00a0le Hongrois\u00a0\u00bb, en ukrainien), commandant du 414e\u00a0r\u00e9giment d\u00e9tach\u00e9 de syst\u00e8mes de combat sans pilote.<\/p>\n<p class=\"post__live-container--answer-text post__space-node\">La raffinerie de Kou\u00efbychev (<a href=\"https:\/\/www.google.com\/maps\/place\/Kou%C3%AFbychev,+Oblast+de+Novossibirsk,+Russie\/@55.4490552,78.2950588,14.04z\/data=!4m6!3m5!1s0x4302cfeefef541c7:0xcf60f13e1173ac0a!8m2!3d55.4476518!4d78.3113874!16zL20vMGQ1MXlk?entry=ttu&amp;g_ep=EgoyMDI1MDgyNS4wIKXMDSoASAFQAw%3D%3D\" target=\"_blank\" rel=\"noopener nofollow\" title=\"Nouvelle fen\u00eatre\">\ud83d\udccd<\/a>), dans la r\u00e9gion m\u00e9ridionale de Samara, \u00e0 plus de 800\u00a0kilom\u00e8tres de la fronti\u00e8re, ainsi que celle d\u2019Afipsky (<a href=\"https:\/\/maps.app.goo.gl\/Uy1hLxbQsuoUQBNe6\" target=\"_blank\" rel=\"noopener nofollow\" title=\"Nouvelle fen\u00eatre\">\ud83d\udccd<\/a>), dans le kra\u00ef de Krasnodar, ont \u00e9t\u00e9 touch\u00e9es, pr\u00e9cise-t-il. Les autorit\u00e9s de Krasnodar ont confirm\u00e9 que cette derni\u00e8re avait pris feu du fait de la chute de d\u00e9bris de drones, et d\u00e9clar\u00e9 qu\u2019un incendie \u00e9tendu sur 20\u00a0m\u00e8tres carr\u00e9s \u00e9tait en train d\u2019\u00eatre \u00e9teint.<\/p>\n<p class=\"post__live-container--answer-text post__space-node\">Si l\u2019attaque sur celle de Kou\u00efbychev n\u2019a pas \u00e9t\u00e9 confirm\u00e9e \u00e0 ce stade par les autorit\u00e9s russes, le minist\u00e8re de la d\u00e9fense a toutefois rapport\u00e9<a href=\"https:\/\/t.me\/mod_russia\/55983\" target=\"_blank\" rel=\"noopener nofollow\" title=\"Nouvelle fen\u00eatre\"> sur Telegram <\/a>que 21\u00a0drones avaient \u00e9t\u00e9 d\u00e9truits au-dessus du territoire de Rostov et Samara. Au total, la d\u00e9fense antia\u00e9rienne russe a intercept\u00e9 et d\u00e9truit 102\u00a0drones ukrainiens dans la nuit, ajoute-t-il.<\/p>\n<p class=\"post__live-container--answer-text post__space-node\">\u00ab\u00a0L\u2019essence devient une denr\u00e9e rare, et le gaz ainsi que le p\u00e9trole se consument rapidement\u00a0\u00bb, commente M. Brovdi alors que les attaques a\u00e9riennes de Kiev ciblant les raffineries ces derni\u00e8res semaines ont fait flamber le prix de l\u2019essence.<\/p>\n","protected":false},"excerpt":{"rendered":"L\u2019Ukraine annonce avoir touch\u00e9 deux raffineries russes de p\u00e9trole dans la nuit Les forces ukrainiennes ont touch\u00e9 deux&hellip;\n","protected":false},"author":2,"featured_media":349686,"comment_status":"","ping_status":"","sticky":false,"template":"","format":"standard","meta":{"footnotes":""},"categories":[5],"tags":[11,1011,27,14,12,28],"class_list":{"0":"post-349685","1":"post","2":"type-post","3":"status-publish","4":"format-standard","5":"has-post-thumbnail","7":"category-international","8":"tag-actualites","9":"tag-fr","10":"tag-france","11":"tag-international","12":"tag-news","13":"tag-world"},"share_on_mastodon":{"url":"https:\/\/pubeurope.com\/@fr\/115105659890704169","error":""},"_links":{"self":[{"href":"https:\/\/www.europesays.com\/fr\/wp-json\/wp\/v2\/posts\/349685","targetHints":{"allow":["GET"]}}],"collection":[{"href":"https:\/\/www.europesays.com\/fr\/wp-json\/wp\/v2\/posts"}],"about":[{"href":"https:\/\/www.europesays.com\/fr\/wp-json\/wp\/v2\/types\/post"}],"author":[{"embeddable":true,"href":"https:\/\/www.europesays.com\/fr\/wp-json\/wp\/v2\/users\/2"}],"replies":[{"embeddable":true,"href":"https:\/\/www.europesays.com\/fr\/wp-json\/wp\/v2\/comments?post=349685"}],"version-history":[{"count":0,"href":"https:\/\/www.europesays.com\/fr\/wp-json\/wp\/v2\/posts\/349685\/revisions"}],"wp:featuredmedia":[{"embeddable":true,"href":"https:\/\/www.europesays.com\/fr\/wp-json\/wp\/v2\/media\/349686"}],"wp:attachment":[{"href":"https:\/\/www.europesays.com\/fr\/wp-json\/wp\/v2\/media?parent=349685"}],"wp:term":[{"taxonomy":"category","embeddable":true,"href":"https:\/\/www.europesays.com\/fr\/wp-json\/wp\/v2\/categories?post=349685"},{"taxonomy":"post_tag","embeddable":true,"href":"https:\/\/www.europesays.com\/fr\/wp-json\/wp\/v2\/tags?post=349685"}],"curies":[{"name":"wp","href":"https:\/\/api.w.org\/{rel}","templated":true}]}}