{"id":349703,"date":"2025-08-28T09:30:13","date_gmt":"2025-08-28T09:30:13","guid":{"rendered":"https:\/\/www.europesays.com\/fr\/349703\/"},"modified":"2025-08-28T09:30:13","modified_gmt":"2025-08-28T09:30:13","slug":"le-rendez-vous-de-la-rentree-a-montpellier","status":"publish","type":"post","link":"https:\/\/www.europesays.com\/fr\/349703\/","title":{"rendered":"le rendez-vous de la rentr\u00e9e \u00e0 Montpellier"},"content":{"rendered":"<p>\t\t\t\t\t\t\t\tMontpellier, la ville qui compte le plus d\u2019associations en France<\/p>\n<p>De 9h30 \u00e0 17h30, la manifestation annuelle <b>L\u2019Antigone des associations<\/b> offrira une opportunit\u00e9 unique de d\u00e9couvrir la richesse et la diversit\u00e9 du tissu associatif local. Avec pr\u00e8s de 1 200 associations attendues, c\u2019est une v\u00e9ritable immersion dans l\u2019engagement citoyen et la solidarit\u00e9 qui attend les visiteurs.<\/p>\n<p>Une vitrine de l\u2019engagement associatif montpelli\u00e9rain<\/p>\n<p><strong>Que vous soyez \u00e0 la recherche d\u2019une activit\u00e9 sportive<\/strong>, d\u2019une immersion culturelle, ou que vous souhaitiez vous engager dans une cause sociale ou environnementale, vous trouverez sans aucun doute votre bonheur. Les associations pr\u00e9sentes couvrent une large gamme de domaines, illustrant la vitalit\u00e9 et la g\u00e9n\u00e9rosit\u00e9 des Montpelli\u00e9rains. C\u2019est l\u2019occasion id\u00e9ale de rencontrer des b\u00e9n\u00e9voles passionn\u00e9s, de vous informer sur leurs actions et, pourquoi pas, de rejoindre leurs rangs.<\/p>\n<p>Les services de la Ville et de la M\u00e9tropole \u00e0 votre \u00e9coute<\/p>\n<p>En plus de la pr\u00e9sence des associations, les services de la Ville et de la M\u00e9tropole de Montpellier seront \u00e9galement pr\u00e9sents sur la place de Thessalie. C\u2019est une occasion d\u2019\u00e9changer directement avec les agents municipaux et d\u2019obtenir des informations pr\u00e9cises sur les services propos\u00e9s par les institutions locales. Que vous ayez des questions sur la culture, le sport, la petite enfance, l\u2019environnement ou la solidarit\u00e9, des professionnels seront l\u00e0 pour vous guider et r\u00e9pondre \u00e0 vos interrogations.<\/p>\n<p>Les services repr\u00e9sent\u00e9s incluent :<\/p>\n<ul>\n<li><b>Sports, culture, solidarit\u00e9<\/b> : Pour tout savoir sur les \u00e9quipements, les \u00e9v\u00e9nements et les initiatives de la collectivit\u00e9.<\/li>\n<li><b>\u00c9ducation \u2013 petite enfance<\/b> : Des informations sur les \u00e9coles, les cr\u00e8ches et les activit\u00e9s pour les plus jeunes.<\/li>\n<li><b>Environnement<\/b> : Pour en apprendre davantage sur les actions de la ville en faveur du d\u00e9veloppement durable et de la transition \u00e9cologique.<\/li>\n<\/ul>\n<p>Que vous soyez un simple curieux, un futur b\u00e9n\u00e9vole ou un citoyen en qu\u00eate d\u2019informations, l\u2019Antigone des associations est un \u00e9v\u00e9nement \u00e0 ne pas manquer pour c\u00e9l\u00e9brer la fraternit\u00e9 et l\u2019engagement \u00e0 Montpellier. Le programme et les horaires <a href=\"https:\/\/www.montpellier.fr\/campagnes\/antigone-des-associations\" target=\"_blank\" rel=\"noopener nofollow\"><strong>ici<\/strong><\/a><\/p>\n","protected":false},"excerpt":{"rendered":"Montpellier, la ville qui compte le plus d\u2019associations en France De 9h30 \u00e0 17h30, la manifestation annuelle L\u2019Antigone&hellip;\n","protected":false},"author":2,"featured_media":349704,"comment_status":"","ping_status":"","sticky":false,"template":"","format":"standard","meta":{"footnotes":""},"categories":[9599],"tags":[1111,11,1777,674,1011,27,2208,12,2680,25],"class_list":{"0":"post-349703","1":"post","2":"type-post","3":"status-publish","4":"format-standard","5":"has-post-thumbnail","7":"category-montpellier","8":"tag-actu","9":"tag-actualites","10":"tag-eu","11":"tag-europe","12":"tag-fr","13":"tag-france","14":"tag-montpellier","15":"tag-news","16":"tag-occitanie","17":"tag-republique-francaise"},"share_on_mastodon":{"url":"https:\/\/pubeurope.com\/@fr\/115105695279261257","error":""},"_links":{"self":[{"href":"https:\/\/www.europesays.com\/fr\/wp-json\/wp\/v2\/posts\/349703","targetHints":{"allow":["GET"]}}],"collection":[{"href":"https:\/\/www.europesays.com\/fr\/wp-json\/wp\/v2\/posts"}],"about":[{"href":"https:\/\/www.europesays.com\/fr\/wp-json\/wp\/v2\/types\/post"}],"author":[{"embeddable":true,"href":"https:\/\/www.europesays.com\/fr\/wp-json\/wp\/v2\/users\/2"}],"replies":[{"embeddable":true,"href":"https:\/\/www.europesays.com\/fr\/wp-json\/wp\/v2\/comments?post=349703"}],"version-history":[{"count":0,"href":"https:\/\/www.europesays.com\/fr\/wp-json\/wp\/v2\/posts\/349703\/revisions"}],"wp:featuredmedia":[{"embeddable":true,"href":"https:\/\/www.europesays.com\/fr\/wp-json\/wp\/v2\/media\/349704"}],"wp:attachment":[{"href":"https:\/\/www.europesays.com\/fr\/wp-json\/wp\/v2\/media?parent=349703"}],"wp:term":[{"taxonomy":"category","embeddable":true,"href":"https:\/\/www.europesays.com\/fr\/wp-json\/wp\/v2\/categories?post=349703"},{"taxonomy":"post_tag","embeddable":true,"href":"https:\/\/www.europesays.com\/fr\/wp-json\/wp\/v2\/tags?post=349703"}],"curies":[{"name":"wp","href":"https:\/\/api.w.org\/{rel}","templated":true}]}}