{"id":349705,"date":"2025-08-28T09:31:14","date_gmt":"2025-08-28T09:31:14","guid":{"rendered":"https:\/\/www.europesays.com\/fr\/349705\/"},"modified":"2025-08-28T09:31:14","modified_gmt":"2025-08-28T09:31:14","slug":"%f0%9f%87%ab%f0%9f%87%b7-montpellier-arme-dun-couteau-de-25-cm-un-homme-ivre-agresse-des-policiers-lors-dun-controle-a-la-mosson-deux-agents-blesses","status":"publish","type":"post","link":"https:\/\/www.europesays.com\/fr\/349705\/","title":{"rendered":"\ud83c\uddeb\ud83c\uddf7 Montpellier. Arm\u00e9 d\u2019un couteau de 25 cm, un homme ivre agresse des policiers lors d\u2019un contr\u00f4le \u00e0 la Mosson, deux agents bless\u00e9s"},"content":{"rendered":"<p>\u00c0 Montpellier, un homme de 37 ans, alcoolis\u00e9 et sans domicile fixe, a attaqu\u00e9 des policiers avec un couteau de 25 cm lors d\u2019un contr\u00f4le dans le quartier de la Mosson. Deux fonctionnaires ont \u00e9t\u00e9 bless\u00e9s.<\/p>\n<p><img loading=\"lazy\" data-recalc-dims=\"1\" decoding=\"async\" width=\"640\" height=\"434\" data-attachment-id=\"189490\" data-permalink=\"https:\/\/policeetrealites.com\/police-policier-11\/\" data-orig-file=\"https:\/\/i0.wp.com\/policeetrealites.com\/wp-content\/uploads\/2022\/06\/police-policier.jpg?fit=870%2C590&amp;ssl=1\" data-orig-size=\"870,590\" data-comments-opened=\"0\" data-image-meta=\"{&quot;aperture&quot;:&quot;0&quot;,&quot;credit&quot;:&quot;&quot;,&quot;camera&quot;:&quot;&quot;,&quot;caption&quot;:&quot;&quot;,&quot;created_timestamp&quot;:&quot;0&quot;,&quot;copyright&quot;:&quot;&quot;,&quot;focal_length&quot;:&quot;0&quot;,&quot;iso&quot;:&quot;0&quot;,&quot;shutter_speed&quot;:&quot;0&quot;,&quot;title&quot;:&quot;&quot;,&quot;orientation&quot;:&quot;0&quot;}\" data-image-title=\"police policier\" data-image-description=\"\" data-image-caption=\"\" data-medium-file=\"https:\/\/i0.wp.com\/policeetrealites.com\/wp-content\/uploads\/2022\/06\/police-policier.jpg?fit=300%2C203&amp;ssl=1\" data-large-file=\"https:\/\/i0.wp.com\/policeetrealites.com\/wp-content\/uploads\/2022\/06\/police-policier.jpg?fit=640%2C434&amp;ssl=1\" src=\"https:\/\/www.europesays.com\/fr\/wp-content\/uploads\/2025\/08\/1756373474_556_police-policier.jpg\" alt=\"\" class=\"wp-image-189490\"\/><\/p>\n<p>Une patrouille sous tension dans le quartier de la Mosson<\/p>\n<p class=\"p3\">Selon les informations du <a href=\"https:\/\/www.midilibre.fr\/2025\/08\/28\/arme-dun-couteau-de-25-cm-il-agresse-des-policiers-lors-dun-controle-dans-le-quartier-de-la-mosson-a-montpellier-12896340.php\" target=\"_blank\" rel=\"noreferrer noopener nofollow\">Midi libre<\/a>, le lundi 25 ao\u00fbt, vers 22 h 30, une patrouille de la brigade sp\u00e9cialis\u00e9e de terrain (BST) effectuait une mission de surveillance dans le quartier de la Mosson, \u00e0 Montpellier, pr\u00e8s du centre commercial Saint-Paul. \u00c0 la vue des forces de l\u2019ordre, un groupe d\u2019individus assis sur des marches a imm\u00e9diatement pris la fuite.<\/p>\n<p>Un suspect arm\u00e9 d\u2019un couteau<\/p>\n<p class=\"p3\">Parmi eux, un homme a \u00e9t\u00e9 rapidement intercept\u00e9. Les policiers ont alors remarqu\u00e9 une protub\u00e9rance au niveau de sa ceinture. Lorsque les fonctionnaires ont tent\u00e9 de le contr\u00f4ler, l\u2019individu, visiblement alcoolis\u00e9, s\u2019est brusquement retourn\u00e9 et leur a port\u00e9 des coups. Il \u00e9tait en possession d\u2019un couteau dot\u00e9 d\u2019une lame de 25 cm, dont il n\u2019a toutefois pas eu le temps de se servir.<\/p>\n<p>Un trentenaire d\u00e9j\u00e0 connu des services de police<\/p>\n<p class=\"p3\">Le mis en cause, un ressortissant marocain \u00e2g\u00e9 de 37 ans, sans domicile fixe et d\u00e9j\u00e0 connu des services de police, a \u00e9t\u00e9 interpell\u00e9 puis plac\u00e9 en garde \u00e0 vue. Selon les premiers \u00e9l\u00e9ments, il aurait refus\u00e9 de se soumettre aux relev\u00e9s d\u2019empreintes et ni\u00e9 les violences reproch\u00e9es.<\/p>\n<p>Des policiers bless\u00e9s et une comparution imm\u00e9diate<\/p>\n<p class=\"p3\">Deux fonctionnaires, bless\u00e9s lors de l\u2019interpellation, ont port\u00e9 plainte pour outrage. Le suspect doit \u00eatre pr\u00e9sent\u00e9 devant la justice en comparution imm\u00e9diate, vendredi 29 ao\u00fbt. Il sera jug\u00e9 pour port d\u2019arme prohib\u00e9, violences et r\u00e9bellion en \u00e9tat d\u2019ivresse.<\/p>\n<p>J\u2019aime \u00e7a\u00a0:<\/p>\n<p>J\u2019aime chargement\u2026<\/p>\n<p><a class=\"sd-link-color\"\/><\/p>\n<p>\tEn savoir plus sur Police &amp; R\u00e9alit\u00e9s<\/p>\n<p class=\"has-text-align-center\" style=\"margin-top:10px;margin-bottom:10px;font-size:15px\">Subscribe to get the latest posts sent to your email.<\/p>\n<p>\t\tContinue Reading<\/p>\n","protected":false},"excerpt":{"rendered":"\u00c0 Montpellier, un homme de 37 ans, alcoolis\u00e9 et sans domicile fixe, a attaqu\u00e9 des policiers avec un&hellip;\n","protected":false},"author":2,"featured_media":91599,"comment_status":"","ping_status":"","sticky":false,"template":"","format":"standard","meta":{"footnotes":""},"categories":[9599],"tags":[1111,11,1777,674,1011,27,2208,12,2680,25],"class_list":{"0":"post-349705","1":"post","2":"type-post","3":"status-publish","4":"format-standard","5":"has-post-thumbnail","7":"category-montpellier","8":"tag-actu","9":"tag-actualites","10":"tag-eu","11":"tag-europe","12":"tag-fr","13":"tag-france","14":"tag-montpellier","15":"tag-news","16":"tag-occitanie","17":"tag-republique-francaise"},"share_on_mastodon":{"url":"https:\/\/pubeurope.com\/@fr\/115105699477283614","error":""},"_links":{"self":[{"href":"https:\/\/www.europesays.com\/fr\/wp-json\/wp\/v2\/posts\/349705","targetHints":{"allow":["GET"]}}],"collection":[{"href":"https:\/\/www.europesays.com\/fr\/wp-json\/wp\/v2\/posts"}],"about":[{"href":"https:\/\/www.europesays.com\/fr\/wp-json\/wp\/v2\/types\/post"}],"author":[{"embeddable":true,"href":"https:\/\/www.europesays.com\/fr\/wp-json\/wp\/v2\/users\/2"}],"replies":[{"embeddable":true,"href":"https:\/\/www.europesays.com\/fr\/wp-json\/wp\/v2\/comments?post=349705"}],"version-history":[{"count":0,"href":"https:\/\/www.europesays.com\/fr\/wp-json\/wp\/v2\/posts\/349705\/revisions"}],"wp:featuredmedia":[{"embeddable":true,"href":"https:\/\/www.europesays.com\/fr\/wp-json\/wp\/v2\/media\/91599"}],"wp:attachment":[{"href":"https:\/\/www.europesays.com\/fr\/wp-json\/wp\/v2\/media?parent=349705"}],"wp:term":[{"taxonomy":"category","embeddable":true,"href":"https:\/\/www.europesays.com\/fr\/wp-json\/wp\/v2\/categories?post=349705"},{"taxonomy":"post_tag","embeddable":true,"href":"https:\/\/www.europesays.com\/fr\/wp-json\/wp\/v2\/tags?post=349705"}],"curies":[{"name":"wp","href":"https:\/\/api.w.org\/{rel}","templated":true}]}}