{"id":349710,"date":"2025-08-28T09:38:24","date_gmt":"2025-08-28T09:38:24","guid":{"rendered":"https:\/\/www.europesays.com\/fr\/349710\/"},"modified":"2025-08-28T09:38:24","modified_gmt":"2025-08-28T09:38:24","slug":"a-cesson-sevigne-lhotel-des-polices-inaugure-et-en-attente-deffectifs-nationaux","status":"publish","type":"post","link":"https:\/\/www.europesays.com\/fr\/349710\/","title":{"rendered":"\u00c0 Cesson-S\u00e9vign\u00e9, l\u2019h\u00f4tel des polices inaugur\u00e9 et en attente d\u2019effectifs nationaux"},"content":{"rendered":"<p>C\u2019\u00e9tait une inauguration attendue. Ce mercredi 27 ao\u00fbt, Jean-Pierre Savignac, <a href=\"https:\/\/www.letelegramme.fr\/bretagne\/pres-de-rennes-un-ministre-attendu-ce-mercredi-pour-linauguration-dun-commissariat-6876875.php\" target=\"_blank\" rel=\"nofollow noopener\">le maire Horizons de Cesson-S\u00e9vign\u00e9, a inaugur\u00e9 l\u2019H\u00f4tel des polices sur le mail Bourgchevreuil, pr\u00e8s de la mairie.<\/a> \u00c0 ses c\u00f4t\u00e9s : Fran\u00e7ois-No\u00ebl Buffet, ministre aupr\u00e8s du ministre de l\u2019Int\u00e9rieur et d\u2019Amaury de Saint-Quentin, pr\u00e9fet d\u2019Ille-et-Vilaine et de Bretagne. Repouss\u00e9e \u00e0 plusieurs reprises, cette inauguration a finalement eu lieu, in extremis, \u00e0 20 h, quatre jours avant le d\u00e9marrage de la p\u00e9riode de r\u00e9serve pour les municipales o\u00f9 les \u00e9lus ne peuvent plus s\u2019exprimer.<\/p>\n<p>Mis en service en mai, apr\u00e8s un peu moins de 500 000 euros de travaux \u00e0 70 % \u00e0 la charge de l\u2019\u00c9tat, cet \u00ab h\u00f4tel des polices \u00bb regroupe neuf policiers municipaux, deux plaintiers et une secr\u00e9taire de la Police nationale.<\/p>\n<p>Ouvert de 8 \u00e0 18 h, du lundi au vendredi, ce poste de police permet aux habitants du secteur de venir d\u00e9poser plainte le matin. L\u2019apr\u00e8s-midi, la police nationale travaille sur rendez-vous. Dans le m\u00eame temps, la police municipale, qui est arm\u00e9e \u00e0 Cesson-S\u00e9vign\u00e9, patrouille.<\/p>\n<p>Une inauguration qui se fait donc \u00e0 moyens constants. Un coup dur pour l\u2019\u00e9quipe municipale qui esp\u00e9rait depuis des mois que serait cr\u00e9\u00e9e une Brigade sp\u00e9cialis\u00e9e de terrain compos\u00e9e de 14 effectifs. Un v\u0153u qui para\u00eet pieux quand on sait que Cesson-S\u00e9vign\u00e9 ne compte aucun point de deal r\u00e9f\u00e9renc\u00e9 par le minist\u00e8re de l\u2019int\u00e9rieur et surtout aucun quartier de reconqu\u00eate r\u00e9publicaine. \u00ab On a souhait\u00e9 ouvrir un bureau de police s\u00e9curis\u00e9, lumineux de 300 m2 car la population de Cesson-S\u00e9vign\u00e9 augmente beaucoup \u00bb, a expliqu\u00e9 Jean-Pierre Savignac lors de son discours. \u00ab La ligne B am\u00e8ne d\u2019autres probl\u00e8mes. Nous avons \u00e9galement 27 000 salari\u00e9s \u00e0 venir travailler chez nous tous les jours. Ce n\u2019est pas rien. (\u2026) Notre qualit\u00e9 de vie est r\u00e9put\u00e9e mais c\u2019est un danger de croire que cette situation est immuable. \u00bb C\u2019est un fait, d\u2019apr\u00e8s nos informations, un point de deal aurait tent\u00e9 de s\u2019implanter il y a quelques mois dans le quartier de Via Silva o\u00f9 les \u00e9tudiants sont nombreux. Mais il aurait \u00e9t\u00e9 d\u00e9log\u00e9.<\/p>\n<p>Les mains vides<\/p>\n<p>Fran\u00e7ois-No\u00ebl Buffet, ministre d\u00e9l\u00e9gu\u00e9 aupr\u00e8s du ministre de l\u2019int\u00e9rieur, n\u2019a donc pas annonc\u00e9 d\u2019arriv\u00e9e de policiers nationaux. Le maire l\u2019a pourtant redit : \u00ab Nous esp\u00e9rons avoir des effectifs lors des prochains mouvements. Notre poste de police est dimensionn\u00e9 pour une trentaine de policiers. \u00bb Jean-Pierre Savignac a jout\u00e9 que la police municipale \u00e9tait en train de recruter deux autres policiers municipaux pour passer \u00e0 11. \u00ab C\u2019est une bonne chose \u00bb, se f\u00e9licite David Leveau, responsable du syndicat SGP FO. On mutualise les comp\u00e9tences. Nous sommes compl\u00e9mentaires. C\u2019est parfait pour le continuum de s\u00e9curit\u00e9. \u00bb<\/p>\n<p><img decoding=\"async\" src=\"https:\/\/www.europesays.com\/fr\/wp-content\/uploads\/2025\/08\/68af5cd471daa3a5690b95e7.1.jpeg\" width=\"480\" height=\"300\" class=\"web_golden_m\" loading=\"lazy\" alt=\"Jean-Pierre Savignac, maire de Cesson-S\u00e9vign\u00e9, lors de son discours.\"\/>Jean-Pierre Savignac, maire de Cesson-S\u00e9vign\u00e9, lors de son discours. (Le T\u00e9l\u00e9gramme\/Claire Staes)<\/p>\n<p>Nostalgique de sa gendarmerie qui comptait il y a des ann\u00e9es, 24 militaires bas\u00e9s \u00e0 Cesson-S\u00e9vign\u00e9, la commune restera donc sous l\u2019\u00e9troite surveillance de la BST de Maurepas. Qui travaille 7 jours sur 7, depuis fin 2024.<\/p>\n<p>\u00ab <a href=\"https:\/\/www.letelegramme.fr\/ille-et-vilaine\/rennes-35000\/un-chiffre-ridicule-pourquoi-les-policiers-ne-sont-pas-satisfaits-des-ouvertures-de-postes-a-rennes-6848427.php\" target=\"_blank\" rel=\"nofollow noopener\">Nous sommes en sous-effectif chronique sur la circonscription de Rennes<\/a> qui comprend aussi les communes de Saint-Gr\u00e9goire, Chantepie et Cesson-S\u00e9vign\u00e9 \u00bb, rappelle Fr\u00e9d\u00e9ric Gallet, secr\u00e9taire d\u00e9partemental du syndicat Alliance. Les mutations de l\u2019\u00e9t\u00e9 n\u2019ayant pas combl\u00e9 tous les postes manquants. La Bac de Saint-Malo est au bord de la cessation d\u2019activit\u00e9 tellement il manque de monde. Toujours \u00e0 Saint-Malo, l\u2019investigation est aussi dans une situation catastrophique. Alors oui, cr\u00e9er une BST \u00e0 Cesson-S\u00e9vign\u00e9 pourrait avoir du sens car il y a de nombreuses entreprises, la rocade, de plus en plus d\u2019habitants et pas mal de cambriolages\u2026 Mais ce n\u2019est pas \u00e0 dans l\u2019air du temps. \u00bb<\/p>\n<p>Plus de cam\u00e9ras<\/p>\n<p>En parall\u00e8le, Jean-Pierre Savignac pr\u00e9voit de doter la ville de 29 nouvelles cam\u00e9ras cette ann\u00e9e, portant leur nombre \u00e0 67. \u00ab Nous serons \u00e0 plus de 100 en 2027. Et je me porte candidat pour tester l\u2019intelligence artificielle et pourquoi pas la vid\u00e9o-verbalisation. \u00bb<\/p>\n","protected":false},"excerpt":{"rendered":"C\u2019\u00e9tait une inauguration attendue. Ce mercredi 27 ao\u00fbt, Jean-Pierre Savignac, le maire Horizons de Cesson-S\u00e9vign\u00e9, a inaugur\u00e9 l\u2019H\u00f4tel&hellip;\n","protected":false},"author":2,"featured_media":349711,"comment_status":"","ping_status":"","sticky":false,"template":"","format":"standard","meta":{"footnotes":""},"categories":[2821],"tags":[1111,11,829,765,1777,674,118,3383,1011,27,12,584,25],"class_list":{"0":"post-349710","1":"post","2":"type-post","3":"status-publish","4":"format-standard","5":"has-post-thumbnail","7":"category-rennes","8":"tag-actu","9":"tag-actualites","10":"tag-bretagne","11":"tag-en-continu","12":"tag-eu","13":"tag-europe","14":"tag-faits-divers","15":"tag-faits-divers-a-rennes","16":"tag-fr","17":"tag-france","18":"tag-news","19":"tag-rennes","20":"tag-republique-francaise"},"share_on_mastodon":{"url":"https:\/\/pubeurope.com\/@fr\/115105726742246485","error":""},"_links":{"self":[{"href":"https:\/\/www.europesays.com\/fr\/wp-json\/wp\/v2\/posts\/349710","targetHints":{"allow":["GET"]}}],"collection":[{"href":"https:\/\/www.europesays.com\/fr\/wp-json\/wp\/v2\/posts"}],"about":[{"href":"https:\/\/www.europesays.com\/fr\/wp-json\/wp\/v2\/types\/post"}],"author":[{"embeddable":true,"href":"https:\/\/www.europesays.com\/fr\/wp-json\/wp\/v2\/users\/2"}],"replies":[{"embeddable":true,"href":"https:\/\/www.europesays.com\/fr\/wp-json\/wp\/v2\/comments?post=349710"}],"version-history":[{"count":0,"href":"https:\/\/www.europesays.com\/fr\/wp-json\/wp\/v2\/posts\/349710\/revisions"}],"wp:featuredmedia":[{"embeddable":true,"href":"https:\/\/www.europesays.com\/fr\/wp-json\/wp\/v2\/media\/349711"}],"wp:attachment":[{"href":"https:\/\/www.europesays.com\/fr\/wp-json\/wp\/v2\/media?parent=349710"}],"wp:term":[{"taxonomy":"category","embeddable":true,"href":"https:\/\/www.europesays.com\/fr\/wp-json\/wp\/v2\/categories?post=349710"},{"taxonomy":"post_tag","embeddable":true,"href":"https:\/\/www.europesays.com\/fr\/wp-json\/wp\/v2\/tags?post=349710"}],"curies":[{"name":"wp","href":"https:\/\/api.w.org\/{rel}","templated":true}]}}