{"id":349712,"date":"2025-08-28T09:39:10","date_gmt":"2025-08-28T09:39:10","guid":{"rendered":"https:\/\/www.europesays.com\/fr\/349712\/"},"modified":"2025-08-28T09:39:10","modified_gmt":"2025-08-28T09:39:10","slug":"stassin-vers-rennes-lasse-menacee-au-mercato","status":"publish","type":"post","link":"https:\/\/www.europesays.com\/fr\/349712\/","title":{"rendered":"Stassin vers Rennes, l\u2019ASSE menac\u00e9e au mercato\u2026"},"content":{"rendered":"<p>Mercato ASSE : Grosse alerte pour les Verts en cette fin de mercato ! Alors que le Stade Rennais insiste fortement pour recruter Stassin, un autre dossier br\u00fblant s\u2019ouvre du c\u00f4t\u00e9 de Geoffroy-Guichard : Zuriko Davitashvili est dans le viseur de West Ham et pourrait filer en Premier League dans les derni\u00e8res heures du march\u00e9 des transferts. <\/p>\n<p>\u2013 L\u2019ASSE va-t-elle r\u00e9ussir \u00e0 conserver ses talents face \u00e0 la pression de Rennes et des clubs anglais ? <br \/>\u2013 Stassin et Davitashvili, deux d\u00e9parts qui pourraient tout changer pour l\u2019avenir des Verts ?<\/p>\n<p>On fait le point complet sur ces dossiers chauds du mercato st\u00e9phanois !<\/p>\n","protected":false},"excerpt":{"rendered":"Mercato ASSE : Grosse alerte pour les Verts en cette fin de mercato ! Alors que le Stade&hellip;\n","protected":false},"author":2,"featured_media":349713,"comment_status":"","ping_status":"","sticky":false,"template":"","format":"standard","meta":{"footnotes":""},"categories":[2821],"tags":[1111,11,829,448,1777,674,63,1011,27,66,3388,12,584,25,10662],"class_list":{"0":"post-349712","1":"post","2":"type-post","3":"status-publish","4":"format-standard","5":"has-post-thumbnail","7":"category-rennes","8":"tag-actu","9":"tag-actualites","10":"tag-bretagne","11":"tag-champions-league","12":"tag-eu","13":"tag-europe","14":"tag-football","15":"tag-fr","16":"tag-france","17":"tag-ligue-1","18":"tag-matchs","19":"tag-news","20":"tag-rennes","21":"tag-republique-francaise","22":"tag-transferts"},"share_on_mastodon":{"url":"https:\/\/pubeurope.com\/@fr\/115105730660246455","error":""},"_links":{"self":[{"href":"https:\/\/www.europesays.com\/fr\/wp-json\/wp\/v2\/posts\/349712","targetHints":{"allow":["GET"]}}],"collection":[{"href":"https:\/\/www.europesays.com\/fr\/wp-json\/wp\/v2\/posts"}],"about":[{"href":"https:\/\/www.europesays.com\/fr\/wp-json\/wp\/v2\/types\/post"}],"author":[{"embeddable":true,"href":"https:\/\/www.europesays.com\/fr\/wp-json\/wp\/v2\/users\/2"}],"replies":[{"embeddable":true,"href":"https:\/\/www.europesays.com\/fr\/wp-json\/wp\/v2\/comments?post=349712"}],"version-history":[{"count":0,"href":"https:\/\/www.europesays.com\/fr\/wp-json\/wp\/v2\/posts\/349712\/revisions"}],"wp:featuredmedia":[{"embeddable":true,"href":"https:\/\/www.europesays.com\/fr\/wp-json\/wp\/v2\/media\/349713"}],"wp:attachment":[{"href":"https:\/\/www.europesays.com\/fr\/wp-json\/wp\/v2\/media?parent=349712"}],"wp:term":[{"taxonomy":"category","embeddable":true,"href":"https:\/\/www.europesays.com\/fr\/wp-json\/wp\/v2\/categories?post=349712"},{"taxonomy":"post_tag","embeddable":true,"href":"https:\/\/www.europesays.com\/fr\/wp-json\/wp\/v2\/tags?post=349712"}],"curies":[{"name":"wp","href":"https:\/\/api.w.org\/{rel}","templated":true}]}}