{"id":349714,"date":"2025-08-28T09:40:09","date_gmt":"2025-08-28T09:40:09","guid":{"rendered":"https:\/\/www.europesays.com\/fr\/349714\/"},"modified":"2025-08-28T09:40:09","modified_gmt":"2025-08-28T09:40:09","slug":"un-spectacle-de-mapping-video-unique-sinstalle-dans-la-cathedrale-de-strasbourg-des-ce-vendredi","status":"publish","type":"post","link":"https:\/\/www.europesays.com\/fr\/349714\/","title":{"rendered":"Un spectacle de mapping vid\u00e9o unique s&rsquo;installe dans la cath\u00e9drale de Strasbourg d\u00e8s ce vendredi"},"content":{"rendered":"<p>            Par<br \/>\n        <strong><br \/>\n            <a href=\"https:\/\/actu.fr\/auteur\/redaction-strasbourg\" title=\"Consulter tous les articles de R\u00e9daction Strasbourg\" target=\"_blank\" rel=\"noopener\">R\u00e9daction Strasbourg<\/a><br \/>\n        <\/strong><\/p>\n<p>        Publi\u00e9 le<\/p>\n<p>            28 ao\u00fbt 2025 \u00e0 10h12        <\/p>\n<p>L\u2019int\u00e9rieur de la <a href=\"https:\/\/actu.fr\/tag\/cathedrale-de-strasbourg\" target=\"_blank\" rel=\"noopener\">cath\u00e9drale de Strasbourg<\/a> va se transformer plusieurs soirs par semaine d\u00e8s le vendredi 29 ao\u00fbt. Apr\u00e8s avoir conquis plus de 500\u2009000 spectateurs dans l\u2019Hexagone, notamment \u00e0 <a href=\"https:\/\/actu.fr\/normandie\/rouen_76540\/decouvrez-les-premieres-images-du-spectacle-de-lumieres-dans-la-cathedrale-de-rouen_62079978.html\" target=\"_blank\" rel=\"noopener\">Rouen<\/a>, <a href=\"https:\/\/actu.fr\/perpignan\/\" target=\"_blank\" rel=\"noopener\">Perpignan<\/a> ou encore <a href=\"https:\/\/actu.fr\/provence-alpes-cote-d-azur\/nice_06088\/video-a-nice-ce-spectacle-de-lumieres-dans-une-basilique-est-epoustouflant_61868015.html\" target=\"_blank\" rel=\"noopener\">Nice<\/a>, le <strong>spectacle Luminiscence s\u2019installe dans Notre-Dame et propose un spectacle de mapping vid\u00e9o.<\/strong><\/p>\n<p>Pr\u00e8s d\u2019une heure d\u2019immersion<\/p>\n<p class=\" wall-content\">Le <strong>show se veut immersif \u00e0 360\u00b0<\/strong> et promet de<strong> m\u00ealer histoire, vid\u00e9o mapping et musique live <\/strong>pour une d\u00e9couverte des secrets de Notre-Dame durant une heure.<\/p>\n<p class=\" wall-content\">Certaines soir\u00e9es seront agr\u00e9ment\u00e9es de la pr\u00e9sence d\u2019un ch\u0153ur en live par les voix de l\u2019Ensemble Nunc Dimittis sous la direction du chef Remi Studer.<\/p>\n<p>Ouverture des portes le 29 ao\u00fbt. Une \u00e0 deux s\u00e9ances par soir du mardi au samedi. Un m\u00eame spectacle deux versions musicales\u2009: une version avec orchestre live tous les vendredis et samedis soir \u00e0 partir de 39 euros, une version avec musique digitale et ch\u0153ur live du mardi au jeudi \u00e0 partir de 28 euros. La r\u00e9servation en ligne d\u2019un billet est recommand\u00e9. Il est possible d\u2019acheter un billet sur place. Entr\u00e9e gratuite pour les enfants jusqu\u2019\u00e0 4 ans.<\/p>\n<p class=\" wall-content\">Personnalisez votre actualit\u00e9 en ajoutant vos villes et m\u00e9dias en favori avec <a href=\"https:\/\/moncompte.actu.fr\" title=\"D\u00e9couvez Mon Actu\" rel=\"nofollow noopener\" data-trk=\"{&quot;cta&quot;:{&quot;action&quot;:&quot;https:\\\/\\\/moncompte.actu.fr&quot;,&quot;category&quot;:&quot;mon compte&quot;,&quot;from&quot;:&quot;article footer&quot;,&quot;name&quot;:&quot;Mon actu&quot;,&quot;type&quot;:&quot;cta&quot;}}\" target=\"_blank\">Mon Actu<\/a>.<\/p>\n","protected":false},"excerpt":{"rendered":"Par R\u00e9daction Strasbourg Publi\u00e9 le 28 ao\u00fbt 2025 \u00e0 10h12 L\u2019int\u00e9rieur de la cath\u00e9drale de Strasbourg va se&hellip;\n","protected":false},"author":2,"featured_media":349715,"comment_status":"","ping_status":"","sticky":false,"template":"","format":"standard","meta":{"footnotes":""},"categories":[2820],"tags":[1111,11,12430,1777,674,1011,27,775,1652,12,25,640],"class_list":{"0":"post-349714","1":"post","2":"type-post","3":"status-publish","4":"format-standard","5":"has-post-thumbnail","7":"category-strasbourg","8":"tag-actu","9":"tag-actualites","10":"tag-cathedrale-de-strasbourg","11":"tag-eu","12":"tag-europe","13":"tag-fr","14":"tag-france","15":"tag-grand-est","16":"tag-loisirs-culture","17":"tag-news","18":"tag-republique-francaise","19":"tag-strasbourg"},"share_on_mastodon":{"url":"https:\/\/pubeurope.com\/@fr\/115105734642046741","error":""},"_links":{"self":[{"href":"https:\/\/www.europesays.com\/fr\/wp-json\/wp\/v2\/posts\/349714","targetHints":{"allow":["GET"]}}],"collection":[{"href":"https:\/\/www.europesays.com\/fr\/wp-json\/wp\/v2\/posts"}],"about":[{"href":"https:\/\/www.europesays.com\/fr\/wp-json\/wp\/v2\/types\/post"}],"author":[{"embeddable":true,"href":"https:\/\/www.europesays.com\/fr\/wp-json\/wp\/v2\/users\/2"}],"replies":[{"embeddable":true,"href":"https:\/\/www.europesays.com\/fr\/wp-json\/wp\/v2\/comments?post=349714"}],"version-history":[{"count":0,"href":"https:\/\/www.europesays.com\/fr\/wp-json\/wp\/v2\/posts\/349714\/revisions"}],"wp:featuredmedia":[{"embeddable":true,"href":"https:\/\/www.europesays.com\/fr\/wp-json\/wp\/v2\/media\/349715"}],"wp:attachment":[{"href":"https:\/\/www.europesays.com\/fr\/wp-json\/wp\/v2\/media?parent=349714"}],"wp:term":[{"taxonomy":"category","embeddable":true,"href":"https:\/\/www.europesays.com\/fr\/wp-json\/wp\/v2\/categories?post=349714"},{"taxonomy":"post_tag","embeddable":true,"href":"https:\/\/www.europesays.com\/fr\/wp-json\/wp\/v2\/tags?post=349714"}],"curies":[{"name":"wp","href":"https:\/\/api.w.org\/{rel}","templated":true}]}}