{"id":349716,"date":"2025-08-28T09:41:15","date_gmt":"2025-08-28T09:41:15","guid":{"rendered":"https:\/\/www.europesays.com\/fr\/349716\/"},"modified":"2025-08-28T09:41:15","modified_gmt":"2025-08-28T09:41:15","slug":"soiree-decisive-pour-le-racing-club-de-strasbourg","status":"publish","type":"post","link":"https:\/\/www.europesays.com\/fr\/349716\/","title":{"rendered":"Soir\u00e9e d\u00e9cisive pour le Racing Club de Strasbourg"},"content":{"rendered":"<p style=\"margin: 0;\">jeudi 28 ao\u00fbt 2025 \u00e0 10:50<\/p>\n<p>\t<img decoding=\"async\" src=\"https:\/\/www.europesays.com\/fr\/wp-content\/uploads\/2025\/08\/15958-soiree-decisive-pour-le-racing-club-de-strasbourg_w1500.jpg\" class=\"blur\" alt=\"Soir\u00e9e d\u00e9cisive pour le Racing Club de Strasbourg\"\/><br \/>\n\t<img decoding=\"async\" src=\"https:\/\/www.europesays.com\/fr\/wp-content\/uploads\/2025\/08\/15958-soiree-decisive-pour-le-racing-club-de-strasbourg_w1500.jpg\" class=\"main\" alt=\"Soir\u00e9e d\u00e9cisive pour le Racing Club de Strasbourg\"\/><\/p>\n<p>Le match aller face \u00e0 Brondby s\u2019est sold\u00e9 par un score nul et vierge. Il reste donc 90 minutes voire plus pour d\u00e9partager les deux \u00e9quipes dans ce match de barrage.<\/p>\n<p>&#13;<\/p>\n<p>Les Alsaciens sont dans une spirale positive avec 2 victoires en autant de matchs en championnat alors que le club danois a perdu 2-0 dimanche.<\/p>\n<p>&#13;<\/p>\n<p>Le Racing Club de Strasbourg jouera-t-il en Ligue Conf\u00e9rence cette saison ? R\u00e9ponse \u00e0 partir de 20h sur BFM Alsace.<\/p>\n","protected":false},"excerpt":{"rendered":"jeudi 28 ao\u00fbt 2025 \u00e0 10:50 Le match aller face \u00e0 Brondby s\u2019est sold\u00e9 par un score nul&hellip;\n","protected":false},"author":2,"featured_media":349717,"comment_status":"","ping_status":"","sticky":false,"template":"","format":"standard","meta":{"footnotes":""},"categories":[2820],"tags":[1111,11,1777,674,1011,27,775,12,25,640],"class_list":{"0":"post-349716","1":"post","2":"type-post","3":"status-publish","4":"format-standard","5":"has-post-thumbnail","7":"category-strasbourg","8":"tag-actu","9":"tag-actualites","10":"tag-eu","11":"tag-europe","12":"tag-fr","13":"tag-france","14":"tag-grand-est","15":"tag-news","16":"tag-republique-francaise","17":"tag-strasbourg"},"share_on_mastodon":{"url":"https:\/\/pubeurope.com\/@fr\/115105738533649603","error":""},"_links":{"self":[{"href":"https:\/\/www.europesays.com\/fr\/wp-json\/wp\/v2\/posts\/349716","targetHints":{"allow":["GET"]}}],"collection":[{"href":"https:\/\/www.europesays.com\/fr\/wp-json\/wp\/v2\/posts"}],"about":[{"href":"https:\/\/www.europesays.com\/fr\/wp-json\/wp\/v2\/types\/post"}],"author":[{"embeddable":true,"href":"https:\/\/www.europesays.com\/fr\/wp-json\/wp\/v2\/users\/2"}],"replies":[{"embeddable":true,"href":"https:\/\/www.europesays.com\/fr\/wp-json\/wp\/v2\/comments?post=349716"}],"version-history":[{"count":0,"href":"https:\/\/www.europesays.com\/fr\/wp-json\/wp\/v2\/posts\/349716\/revisions"}],"wp:featuredmedia":[{"embeddable":true,"href":"https:\/\/www.europesays.com\/fr\/wp-json\/wp\/v2\/media\/349717"}],"wp:attachment":[{"href":"https:\/\/www.europesays.com\/fr\/wp-json\/wp\/v2\/media?parent=349716"}],"wp:term":[{"taxonomy":"category","embeddable":true,"href":"https:\/\/www.europesays.com\/fr\/wp-json\/wp\/v2\/categories?post=349716"},{"taxonomy":"post_tag","embeddable":true,"href":"https:\/\/www.europesays.com\/fr\/wp-json\/wp\/v2\/tags?post=349716"}],"curies":[{"name":"wp","href":"https:\/\/api.w.org\/{rel}","templated":true}]}}