{"id":349718,"date":"2025-08-28T09:42:10","date_gmt":"2025-08-28T09:42:10","guid":{"rendered":"https:\/\/www.europesays.com\/fr\/349718\/"},"modified":"2025-08-28T09:42:10","modified_gmt":"2025-08-28T09:42:10","slug":"lheure-de-stationnement-gratuite-peut-elle-aider-les-commercants-a-saint-laurent","status":"publish","type":"post","link":"https:\/\/www.europesays.com\/fr\/349718\/","title":{"rendered":"L\u2019heure de stationnement gratuite peut-elle aider les commer\u00e7ants \u00e0 Saint-Laurent?"},"content":{"rendered":"<p>Stationner 1 heure sans payer (1). Apr\u00e8s Nice, d\u00e8s ce lundi 1er septembre c\u2019est au tour de Saint-Laurent-du-Var d\u2019augmenter sa franchise pour se garer sur les places \u00e0 horodateur (30min jusqu\u2019alors). Une mesure qui s\u2019inscrit dans la refonte d\u2019une partie du centre-ville, \u00e0 l\u2019instar du vaste chantier en cours sur l\u2019avenue De-Gaulle. Sur cette art\u00e8re laurentine structurante, d\u00e9bouchant sur la gare, exit la centaine de stationnements sur voirie, remplac\u00e9s &#8211; d\u2019ici \u00e0 fin 2025 &#8211; par une voie cyclable et des trottoirs \u00e9largis. Tandis que 200 places sont recr\u00e9\u00e9es dans les rues adjacentes ou encore 90 au parking sud de la gare d\u00e8s ce mois de rentr\u00e9e. Pas de quoi rassurer \u00e0 100% les commer\u00e7ants de l\u2019avenue en travaux. \u00ab\u00a0Marcher 300m\u00e8tres pour acheter 1kg de tomates, pas certain que \u00e7a fonctionnera&#8230;\u00a0\u00bb, appr\u00e9hende Philippe, commer\u00e7ant de l\u2019avenue De-Gaulle. Et pour ce g\u00e9rant d\u2019une \u00e9choppe de fruits et l\u00e9gumes reprise il y a un an, ce n\u2019est pas <a href=\"https:\/\/www.nicematin.com\/transports\/stationnement-gratuit-abonnement-resident-nouvelles-places-les-regles-changent-a-saint-laurent-du-var-on-vous-explique-tout-992671\" rel=\"nofollow noopener\" target=\"_blank\">l\u2019heure de stationnement <\/a>gratuite qui changera la donne. \u00ab\u00a020 \u00e0 30% de mes clients viennent en voiture. Sans arr\u00eat minute \u00e0 c\u00f4t\u00e9, \u00e7a n\u2019y fera rien\u00a0\u00bb, pressent ce dernier qui se laisse \u00ab\u00a0une ann\u00e9e\u00a0\u00bb pour faire le point sur l\u2019avenir de son activit\u00e9. \u00ab\u00a0D\u2019autant que, quand j\u2019ai sign\u00e9 en 2024, on m\u2019a parl\u00e9 des travaux de l\u2019immeuble voisin [la Villa Bellevue, N.D.L.R.] mais pas du chantier de l\u2019avenue&#8230;\u00a0\u00bb, regrette-t-il.<\/p>\n<p>\u00ab\u00a0L\u2019apr\u00e8s sera mieux\u00a0\u00bb<\/p>\n<p>M\u00eame inqui\u00e9tude pour Maher, g\u00e9rant depuis 4 ans d\u2019un Vival sur le m\u00eame trottoir. \u00ab\u00a0Des personnes \u00e2g\u00e9es venaient en voiture charger des packs d\u2019eau en s\u2019arr\u00eatant juste devant. Pour ce genre de petits commerces, c\u2019est s\u00fbr que si vous ne trouvez pas de place \u00e0 c\u00f4t\u00e9, vous poussez jusqu\u2019\u00e0 Intermarch\u00e9 qui a son parking et o\u00f9 vous avez tout ce qu\u2019il vous faut&#8230;\u00a0\u00bb, redoute-t-il. Lui assure d\u00e9j\u00e0 p\u00e2tir, depuis le d\u00e9but des travaux, de la d\u00e9localisation d\u2019une place de livraison dans une rue perpendiculaire adjacente. \u00ab\u00a0Trop loin, surtout quand on a 7 \u00e0 8 rolls de marchandises \u00e0 d\u00e9charger deux fois par semaine&#8230;\u00a0\u00bb, explique-t-il.<\/p>\n<p>Sur le trottoir d\u2019en face, r\u00e9tr\u00e9ci par le chantier, la g\u00e9rante de la boucherie hallal veut positiver. \u00ab\u00a0La p\u00e9riode des travaux est dure niveau chiffre d\u2019affaires mais l\u2019apr\u00e8s sera mieux. L\u2019heure gratuite de stationnement, c\u2019est bien! Une belle zone verte aussi: \u00e7a attire l\u2019attention. On ne se plaint pas, on attend juste avec impatience la fin du chantier&#8230;\u00a0\u00bb, dit-elle. Idem pour Ludo, le pizza\u00efolo, confiant pour son commerce, un peu moins \u00ab\u00a0pour le bazar quand les gens vont d\u00e9poser les enfants \u00e0 l\u2019\u00e9cole\u00a0\u00bb.<\/p>\n<p>Pour le patron de la boutique d\u2019optique de l\u2019avenue, tout va se jouer dans le changement des habitudes&#8230; ou pas. \u00ab\u00a0J\u2019\u00e9tais aux Pays-Bas r\u00e9cemment. C\u2019est incroyable comme tout le monde se d\u00e9place \u00e0 v\u00e9lo ou \u00e0 pied. Dans le sud avec la client\u00e8le \u00e2g\u00e9e, c\u2019est un peu plus compliqu\u00e9&#8230; Pour l\u2019heure, les gens se plaignent de se garer plus loin \u00e0 cause des travaux mais ils viennent. La suite? On verra&#8230; Ce qui est s\u00fbr, c\u2019est que l\u2019avenue sera plus jolie\u00a0\u00bb, nuance-t-il. Mohamed, g\u00e9rant d\u2019un barbier tout proche depuis 3 ans, accueille majoritairement une client\u00e8le de jeunes \u00ab\u00a0venant en voiture, pour 30 minutes \u00e0 une heure dans le salon\u00a0\u00bb. Si la franchise lui para\u00eet une bonne id\u00e9e, lui esp\u00e8re surtout la fin rapide des travaux. \u00ab\u00a0Ces 5 derniers mois, j\u2019ai perdu 50% de mon chiffre d\u2019affaires. \u00c7a commence \u00e0 faire long&#8230;\u00a0\u00bb, confie-t-il.<\/p>\n<p>1.Une heure gratuite, modulable sur la journ\u00e9e et fractionnable par quart d\u2019heure. La municipalit\u00e9 souhaite ainsi faciliter le parcage de courte dur\u00e9e. Les places non-payantes et celles gratuites en semaine (12h-14h et \u00e0 partir de 18h30). Attention: la zone littorale sera toujours payante.<\/p>\n","protected":false},"excerpt":{"rendered":"Stationner 1 heure sans payer (1). Apr\u00e8s Nice, d\u00e8s ce lundi 1er septembre c\u2019est au tour de Saint-Laurent-du-Var&hellip;\n","protected":false},"author":2,"featured_media":349719,"comment_status":"","ping_status":"","sticky":false,"template":"","format":"standard","meta":{"footnotes":""},"categories":[2819],"tags":[1111,11,215,33,1777,674,1011,27,12,2401,882,25,1352,3366],"class_list":{"0":"post-349718","1":"post","2":"type-post","3":"status-publish","4":"format-standard","5":"has-post-thumbnail","7":"category-nice","8":"tag-actu","9":"tag-actualites","10":"tag-commerce","11":"tag-economie","12":"tag-eu","13":"tag-europe","14":"tag-fr","15":"tag-france","16":"tag-news","17":"tag-nice","18":"tag-provence-alpes-cote-dazur","19":"tag-republique-francaise","20":"tag-urbanisme","21":"tag-vie-locale"},"share_on_mastodon":{"url":"https:\/\/pubeurope.com\/@fr\/115105742506876852","error":""},"_links":{"self":[{"href":"https:\/\/www.europesays.com\/fr\/wp-json\/wp\/v2\/posts\/349718","targetHints":{"allow":["GET"]}}],"collection":[{"href":"https:\/\/www.europesays.com\/fr\/wp-json\/wp\/v2\/posts"}],"about":[{"href":"https:\/\/www.europesays.com\/fr\/wp-json\/wp\/v2\/types\/post"}],"author":[{"embeddable":true,"href":"https:\/\/www.europesays.com\/fr\/wp-json\/wp\/v2\/users\/2"}],"replies":[{"embeddable":true,"href":"https:\/\/www.europesays.com\/fr\/wp-json\/wp\/v2\/comments?post=349718"}],"version-history":[{"count":0,"href":"https:\/\/www.europesays.com\/fr\/wp-json\/wp\/v2\/posts\/349718\/revisions"}],"wp:featuredmedia":[{"embeddable":true,"href":"https:\/\/www.europesays.com\/fr\/wp-json\/wp\/v2\/media\/349719"}],"wp:attachment":[{"href":"https:\/\/www.europesays.com\/fr\/wp-json\/wp\/v2\/media?parent=349718"}],"wp:term":[{"taxonomy":"category","embeddable":true,"href":"https:\/\/www.europesays.com\/fr\/wp-json\/wp\/v2\/categories?post=349718"},{"taxonomy":"post_tag","embeddable":true,"href":"https:\/\/www.europesays.com\/fr\/wp-json\/wp\/v2\/tags?post=349718"}],"curies":[{"name":"wp","href":"https:\/\/api.w.org\/{rel}","templated":true}]}}