{"id":349720,"date":"2025-08-28T09:43:10","date_gmt":"2025-08-28T09:43:10","guid":{"rendered":"https:\/\/www.europesays.com\/fr\/349720\/"},"modified":"2025-08-28T09:43:10","modified_gmt":"2025-08-28T09:43:10","slug":"pres-de-150-oiseaux-saisis-dans-des-appartements-a-nice","status":"publish","type":"post","link":"https:\/\/www.europesays.com\/fr\/349720\/","title":{"rendered":"pr\u00e8s de 150 oiseaux saisis dans des appartements \u00e0 Nice"},"content":{"rendered":"<p class=\"article__intro\">Pr\u00e8s de 150 oiseaux ont \u00e9t\u00e9 retrouv\u00e9s \u00e0 Nice, dans deux appartements du centre-ville. Les volatiles, pour beaucoup en mauvaise sant\u00e9, vivaient dans des conditions d\u00e9plorables. Ils ont \u00e9t\u00e9 saisis et confi\u00e9 \u00e0 une association sp\u00e9cialis\u00e9e. <\/p>\n<p>\n      L\u2019actu des r\u00e9gions\n    <\/p>\n<p>\n      Chaque jour, un tour d\u2019horizon des principales infos de toutes les r\u00e9gions.\n    <\/p>\n<p>    France T\u00e9l\u00e9visions utilise votre adresse e-mail afin de vous envoyer la newsletter \u00ab\u00a0L\u2019actu des r\u00e9gions\u00a0\u00bb. Vous pouvez vous d\u00e9sinscrire \u00e0 tout moment via le lien en bas de cette newsletter. <a target=\"_blank\" href=\"https:\/\/www.francetelevisions.fr\/groupe\/confidentialite\/politique-de-confidentialite\/politique-de-confidentialite-de-france-televisions-6503\" rel=\"nofollow noopener\">Notre politique de confidentialit\u00e9<\/a><\/p>\n<p>C&rsquo;est une d\u00e9couverte qui d\u00e9passe l&rsquo;entendement. Pigeons, tourterelles, perruches et autres esp\u00e8ces exotiques : ce sont au total 147 oiseaux qui ont \u00e9t\u00e9 saisis ce mercredi, dans deux appartements de Nice appartenant \u00e0 un couple.<\/p>\n<p>Tout commence par un signalement effectu\u00e9 par la police dans la matin\u00e9e. Les forces de l&rsquo;ordre intervenaient sur une tout autre affaire li\u00e9e \u00e0 des nuisances, lorsqu&rsquo;ils ont d\u00e9couvert ces deux logements, situ\u00e9s face \u00e0 face, rue Lamartine. Constatant les d\u00e9g\u00e2ts, le collectif UPA06 est alors alert\u00e9 pour saisir les animaux.<\/p>\n<p>Sur place, une sc\u00e8ne atroce : \u00ab\u00a0Il y a 20 centim\u00e8tres de graines partout. Ils vivaient dans des conditions horribles, dans leurs propres fientes\u00a0\u00bb, raconte Sonia Vigliarolo, membre de l&rsquo;association.<\/p>\n<p>L&rsquo;odeur est aussi naus\u00e9abonde et certaines des cages semblent ne pas avoir \u00e9t\u00e9 d\u00e9plac\u00e9es depuis un certain temps. Des poux, des mites, des rats ou encore des souris ont aussi \u00e9t\u00e9 constat\u00e9s sur les lieux par l&rsquo;association.<\/p>\n<\/p>\n<p>Le nombre extraordinaire d&rsquo;oiseaux s&rsquo;explique aussi par la reproduction des sp\u00e9cimens, qui a continu\u00e9 malgr\u00e9 l&rsquo;insalubrit\u00e9 des lieux. \u00ab\u00a0\u00c0 mon avis, ce sont des gens en grande d\u00e9tresse psychologique, qui ne se rendent pas compte de l&rsquo;\u00e9tat de leurs animaux et qu&rsquo;il y en a beaucoup trop. Il y a une forme de d\u00e9ni\u00a0\u00bb, juge Marine Longeard, b\u00e9n\u00e9vole de l&rsquo;association.<\/p>\n<\/p>\n<p>Les cages ont \u00e9t\u00e9 d\u00e9plac\u00e9es une \u00e0 une dans un camion, afin d&rsquo;\u00eatre transf\u00e9r\u00e9e vers un refuge. Apr\u00e8s avoir \u00e9t\u00e9 saisis, les animaux vont \u00eatre pris en charge l&rsquo;association par \u00ab\u00a0La Voli\u00e8re\u00a0\u00bb, qui est sp\u00e9cialis\u00e9e sur les oiseaux.<\/p>\n<p>Muriel Caron, la fondatrice, pr\u00e9sente lors de la saisie, s&rsquo;inqui\u00e8te de la sant\u00e9 des animaux. \u00ab\u00a0Il y a des \u0153ufs \u00e9clat\u00e9s, des oiseaux avec des griffes retourn\u00e9es et certains sont tellement maigres\u00a0\u00bb, relate-t-elle. \u00ab\u00a0Je vais devoir les ramener, avec des tumeurs, des gnons, des doigts en moins\u00a0\u00bb, ajoute-t-elle.<\/p>\n<p>Dans son refuge, un v\u00e9t\u00e9rinaire viendra dresser un bilan de sant\u00e9 des animaux, qui seront ensuite plac\u00e9s en infirmerie pour les plus malades, en voli\u00e8re de quarantaine pour les autres. Ils pourront alors enfin apprendre \u00e0 d\u00e9ployer leurs ailes, chose jusqu&rsquo;alors impossible dans les cages exigu\u00ebs dans lesquelles ils \u00e9taient remis\u00e9s.<\/p>\n<p>Sur les r\u00e9seaux sociaux, Muriel documente r\u00e9guli\u00e8rement la fa\u00e7on dont elle prend soin des volatiles qu&rsquo;elle accueille.<\/p>\n<p>Les deux chiens et les deux chats, aussi pr\u00e9sents dans les appartements, seront quant \u00e0 eux pris en charge par d&rsquo;autres associations locales.<\/p>\n<p>Si le ph\u00e9nom\u00e8ne est d&rsquo;une ampleur in\u00e9dite, les cas d&rsquo;accumulation d&rsquo;animaux ne sont pas isol\u00e9s. Et cela porte un nom : le syndrome de No\u00e9. Sympt\u00f4me du trouble obsessionnel compulsif, <a href=\"https:\/\/france3-regions.franceinfo.fr\/provence-alpes-cote-d-azur\/alpes-maritimes\/nice\/qui-sont-ces-personnes-qui-accumulent-des-animaux-au-point-de-les-maltraiter-victimes-du-syndrome-de-noe-3087943.html\" target=\"_blank\" data-tooltip-url=\"https:\/\/france3-regions.franceinfo.fr\/provence-alpes-cote-d-azur\/alpes-maritimes\/nice\/qui-sont-ces-personnes-qui-accumulent-des-animaux-au-point-de-les-maltraiter-victimes-du-syndrome-de-noe-3087943.html\" rel=\"noopener nofollow\">il pousse certains individus \u00e0 accumuler des sp\u00e9cimens chez eux. <\/a><\/p>\n<p>En novembre 2024, <a href=\"https:\/\/france3-regions.franceinfo.fr\/provence-alpes-cote-d-azur\/alpes-maritimes\/antibes\/je-n-ai-pas-les-mots-je-ne-sais-pas-quoi-vous-dire-une-cinquantaine-d-oiseaux-sauves-de-la-maltraitance-a-antibes-3068659.html\" target=\"_blank\" data-tooltip-url=\"https:\/\/france3-regions.franceinfo.fr\/provence-alpes-cote-d-azur\/alpes-maritimes\/antibes\/je-n-ai-pas-les-mots-je-ne-sais-pas-quoi-vous-dire-une-cinquantaine-d-oiseaux-sauves-de-la-maltraitance-a-antibes-3068659.html\" rel=\"noopener nofollow\">une centaine de poules et de perruches avait \u00e9t\u00e9 d\u00e9couverte dans une maison \u00e0 Antibes<\/a> (Alpes-Maritimes).<\/p>\n<p>En juillet 2023, plus de <a href=\"https:\/\/france3-regions.franceinfo.fr\/provence-alpes-cote-d-azur\/alpes-maritimes\/nice\/maltraitance-a-nice-la-longue-convalescence-des-161-chats-et-chiens-recuperes-dans-un-appartement-de-70-m2-2813336.html\" target=\"_blank\" data-tooltip-url=\"https:\/\/france3-regions.franceinfo.fr\/provence-alpes-cote-d-azur\/alpes-maritimes\/nice\/maltraitance-a-nice-la-longue-convalescence-des-161-chats-et-chiens-recuperes-dans-un-appartement-de-70-m2-2813336.html\" rel=\"noopener nofollow\">150 chats avaient \u00e9t\u00e9 retrouv\u00e9s dans un appartement de Nice<\/a>, \u00e9galement situ\u00e9 rue Lamartine.<\/p>\n<p>\u00ab\u00a0On est d\u00e9sesp\u00e9r\u00e9s, car on n&rsquo;aura plus de places avec toutes ces saisies. Il y a eu une saisie d&rsquo;oiseaux il y a peu de temps et La Voli\u00e8re \u00e9tait la derni\u00e8re association sur laquelle on pouvait compter. On tombe de plus en plus sur ce genre de cas\u00a0\u00bb, d\u00e9plore Marine Longeard.<\/p>\n<p>Trois associations de protection animale ont d\u00e9pos\u00e9 plainte pour maltraitance. L&rsquo;affaire a \u00e9t\u00e9 confi\u00e9e au parquet de Nice, qui d\u00e9cidera prochaine s&rsquo;il poursuit le couple de propri\u00e9taire ou s&rsquo;il classe l&rsquo;affaire sans suite.<\/p>\n","protected":false},"excerpt":{"rendered":"Pr\u00e8s de 150 oiseaux ont \u00e9t\u00e9 retrouv\u00e9s \u00e0 Nice, dans deux appartements du centre-ville. Les volatiles, pour beaucoup&hellip;\n","protected":false},"author":2,"featured_media":349721,"comment_status":"","ping_status":"","sticky":false,"template":"","format":"standard","meta":{"footnotes":""},"categories":[2819],"tags":[1111,11,1777,674,1011,27,12,2401,882,25],"class_list":{"0":"post-349720","1":"post","2":"type-post","3":"status-publish","4":"format-standard","5":"has-post-thumbnail","7":"category-nice","8":"tag-actu","9":"tag-actualites","10":"tag-eu","11":"tag-europe","12":"tag-fr","13":"tag-france","14":"tag-news","15":"tag-nice","16":"tag-provence-alpes-cote-dazur","17":"tag-republique-francaise"},"share_on_mastodon":{"url":"https:\/\/pubeurope.com\/@fr\/115105746402981785","error":""},"_links":{"self":[{"href":"https:\/\/www.europesays.com\/fr\/wp-json\/wp\/v2\/posts\/349720","targetHints":{"allow":["GET"]}}],"collection":[{"href":"https:\/\/www.europesays.com\/fr\/wp-json\/wp\/v2\/posts"}],"about":[{"href":"https:\/\/www.europesays.com\/fr\/wp-json\/wp\/v2\/types\/post"}],"author":[{"embeddable":true,"href":"https:\/\/www.europesays.com\/fr\/wp-json\/wp\/v2\/users\/2"}],"replies":[{"embeddable":true,"href":"https:\/\/www.europesays.com\/fr\/wp-json\/wp\/v2\/comments?post=349720"}],"version-history":[{"count":0,"href":"https:\/\/www.europesays.com\/fr\/wp-json\/wp\/v2\/posts\/349720\/revisions"}],"wp:featuredmedia":[{"embeddable":true,"href":"https:\/\/www.europesays.com\/fr\/wp-json\/wp\/v2\/media\/349721"}],"wp:attachment":[{"href":"https:\/\/www.europesays.com\/fr\/wp-json\/wp\/v2\/media?parent=349720"}],"wp:term":[{"taxonomy":"category","embeddable":true,"href":"https:\/\/www.europesays.com\/fr\/wp-json\/wp\/v2\/categories?post=349720"},{"taxonomy":"post_tag","embeddable":true,"href":"https:\/\/www.europesays.com\/fr\/wp-json\/wp\/v2\/tags?post=349720"}],"curies":[{"name":"wp","href":"https:\/\/api.w.org\/{rel}","templated":true}]}}