{"id":349722,"date":"2025-08-28T09:44:10","date_gmt":"2025-08-28T09:44:10","guid":{"rendered":"https:\/\/www.europesays.com\/fr\/349722\/"},"modified":"2025-08-28T09:44:10","modified_gmt":"2025-08-28T09:44:10","slug":"6-suspects-arretes-apres-une-serie-de-55-cambriolages","status":"publish","type":"post","link":"https:\/\/www.europesays.com\/fr\/349722\/","title":{"rendered":"6 suspects arr\u00eat\u00e9s apr\u00e8s une s\u00e9rie de 55 cambriolages"},"content":{"rendered":"<p>Op\u00e9rant depuis deux bidonvilles de la p\u00e9riph\u00e9rie nantaise, une bande de voleur s\u2019en prenait depuis f\u00e9vrier au mat\u00e9riel informatique des entreprises de l\u2019agglom\u00e9ration. Trois mineurs \u00e2g\u00e9s de 14 \u00e0 17 ans faisaient partie du groupe de suspects.<\/p>\n<p class=\"fig-paragraph\">Coup de filet dans deux bidonvilles de la cit\u00e9 des ducs. Six personnes ont \u00e9t\u00e9 plac\u00e9es en garde \u00e0 vue au terme d\u2019une op\u00e9ration polici\u00e8re d\u2019envergure, organis\u00e9e le matin du lundi 25 ao\u00fbt dans deux camps sauvages\u00a0<a href=\"http:\/\/www.lefigaro.fr\/nantes\/a-saint-herblain-les-habitants-exasperes-apres-une-nouvelle-nuit-de-rodeos-sauvages-20240924\" target=\"_blank\" data-fig-type=\"NewsFlash\" rel=\"noopener nofollow\" data-gtm-custom-categorie=\"navigation\" data-gtm-custom-action=\"crossclick\" data-gtm-custom-label=\"Contextuel\" data-gtm-event=\"customEventSPE\" data-fig-domain=\"LEFIGARO\">de Saint-Herblain<\/a>, \u00e0 la p\u00e9riph\u00e9rie occidentale\u00a0<a href=\"https:\/\/www.lefigaro.fr\/nantes\" target=\"_blank\" data-fig-type=\"Section\" rel=\"noopener nofollow\" data-gtm-custom-categorie=\"navigation\" data-gtm-custom-action=\"crossclick\" data-gtm-custom-label=\"Contextuel\" data-gtm-event=\"customEventSPE\" data-fig-domain=\"LEFIGARO\">de Nantes<\/a>\u00a0(Loire-Atlantique). Deux logements nantais ont \u00e9galement \u00e9t\u00e9 perquisitionn\u00e9s. \u00c9paul\u00e9es par\u00a0<a href=\"http:\/\/www.lefigaro.fr\/nantes\/saint-nazaire-la-police-et-la-crs-82-ne-lachent-rien-contre-les-petites-mains-du-narcotrafic-20240201\" target=\"_blank\" data-fig-type=\"NewsFlash\" rel=\"noopener nofollow\" data-gtm-custom-categorie=\"navigation\" data-gtm-custom-action=\"crossclick\" data-gtm-custom-label=\"Contextuel\" data-gtm-event=\"customEventSPE\" data-fig-domain=\"LEFIGARO\">la CRS 82<\/a>, les forces de l\u2019ordre sont intervenues dans le cadre d\u2019une enqu\u00eate sur une s\u00e9rie de 55 cambriolages perp\u00e9tr\u00e9s depuis le d\u00e9but de l\u2019ann\u00e9e dans les locaux de nombreuses entreprises de l\u2019agglom\u00e9ration nantaise, confirme la police nationale au Figaro.<\/p>\n<p class=\"fig-paragraph\">D\u2019apr\u00e8s les enqu\u00eateurs de la brigade nantaise d\u2019atteinte aux biens, les premiers faits recens\u00e9s remontent au 19 f\u00e9vrier 2025. Les voleurs, qui proc\u00e9daient par effraction, visaient en particulier le mat\u00e9riel informatique de locaux professionnels, comme des commerces et magasins sp\u00e9cialis\u00e9s, des centres d\u2019apprentissage, des banques et autres boutiques des marges de Nantes, \u00e0 Saint-Herblain, Orvault, Rez\u00e9, Les Sorini\u00e8res, Bouguenais ou encore La Chapelle-sur-Erdre. Plus de 200 ordinateurs ont ainsi \u00e9t\u00e9 signal\u00e9s disparus, pour un pr\u00e9judice total s\u2019\u00e9levant \u00e0 plus de 400.000 euros, note le parquet de Nantes.<\/p>\n<p>                                    <a class=\"fig-a11y-skip a11y-hidden\" href=\"#fig-a11y-skip-main-inarticle\"><br \/>\n        Passer la publicit\u00e9<br \/>\n    <\/a><\/p>\n<p>Trois adultes et trois mineurs impliqu\u00e9s<\/p>\n<p class=\"fig-paragraph\">Les investigations ont connu un coup d\u2019acc\u00e9l\u00e9rateur au cours de l\u2019\u00e9t\u00e9, alors que l\u2019agglom\u00e9ration connaissait une recrudescence de cambriolages. Le dernier vol daterait du jour m\u00eame de l\u2019intervention des forces de l\u2019ordre. L\u2019op\u00e9ration polici\u00e8re a permis l\u2019interpellation de trois mineurs, \u00e2g\u00e9s de 14 \u00e0 17 ans, ainsi que de trois adultes, dont un receleur, \u00e2g\u00e9s de 18 \u00e0 27 ans. Une partie au moins des individus \u00e9tait d\u00e9j\u00e0 connue de la justice pour de pr\u00e9c\u00e9dentes affaires de cambriolages. Les forces de l\u2019ordre ont saisi 70 ordinateurs, des t\u00e9l\u00e9phones ainsi que diff\u00e9rents outils lors des perquisitions.<\/p>\n<p class=\"fig-paragraph\">Un juge d\u2019instruction a \u00e9t\u00e9 saisi mercredi 27 ao\u00fbt, \u00e0 l\u2019ouverture d\u2019une information judiciaire. Les six suspects devaient \u00eatre mis en examen \u00e0 l\u2019issue de leur garde \u00e0 vue. Le placement en d\u00e9tention provisoire des trois individus majeurs a \u00e9t\u00e9 requis par le parquet du tribunal judiciaire de Nantes. \u00abL\u2019identification des personnes mises en cause a pu \u00eatre faite dans des d\u00e9lais remarquables\u00bb a lou\u00e9 mercredi le procureur de la R\u00e9publique Antoine Leroy, en f\u00e9licitant le travail efficace des enqu\u00eateurs, rapportent nos confr\u00e8res de\u00a0<a href=\"https:\/\/www.ouest-france.fr\/faits-divers\/cambriolage\/une-serie-de-55-cambriolages-resolue-apres-une-operation-policiere-dans-des-bidonvilles-a-nantes-37905c70-8355-11f0-b7f6-35541b8d2287\" target=\"_blank\" rel=\"sponsored noopener nofollow\" data-gtm-custom-categorie=\"navigation\" data-gtm-custom-action=\"crossclick\" data-gtm-custom-label=\"Contextuel\" data-gtm-event=\"customEventSPE\">Ouest France<\/a> .<\/p>\n","protected":false},"excerpt":{"rendered":"Op\u00e9rant depuis deux bidonvilles de la p\u00e9riph\u00e9rie nantaise, une bande de voleur s\u2019en prenait depuis f\u00e9vrier au mat\u00e9riel&hellip;\n","protected":false},"author":2,"featured_media":349723,"comment_status":"","ping_status":"","sticky":false,"template":"","format":"standard","meta":{"footnotes":""},"categories":[2818],"tags":[1111,11,1174,1777,674,1011,27,766,12,2636,1072,25],"class_list":{"0":"post-349722","1":"post","2":"type-post","3":"status-publish","4":"format-standard","5":"has-post-thumbnail","7":"category-nantes","8":"tag-actu","9":"tag-actualites","10":"tag-cambriolage","11":"tag-eu","12":"tag-europe","13":"tag-fr","14":"tag-france","15":"tag-nantes","16":"tag-news","17":"tag-pays-de-la-loire","18":"tag-police","19":"tag-republique-francaise"},"share_on_mastodon":{"url":"https:\/\/pubeurope.com\/@fr\/115105750411480788","error":""},"_links":{"self":[{"href":"https:\/\/www.europesays.com\/fr\/wp-json\/wp\/v2\/posts\/349722","targetHints":{"allow":["GET"]}}],"collection":[{"href":"https:\/\/www.europesays.com\/fr\/wp-json\/wp\/v2\/posts"}],"about":[{"href":"https:\/\/www.europesays.com\/fr\/wp-json\/wp\/v2\/types\/post"}],"author":[{"embeddable":true,"href":"https:\/\/www.europesays.com\/fr\/wp-json\/wp\/v2\/users\/2"}],"replies":[{"embeddable":true,"href":"https:\/\/www.europesays.com\/fr\/wp-json\/wp\/v2\/comments?post=349722"}],"version-history":[{"count":0,"href":"https:\/\/www.europesays.com\/fr\/wp-json\/wp\/v2\/posts\/349722\/revisions"}],"wp:featuredmedia":[{"embeddable":true,"href":"https:\/\/www.europesays.com\/fr\/wp-json\/wp\/v2\/media\/349723"}],"wp:attachment":[{"href":"https:\/\/www.europesays.com\/fr\/wp-json\/wp\/v2\/media?parent=349722"}],"wp:term":[{"taxonomy":"category","embeddable":true,"href":"https:\/\/www.europesays.com\/fr\/wp-json\/wp\/v2\/categories?post=349722"},{"taxonomy":"post_tag","embeddable":true,"href":"https:\/\/www.europesays.com\/fr\/wp-json\/wp\/v2\/tags?post=349722"}],"curies":[{"name":"wp","href":"https:\/\/api.w.org\/{rel}","templated":true}]}}