{"id":34973,"date":"2025-04-18T21:50:14","date_gmt":"2025-04-18T21:50:14","guid":{"rendered":"https:\/\/www.europesays.com\/fr\/34973\/"},"modified":"2025-04-18T21:50:14","modified_gmt":"2025-04-18T21:50:14","slug":"anne-hidalgo-donne-son-feu-vert-pour-paris","status":"publish","type":"post","link":"https:\/\/www.europesays.com\/fr\/34973\/","title":{"rendered":"Anne Hidalgo donne son feu vert pour Paris !"},"content":{"rendered":"<p>\t\t\t<strong class=\"post-excerpt\"><\/p>\n<p itemprop=\"description\">Anne Hidalgo, la Maire de Paris, a officiellement donn\u00e9 son feu vert \u00e0 l&rsquo;organisation du Grand Prix de France de Formule 1 aux abords de la capitale fran\u00e7aise, selon certaines conditions accept\u00e9es par la FOM et la FIA.<\/p>\n<p><\/strong>\t\t<\/p>\n<p><a href=\"https:\/\/www.sportauto.fr\/actu\/insolites-actu\/bernie-ecclestone-immense-collection-f1-vente-429321.html\" target=\"_blank\" rel=\"noopener nofollow\"><strong>Bernie Ecclestone<\/strong><\/a> va-t-il voir l&rsquo;un de ses <strong>voeux pieux<\/strong> devenir r\u00e9alit\u00e9 de son vivant ? L&rsquo;ancien homme fort de la <strong>Formule 1<\/strong>, \u00e2g\u00e9 de <strong>94 ans,<\/strong> n&rsquo;avait jamais cach\u00e9 son envie d&rsquo;amener la discipline-reine du sport automobile \u00e0 Paris, du temps o\u00f9 il g\u00e9rait le business d&rsquo;une poigne de fer. On apprend qu&rsquo;un <strong>accord a finalement \u00e9t\u00e9 trouv\u00e9<\/strong> entre les t\u00eates pensantes du sport et les instances dirigeantes de la \u00ab\u00a0ville lumi\u00e8re\u00a0\u00bb.<\/p>\n<p>   \t\t\t GP de France F1 \u00e0 Paris : quand Briatore tire les ficelles <\/p>\n<p>La <strong>Formule 1 \u00e0 Paris<\/strong>, ce n&rsquo;est gu\u00e8re neuf. D\u00e9but 2025, <strong>Flavio Briator<\/strong>e, le nouvel homme fort d&rsquo;Alpine, <a href=\"https:\/\/www.sportauto.fr\/actu\/sport-actu\/formule-1\/grand-prix-france-f1-paris-briatore-mirage-ou-realite-428232.html#item=1\" target=\"_blank\" rel=\"noopener nofollow\">d\u00e9clarait haut et fort<\/a> que la capitale est, \u00e0 ses yeux, le <strong>seul endroit sens\u00e9 pour un retour de la France au calendrier de la discipline-reine du sport auto.<\/strong><br \/>A entendre de telles d\u00e9clarations, surtout \u00e9manant d&rsquo;un personnage <strong>coutumier de ce genre de sortie <\/strong>ou n&rsquo;h\u00e9sitant gu\u00e8re \u00e0 enfoncer quelques clous pour servir son int\u00e9r\u00eat ou celui d&rsquo;un partenaire, plus d&rsquo;un observateur s&rsquo;\u00e9tait montr\u00e9 <strong>perplexe<\/strong> quant \u00e0 la v\u00e9racit\u00e9 et, surtout, la <strong>faisabilit\u00e9 d&rsquo;un tel projet&#8230;<br \/><\/strong>Quelques semaines plus tard, il s&rsquo;av\u00e8re que les commentaires de l&rsquo;ancien patron de Renault F1 n&rsquo;\u00e9taient <strong>pas tout \u00e0 fait dus au hasard.<\/strong> On apprend en effet que l&rsquo;Italien travaille depuis des mois au <strong>retour du Grand Prix de France sur l&rsquo;\u00e9chiquier mondial de la F1 !<br \/><\/strong><a href=\"https:\/\/www.sportauto.fr\/actu\/sport-actu\/formule-1\/alpine-f1-2025-livree-nouvelle-monoplace-a525-leakee-instagram-story-briatore-video-425579.html#item=1\" target=\"_blank\" rel=\"noopener nofollow\">Briatore<\/a> avait \u00e9t\u00e9 dans un premier temps enr\u00f4l\u00e9 par <strong>Luca De Meo<\/strong> pour <strong>remettre de l&rsquo;ordre dans l&rsquo;\u00e9curie Alpine F1<\/strong>. Une mission qu&rsquo;il a pris d&#8217;embl\u00e9e \u00e0 coeur en mettant l&rsquo;historique d\u00e9partement moteur de Viry-Ch\u00e2tillon <a href=\"https:\/\/www.sportauto.fr\/actu\/sport-actu\/formule-1\/renault-fin-programme-f1-alpine-viry-chatillon-421065.html#item=1\" target=\"_blank\" rel=\"noopener nofollow\">sur la touche pour la poursuite du projet F1<\/a>.<br \/>En parall\u00e8le de son <strong><a href=\"https:\/\/www.sportauto.fr\/actu\/sport-actu\/formule-1\/f1-flavio-briatore-alpine-2024-416891.html#item=1\" target=\"_blank\" rel=\"noopener nofollow\">nouveau statut \u00e0 Enstone<\/a>, <\/strong>l&rsquo;ex-patron de Benetton a donc mis aussi ses<strong>\u00a0talents de n\u00e9gociateur<\/strong> au service des <strong>int\u00e9r\u00eats fran\u00e7ais,<\/strong> oeuvrant dans l&rsquo;ombre pour <strong>pousser le dossier du Grand Prix tricolore vers Paris<\/strong>, de la m\u00eame mani\u00e8re qu&rsquo;il avait n\u00e9goci\u00e9 le <strong>tr\u00e8s lucratif contrat entre la F1 et l&rsquo;Azerba\u00efdjan,<\/strong> collectant au passage un<strong> joli pourcentage sur le montant du deal.<\/strong><\/p>\n<p> La F1 \u00e0 Paris, Hidalgo dit \u00ab\u00a0oui\u00a0\u00bb ! <\/p>\n<p>Jusqu&rsquo;ici, vous vous demandez sans doute : un <strong>Grand Prix de France \u00e0 Paris<\/strong>, c&rsquo;est bien beau, mais qu&rsquo;en est-il de<strong> l&rsquo;avis de Paris ? <\/strong>Car si la Formule 1 a embrass\u00e9 depuis longtemps la mode des <strong>circuits en ville<\/strong>, aucun projet ne peut prendre vie dans ou \u00e0 proximit\u00e9 de centres urbains sans<strong> l&rsquo;approbation des autorit\u00e9s locales.<\/strong><br \/>Et bien, la <strong>Mairie de Paris<\/strong> et <strong>Anne Hidalgo<\/strong> ont dit<strong> \u00ab\u00a0oui\u00a0\u00bb \u00e0 la F1<\/strong>\u00a0! Mais sous <strong>certaines conditions.<\/strong> Et pour celles et ceux qui r\u00eavent de voir un jour d\u00e9filer des monoplaces \u00e0 <strong>300 \u00e0 l&rsquo;heure autour de l&rsquo;Arc de Triomphe,<\/strong> \u00e0 la mani\u00e8re d&rsquo;un <strong>Michel Vaillant<\/strong> dans l&rsquo;album \u00e9ponyme, ils devront rester sur leur faim&#8230;<br \/>En effet, l&rsquo;accord sign\u00e9 entre les parties fait \u00e9tat d&rsquo;un<strong> trac\u00e9 provisoire b\u00e2ti en-dehors du grand-centre<\/strong>, \u00e0 la mani\u00e8re de la <strong>Formula E<\/strong> dont l&rsquo;E-Prix se produisait autour des<strong> Invalides<\/strong>, mais dont une section emprunterait toutefois une <strong>partie du p\u00e9riph\u00e9rique<\/strong> !<br \/>S&rsquo;il est peu probable que toutes les voies rapides soient ferm\u00e9es le temps d&rsquo;un week-end, il n&rsquo;est pas impossible que<strong> le circuit emprunte une section sp\u00e9ciale<\/strong> comme celle mise en place lors des<strong> JO en 2024.<\/strong><br \/>Il se murmure d&rsquo;ailleurs que la r\u00e9ussite \u00e9clatante de l&rsquo;\u00e9v\u00e9nement, et les<strong> retomb\u00e9es \u00e9conomiques g\u00e9n\u00e9r\u00e9es pour la ville,<\/strong> aurait convaincu la Mairie de donner son <strong>\u00ab\u00a0feu vert\u00a0\u00bb au projet d&rsquo;un Grand Prix de F1.<\/strong><br \/>Il va sans dire que, depuis l&rsquo;av\u00e8nement de la s\u00e9rie<strong> Drive to Survive<\/strong>\u00a0sur <strong>Netflix,<\/strong> la comp\u00e9tition jouit d&rsquo;un <strong>boom en popularit\u00e9<\/strong> sans pr\u00e9c\u00e9dent \u00e0 l&rsquo;\u00e9chelle mondiale, les<strong> pays et villes candidats \u00e0 l&rsquo;organisation d&rsquo;une course se bousculant au portillon.<br \/><\/strong>Selon nos informations, Anne <strong>Hidalgo<\/strong> a \u00e9galement obtenu de <strong>Liberty Media <\/strong>et de la <strong>FOM<\/strong> les garanties d&rsquo;un <strong>\u00e9v\u00e9nement exemplaire sur le plan durable. <\/strong>A l&rsquo;image des<strong> Jeux Olympiques<\/strong> plac\u00e9s sous le signe du<strong> respect de l&rsquo;environnement<\/strong>, le futur Grand Prix de France \u00e0 Paris devra bel et bien s&rsquo;inscrire dans la<strong> politique toujours plus verte voulue par la maire pour la capitale.<\/strong><\/p>\n<p>Avouez que, sur papier, un tel projet aurait <strong>de quoi faire saliver<\/strong> ? Dommage qu&rsquo;il ne s&rsquo;agisse que d&rsquo;un<strong> exercice de style aux relents de poisson en cette journ\u00e9e du 1er avril !<\/strong><\/p>\n","protected":false},"excerpt":{"rendered":"Anne Hidalgo, la Maire de Paris, a officiellement donn\u00e9 son feu vert \u00e0 l&rsquo;organisation du Grand Prix de&hellip;\n","protected":false},"author":2,"featured_media":34974,"comment_status":"","ping_status":"","sticky":false,"template":"","format":"standard","meta":{"footnotes":""},"categories":[1412],"tags":[1451,1452,1453,1454,1455,1011,27,1638,60],"class_list":{"0":"post-34973","1":"post","2":"type-post","3":"status-publish","4":"format-standard","5":"has-post-thumbnail","7":"category-f1","8":"tag-f1","9":"tag-formula-1","10":"tag-formula1","11":"tag-formule-1","12":"tag-formule1","13":"tag-fr","14":"tag-france","15":"tag-has_diapo","16":"tag-sports"},"share_on_mastodon":{"url":"https:\/\/pubeurope.com\/@fr\/114361180155853826","error":""},"_links":{"self":[{"href":"https:\/\/www.europesays.com\/fr\/wp-json\/wp\/v2\/posts\/34973","targetHints":{"allow":["GET"]}}],"collection":[{"href":"https:\/\/www.europesays.com\/fr\/wp-json\/wp\/v2\/posts"}],"about":[{"href":"https:\/\/www.europesays.com\/fr\/wp-json\/wp\/v2\/types\/post"}],"author":[{"embeddable":true,"href":"https:\/\/www.europesays.com\/fr\/wp-json\/wp\/v2\/users\/2"}],"replies":[{"embeddable":true,"href":"https:\/\/www.europesays.com\/fr\/wp-json\/wp\/v2\/comments?post=34973"}],"version-history":[{"count":0,"href":"https:\/\/www.europesays.com\/fr\/wp-json\/wp\/v2\/posts\/34973\/revisions"}],"wp:featuredmedia":[{"embeddable":true,"href":"https:\/\/www.europesays.com\/fr\/wp-json\/wp\/v2\/media\/34974"}],"wp:attachment":[{"href":"https:\/\/www.europesays.com\/fr\/wp-json\/wp\/v2\/media?parent=34973"}],"wp:term":[{"taxonomy":"category","embeddable":true,"href":"https:\/\/www.europesays.com\/fr\/wp-json\/wp\/v2\/categories?post=34973"},{"taxonomy":"post_tag","embeddable":true,"href":"https:\/\/www.europesays.com\/fr\/wp-json\/wp\/v2\/tags?post=34973"}],"curies":[{"name":"wp","href":"https:\/\/api.w.org\/{rel}","templated":true}]}}