{"id":349734,"date":"2025-08-28T09:50:10","date_gmt":"2025-08-28T09:50:10","guid":{"rendered":"https:\/\/www.europesays.com\/fr\/349734\/"},"modified":"2025-08-28T09:50:10","modified_gmt":"2025-08-28T09:50:10","slug":"que-faire-a-lille-ce-weekend-28-31-aout","status":"publish","type":"post","link":"https:\/\/www.europesays.com\/fr\/349734\/","title":{"rendered":"Que faire \u00e0 lille ce weekend\u00a0? (28-31 aout)"},"content":{"rendered":"<p><b>Jeudi 28 ao\u00fbt\u00a0<\/b>&#13;<br \/>\n<b>Cin\u00e9 en plein air\u00a0: La Cit\u00e9 de la peur<\/b>&#13;<\/p>\n<p>Le film culte des Nuls projet\u00e9 gratos sous les \u00e9toiles, \u00e7a se passe au Bazaar Saint-So. Viens d\u00e8s 19h30 grignoter et boire un verre, projection \u00e0 21h30. Pr\u00e9pare tes abdos\u00a0: fous rires assur\u00e9s.<br \/><b>Bazaar St-So, Lille, Gratuit<\/b><b\/><\/p>\n<p>&#13;<\/p>\n<blockquote class=\"instagram-media\" data-instgrm-permalink=\"https:\/\/www.instagram.com\/p\/DNpuP-Co6mO\/?utm_source=ig_embed&amp;utm_campaign=loading\" data-instgrm-version=\"14\" style=\"background: #FFF; border: 0; border-radius: 3px; box-shadow: 0 0 1px 0 rgba(0,0,0,0.5),0 1px 10px 0 rgba(0,0,0,0.15); margin: 1px; max-width: 540px; min-width: 326px; padding: 0; width: calc(100% - 2px);\"><p>&#13;<br \/>\n&#13;\n<\/p><\/blockquote>\n<p>&#13;<br \/>\n&#13;<br \/>\n<b>Braderies d\u2019\u00e9t\u00e9<\/b>&#13;<\/p>\n<p>C\u2019est le retour des bonnes affaires \u00e0 Roubaix\u00a0:<br \/>\u00c0 <b>l\u2019Usine<\/b>, jusqu\u2019\u00e0 -50% sur des tonnes de marques, et m\u00eame ouverture dimanche.<br \/>\u00c0 <b>McArthur Glen<\/b>, on pousse jusqu\u2019\u00e0 -70% sur Zadig, Maje, The Kooples, Calvin Klein\u2026 Oui, on valide.<br \/><b>Roubaix, Jusqu\u2019au 31 ao\u00fbt<\/b><b\/><\/p>\n<p>&#13;<\/p>\n<blockquote class=\"instagram-media\" data-instgrm-permalink=\"https:\/\/www.instagram.com\/p\/DN2W0EkUgYK\/?utm_source=ig_embed&amp;utm_campaign=loading\" data-instgrm-version=\"14\" style=\"background: #FFF; border: 0; border-radius: 3px; box-shadow: 0 0 1px 0 rgba(0,0,0,0.5),0 1px 10px 0 rgba(0,0,0,0.15); margin: 1px; max-width: 540px; min-width: 326px; padding: 0; width: calc(100% - 2px);\"><p>&#13;<br \/>\n&#13;\n<\/p><\/blockquote>\n<p>&#13;<br \/>\n&#13;<br \/>\n<b>Finale Drag Race Belgique<\/b>&#13;<\/p>\n<p>Deux ambiances, deux spots pour vivre la finale comme il se doit\u00a0:<br \/>Grand Sc\u00e8ne (18h) avec Crystal Chardonnay + Alvalda (gagnante de la saison 2).<br \/>Chaud Bouillon (19h) avec La Gorgone, Zara &amp; Angel pour prolonger la soir\u00e9e.<\/p>\n<p>&#13;<\/p>\n<blockquote class=\"instagram-media\" data-instgrm-permalink=\"https:\/\/www.instagram.com\/p\/DLh_P7kMvl_\/?utm_source=ig_embed&amp;utm_campaign=loading\" data-instgrm-version=\"14\" style=\"background: #FFF; border: 0; border-radius: 3px; box-shadow: 0 0 1px 0 rgba(0,0,0,0.5),0 1px 10px 0 rgba(0,0,0,0.15); margin: 1px; max-width: 540px; min-width: 326px; padding: 0; width: calc(100% - 2px);\"><p>&#13;<br \/>\n&#13;\n<\/p><\/blockquote>\n<p>&#13;<br \/>\n&#13;<br \/>\n<b>Vendredi 29 ao\u00fbt<\/b>&#13;<br \/>\n<b>Festival de food trucks \u00e0 Saint-Andr\u00e9<\/b>&#13;<\/p>\n<p>Vingt food trucks, cuisines du monde, desserts \u00e0 gogo, bi\u00e8res locales et un march\u00e9 nocturne de cr\u00e9ateurs pour dig\u00e9rer tout \u00e7a. Ambiance musicale en prime.<br \/><b>Place des Bateliers, Saint-Andr\u00e9, 18h30 \u00e0 22h, Gratuit<\/b><b\/><b\/><\/p>\n<p>&#13;<br \/>\n<b>Mapping \u00e0 Lomme<\/b>&#13;<\/p>\n<p>Trois mappings illumineront la fa\u00e7ade de l\u2019h\u00f4tel de ville, dont un sign\u00e9 par\u2026 des enfants lommois (on adore). Danse et musique avant le show.<br \/><b>H\u00f4tel de ville de Lomme, D\u00e8s 21h, Gratuit<\/b><b\/><\/p>\n<p>&#13;<\/p>\n<blockquote class=\"instagram-media\" data-instgrm-permalink=\"https:\/\/www.instagram.com\/reel\/DMsVMB4i-pp\/?utm_source=ig_embed&amp;utm_campaign=loading\" data-instgrm-version=\"14\" style=\"background: #FFF; border: 0; border-radius: 3px; box-shadow: 0 0 1px 0 rgba(0,0,0,0.5),0 1px 10px 0 rgba(0,0,0,0.15); margin: 1px; max-width: 540px; min-width: 326px; padding: 0; width: calc(100% - 2px);\"><p>&#13;<br \/>\n&#13;\n<\/p><\/blockquote>\n<p>&#13;<br \/>\n&#13;<br \/>\n<b>Concert estival XXL<\/b>&#13;<\/p>\n<p>The Avener, Kadebostany et Gringe en live gratuit au site minier d\u2019Arenberg. \u00c7a va groover fort.<br \/><b>Arenberg, D\u00e8s 15h, Gratuit, sans inscription<\/b><b\/><\/p>\n<p>&#13;<\/p>\n<blockquote class=\"instagram-media\" data-instgrm-permalink=\"https:\/\/www.instagram.com\/p\/DND7l3iIbdd\/?utm_source=ig_embed&amp;utm_campaign=loading\" data-instgrm-version=\"14\" style=\"background: #FFF; border: 0; border-radius: 3px; box-shadow: 0 0 1px 0 rgba(0,0,0,0.5),0 1px 10px 0 rgba(0,0,0,0.15); margin: 1px; max-width: 540px; min-width: 326px; padding: 0; width: calc(100% - 2px);\"><p>&#13;<br \/>\n&#13;\n<\/p><\/blockquote>\n<p>&#13;<br \/>\n&#13;<br \/>\n<b>Samedi 30 ao\u00fbt\u00a0<\/b>&#13;<br \/>\n<b>Color Night Run<\/b>&#13;<\/p>\n<p><a href=\"https:\/\/www.lebonbon.fr\/lille\/loisirs\/color-night-run-evenement-fun-fin-ete-lille\/\" rel=\"nofollow noopener\" target=\"_blank\">La course la plus flashy de la m\u00e9tropole\u00a0<\/a>: 2, 4 ou 6 km au bord de la De\u00fble, jets de poudre fluo et DJ sets. Pas de chrono, juste du fun.<br \/><b>Stade de De\u00fbl\u00e9mont, D\u00e8s 20h, 15\u20ac (gratuit -7 ans)<\/b><\/p>\n<p>&#13;<\/p>\n<blockquote class=\"instagram-media\" data-instgrm-permalink=\"https:\/\/www.instagram.com\/p\/DM7lJElIJtC\/?utm_source=ig_embed&amp;utm_campaign=loading\" data-instgrm-version=\"14\" style=\"background: #FFF; border: 0; border-radius: 3px; box-shadow: 0 0 1px 0 rgba(0,0,0,0.5),0 1px 10px 0 rgba(0,0,0,0.15); margin: 1px; max-width: 540px; min-width: 326px; padding: 0; width: calc(100% - 2px);\"><p>&#13;<br \/>\n&#13;\n<\/p><\/blockquote>\n<p>&#13;<br \/>\n&#13;<br \/>\n<b>Foire aux man\u00e8ges<\/b>&#13;<\/p>\n<p><a href=\"https:\/\/www.lebonbon.fr\/lille\/loisirs\/foire-aux-maneges-lille-dates\/\" rel=\"nofollow noopener\" target=\"_blank\">Le grand retour <\/a>sur l\u2019esplanade du Champ de Mars\u00a0: 180 attractions, churros, grande roue, auto-tamponneuses et nouveaut\u00e9s bien perch\u00e9es (horror show, palais du rire XXL\u2026). Samedi, parade g\u00e9ante \u00e0 15h et show Los Colores \u00e0 21h.<br \/><b>Champ de Mars, Lille, Du 30 ao\u00fbt au 28 sept, Acc\u00e8s libre<\/b><b\/><\/p>\n<p>&#13;<br \/>\n<b>March\u00e9 nocturne de Lambersart<\/b>&#13;<\/p>\n<p>Stands artisanaux et gourmands au bord de la De\u00fble, le spot parfait pour un samedi soir doux.<br \/><b>Plaine du Colys\u00e9e, Lambersart, 16h \u00e0 22h, Gratuit<\/b><b\/><\/p>\n<p>&#13;<br \/>\n<b>Rallye v\u00e9lo Wazemmes<\/b>&#13;<\/p>\n<p>Concours de v\u00e9los fleuris, pique-nique collectif, \u00e9nigmes \u00e0 r\u00e9soudre en \u00e9quipe et go\u00fbter musical pour finir.<br \/><b>Wazemmes, 12h \u00e0 18h, Gratuit<\/b><\/p>\n<p>&#13;<br \/>\n<b>Dimanche 31 ao\u00fbt\u00a0<\/b>&#13;<br \/>\n<b>March\u00e9 de cr\u00e9ateurs by <a href=\"https:\/\/www.lebonbon.fr\/lille\/loisirs\/foire-aux-maneges-lille-dates\/\" rel=\"nofollow noopener\" target=\"_blank\">Cageot<\/a><\/b>&#13;<\/p>\n<p>15 exposants, food, art, d\u00e9co, mode et un concert \u00e0 19h30 pour finir en beaut\u00e9.<br \/><b>Lille, 13h \u00e0 21h, Gratuit<\/b><b\/><\/p>\n<p>&#13;<\/p>\n<blockquote class=\"instagram-media\" data-instgrm-permalink=\"https:\/\/www.instagram.com\/p\/DNyHibvUD-A\/?utm_source=ig_embed&amp;utm_campaign=loading\" data-instgrm-version=\"14\" style=\"background: #FFF; border: 0; border-radius: 3px; box-shadow: 0 0 1px 0 rgba(0,0,0,0.5),0 1px 10px 0 rgba(0,0,0,0.15); margin: 1px; max-width: 540px; min-width: 326px; padding: 0; width: calc(100% - 2px);\"><p>&#13;<br \/>\n&#13;\n<\/p><\/blockquote>\n<p>&#13;<br \/>\n&#13;<br \/>\n<b>Open air Jumping Playground<\/b>&#13;<\/p>\n<p>Un club hippique transform\u00e9 en dancefloor g\u00e9ant avec DJs sets, sc\u00e9nographie solaire et happenings surprises. Line-up\u00a0: Kashovski, Bredaamusic, Adrienvnht, Pim Fumery, Franck Leroy, Slydee et Frank Cambreas.<br \/><b>Club hippique, Lille, Dimanche 31 ao\u00fbt apr\u00e8s-midi<\/b><b\/><\/p>\n<p>&#13;<\/p>\n<blockquote class=\"instagram-media\" data-instgrm-permalink=\"https:\/\/www.instagram.com\/reel\/DLnGjIOthe-\/?utm_source=ig_embed&amp;utm_campaign=loading\" data-instgrm-version=\"14\" style=\"background: #FFF; border: 0; border-radius: 3px; box-shadow: 0 0 1px 0 rgba(0,0,0,0.5),0 1px 10px 0 rgba(0,0,0,0.15); margin: 1px; max-width: 540px; min-width: 326px; padding: 0; width: calc(100% - 2px);\"><p>&#13;<br \/>\n&#13;\n<\/p><\/blockquote>\n<p>&#13;<br \/>\n<script async src=\"\/\/www.instagram.com\/embed.js\"><\/script><\/p>\n","protected":false},"excerpt":{"rendered":"Jeudi 28 ao\u00fbt\u00a0&#13; Cin\u00e9 en plein air\u00a0: La Cit\u00e9 de la peur&#13; Le film culte des Nuls projet\u00e9&hellip;\n","protected":false},"author":2,"featured_media":349735,"comment_status":"","ping_status":"","sticky":false,"template":"","format":"standard","meta":{"footnotes":""},"categories":[2815],"tags":[1111,11,1777,674,1011,27,811,1307,12,25],"class_list":{"0":"post-349734","1":"post","2":"type-post","3":"status-publish","4":"format-standard","5":"has-post-thumbnail","7":"category-lille","8":"tag-actu","9":"tag-actualites","10":"tag-eu","11":"tag-europe","12":"tag-fr","13":"tag-france","14":"tag-hauts-de-france","15":"tag-lille","16":"tag-news","17":"tag-republique-francaise"},"share_on_mastodon":{"url":"https:\/\/pubeurope.com\/@fr\/115105773937379294","error":""},"_links":{"self":[{"href":"https:\/\/www.europesays.com\/fr\/wp-json\/wp\/v2\/posts\/349734","targetHints":{"allow":["GET"]}}],"collection":[{"href":"https:\/\/www.europesays.com\/fr\/wp-json\/wp\/v2\/posts"}],"about":[{"href":"https:\/\/www.europesays.com\/fr\/wp-json\/wp\/v2\/types\/post"}],"author":[{"embeddable":true,"href":"https:\/\/www.europesays.com\/fr\/wp-json\/wp\/v2\/users\/2"}],"replies":[{"embeddable":true,"href":"https:\/\/www.europesays.com\/fr\/wp-json\/wp\/v2\/comments?post=349734"}],"version-history":[{"count":0,"href":"https:\/\/www.europesays.com\/fr\/wp-json\/wp\/v2\/posts\/349734\/revisions"}],"wp:featuredmedia":[{"embeddable":true,"href":"https:\/\/www.europesays.com\/fr\/wp-json\/wp\/v2\/media\/349735"}],"wp:attachment":[{"href":"https:\/\/www.europesays.com\/fr\/wp-json\/wp\/v2\/media?parent=349734"}],"wp:term":[{"taxonomy":"category","embeddable":true,"href":"https:\/\/www.europesays.com\/fr\/wp-json\/wp\/v2\/categories?post=349734"},{"taxonomy":"post_tag","embeddable":true,"href":"https:\/\/www.europesays.com\/fr\/wp-json\/wp\/v2\/tags?post=349734"}],"curies":[{"name":"wp","href":"https:\/\/api.w.org\/{rel}","templated":true}]}}