{"id":349742,"date":"2025-08-28T09:54:32","date_gmt":"2025-08-28T09:54:32","guid":{"rendered":"https:\/\/www.europesays.com\/fr\/349742\/"},"modified":"2025-08-28T09:54:32","modified_gmt":"2025-08-28T09:54:32","slug":"un-jeune-conducteur-interpelle-apres-lappel-dun-temoin","status":"publish","type":"post","link":"https:\/\/www.europesays.com\/fr\/349742\/","title":{"rendered":"un jeune conducteur interpell\u00e9 apr\u00e8s l&rsquo;appel d&rsquo;un t\u00e9moin"},"content":{"rendered":"<p>Un rod\u00e9o urbain a troubl\u00e9 la qui\u00e9tude de Saint-Didier-au-Mont-d\u2019Or dans la nuit du 16\u00a0ao\u00fbt 2025. Alert\u00e9e par un t\u00e9moin, la gendarmerie de Limonest est intervenue alors qu\u2019un v\u00e9hicule effectuait des embard\u00e9es sur le rond-point de la commune, en pleine circulation.<\/p>\n<p>Le bruit des pneus et du moteur avait suscit\u00e9 la col\u00e8re des riverains. Les nuisances, r\u00e9currentes, ont rapidement \u00e9t\u00e9 prises en charge par les autorit\u00e9s. \u00ab\u00a0Ce sont des jeunes du centre de la commune, connus pour des d\u00e9gradations, donc nous avons mis en place une op\u00e9ration pour endiguer ce ph\u00e9nom\u00e8ne\u00a0\u00bb, explique la gendarmerie.<\/p>\n<p>  Un jeune homme convoqu\u00e9 devant la justice<\/p>\n<p>\u00c0 l\u2019arriv\u00e9e des militaires, les fauteurs de troubles avaient d\u00e9j\u00e0 quitt\u00e9 les lieux. L\u2019exploitation des images de vid\u00e9osurveillance a rapidement permis d\u2019identifier le v\u00e9hicule de type Opel rouge et son conducteur. Plac\u00e9 en garde \u00e0 vue le jour m\u00eame, le jeune homme a reconnu les faits. Sa voiture a \u00e9t\u00e9 plac\u00e9e en fourri\u00e8re et il sera prochainement convoqu\u00e9 devant la justice.<\/p>\n<p>La gendarmerie rappelle que \u00ab\u00a0la route n\u2019est pas une piste destin\u00e9e \u00e0 tester ses capacit\u00e9s de pilote au d\u00e9triment des autres usagers et des riverains\u00a0\u00bb.<\/p>\n","protected":false},"excerpt":{"rendered":"Un rod\u00e9o urbain a troubl\u00e9 la qui\u00e9tude de Saint-Didier-au-Mont-d\u2019Or dans la nuit du 16\u00a0ao\u00fbt 2025. Alert\u00e9e par un&hellip;\n","protected":false},"author":2,"featured_media":349743,"comment_status":"","ping_status":"","sticky":false,"template":"","format":"standard","meta":{"footnotes":""},"categories":[1889],"tags":[1111,11,2430,271,272,3153,1777,674,274,1011,27,2428,7218,12,25,2429,48617],"class_list":{"0":"post-349742","1":"post","2":"type-post","3":"status-publish","4":"format-standard","5":"has-post-thumbnail","7":"category-lyon","8":"tag-actu","9":"tag-actualites","10":"tag-auvergne-rhone-alpes","11":"tag-crime","12":"tag-delit-et-contravention","13":"tag-edition-ouest-lyonnais","14":"tag-eu","15":"tag-europe","16":"tag-faits-divers-justice","17":"tag-fr","18":"tag-france","19":"tag-lyon","20":"tag-neuville-sur-saone-bassin","21":"tag-news","22":"tag-republique-francaise","23":"tag-rhone","24":"tag-saint-didier-au-mont-dor"},"share_on_mastodon":{"url":"https:\/\/pubeurope.com\/@fr\/115105789698339784","error":""},"_links":{"self":[{"href":"https:\/\/www.europesays.com\/fr\/wp-json\/wp\/v2\/posts\/349742","targetHints":{"allow":["GET"]}}],"collection":[{"href":"https:\/\/www.europesays.com\/fr\/wp-json\/wp\/v2\/posts"}],"about":[{"href":"https:\/\/www.europesays.com\/fr\/wp-json\/wp\/v2\/types\/post"}],"author":[{"embeddable":true,"href":"https:\/\/www.europesays.com\/fr\/wp-json\/wp\/v2\/users\/2"}],"replies":[{"embeddable":true,"href":"https:\/\/www.europesays.com\/fr\/wp-json\/wp\/v2\/comments?post=349742"}],"version-history":[{"count":0,"href":"https:\/\/www.europesays.com\/fr\/wp-json\/wp\/v2\/posts\/349742\/revisions"}],"wp:featuredmedia":[{"embeddable":true,"href":"https:\/\/www.europesays.com\/fr\/wp-json\/wp\/v2\/media\/349743"}],"wp:attachment":[{"href":"https:\/\/www.europesays.com\/fr\/wp-json\/wp\/v2\/media?parent=349742"}],"wp:term":[{"taxonomy":"category","embeddable":true,"href":"https:\/\/www.europesays.com\/fr\/wp-json\/wp\/v2\/categories?post=349742"},{"taxonomy":"post_tag","embeddable":true,"href":"https:\/\/www.europesays.com\/fr\/wp-json\/wp\/v2\/tags?post=349742"}],"curies":[{"name":"wp","href":"https:\/\/api.w.org\/{rel}","templated":true}]}}