{"id":349748,"date":"2025-08-28T09:58:17","date_gmt":"2025-08-28T09:58:17","guid":{"rendered":"https:\/\/www.europesays.com\/fr\/349748\/"},"modified":"2025-08-28T09:58:17","modified_gmt":"2025-08-28T09:58:17","slug":"on-va-detruire-un-jardin-avec-des-arbres-centenaires-un-proprietaire-dorsay-expulse-pour-construire-des-logements","status":"publish","type":"post","link":"https:\/\/www.europesays.com\/fr\/349748\/","title":{"rendered":"\u00ab\u00a0On va d\u00e9truire un jardin avec des arbres centenaires\u00a0\u00bb\u00a0: un propri\u00e9taire d\u2019Orsay expuls\u00e9 pour construire des logements"},"content":{"rendered":"<p class=\"paragraph text_align_left lp-f-body-02\">\u00ab Vivez en plein centre-ville autrement avec la nouvelle r\u00e9sidence C\u0153ur Orsay. \u00bb L\u2019annonce est all\u00e9chante : une nouvelle r\u00e9sidence rue de Paris, compos\u00e9e de cinq petits b\u00e2timents, de 12 \u00e0 18 logements avec ascenseur et parking privatif souterrain, en plein centre du village historique d\u2019<a href=\"https:\/\/www.leparisien.fr\/essonne-91\/en-essonne-la-n-118-fermee-pendant-5-jours-autour-dorsay-pour-des-travaux-durgence-25-08-2025-XPDU7HGSHFA4ZEFB277U564IGM.php\" target=\"_self\" rel=\"noopener\">Orsay<\/a> (Essonne). Ces appartements allant du studio au cinq-pi\u00e8ces, avec balcons et terrasses, seront construits \u00e0 proximit\u00e9 de services, commerces et transports, accessibles \u00e0 pied, \u00ab autour d\u2019un \u00eelot verdoyant \u00bb, et d\u2019une sente pi\u00e9tonne reliant une place publique avec commerces au parc de la Grande-Bouv\u00eache.<\/p>\n<p class=\"paragraph text_align_left lp-f-body-02\">Ce projet immobilier, r\u00e9alis\u00e9 par le promoteur Dream et commercialis\u00e9 par Fair\u2019Promotion, n\u2019est pas nouveau. En 2019, <a href=\"https:\/\/www.leparisien.fr\/essonne-91\/orsay-le-projet-pour-le-nouveau-coeur-de-ville-est-choisi-06-03-2019-8025897.php\" target=\"_blank\" rel=\"noreferrer noopener\">lors d\u2019une consultation publique,<\/a> 48 % des 1 000 participants avaient opt\u00e9 pour ce projet, celui proposant le moins de logements.<\/p>\n","protected":false},"excerpt":{"rendered":"\u00ab Vivez en plein centre-ville autrement avec la nouvelle r\u00e9sidence C\u0153ur Orsay. \u00bb L\u2019annonce est all\u00e9chante : une&hellip;\n","protected":false},"author":2,"featured_media":349749,"comment_status":"","ping_status":"","sticky":false,"template":"","format":"standard","meta":{"footnotes":""},"categories":[1888],"tags":[1111,1928,11,1927,1936,1777,674,1011,27,1944,12,1926,626,1925,25],"class_list":{"0":"post-349748","1":"post","2":"type-post","3":"status-publish","4":"format-standard","5":"has-post-thumbnail","7":"category-paris","8":"tag-actu","9":"tag-actu-paris","10":"tag-actualites","11":"tag-actualites-paris","12":"tag-essonne","13":"tag-eu","14":"tag-europe","15":"tag-fr","16":"tag-france","17":"tag-ma-ville","18":"tag-news","19":"tag-news-paris","20":"tag-paris","21":"tag-paris-news","22":"tag-republique-francaise"},"share_on_mastodon":{"url":"https:\/\/pubeurope.com\/@fr\/115105805443009012","error":""},"_links":{"self":[{"href":"https:\/\/www.europesays.com\/fr\/wp-json\/wp\/v2\/posts\/349748","targetHints":{"allow":["GET"]}}],"collection":[{"href":"https:\/\/www.europesays.com\/fr\/wp-json\/wp\/v2\/posts"}],"about":[{"href":"https:\/\/www.europesays.com\/fr\/wp-json\/wp\/v2\/types\/post"}],"author":[{"embeddable":true,"href":"https:\/\/www.europesays.com\/fr\/wp-json\/wp\/v2\/users\/2"}],"replies":[{"embeddable":true,"href":"https:\/\/www.europesays.com\/fr\/wp-json\/wp\/v2\/comments?post=349748"}],"version-history":[{"count":0,"href":"https:\/\/www.europesays.com\/fr\/wp-json\/wp\/v2\/posts\/349748\/revisions"}],"wp:featuredmedia":[{"embeddable":true,"href":"https:\/\/www.europesays.com\/fr\/wp-json\/wp\/v2\/media\/349749"}],"wp:attachment":[{"href":"https:\/\/www.europesays.com\/fr\/wp-json\/wp\/v2\/media?parent=349748"}],"wp:term":[{"taxonomy":"category","embeddable":true,"href":"https:\/\/www.europesays.com\/fr\/wp-json\/wp\/v2\/categories?post=349748"},{"taxonomy":"post_tag","embeddable":true,"href":"https:\/\/www.europesays.com\/fr\/wp-json\/wp\/v2\/tags?post=349748"}],"curies":[{"name":"wp","href":"https:\/\/api.w.org\/{rel}","templated":true}]}}