{"id":349750,"date":"2025-08-28T09:59:16","date_gmt":"2025-08-28T09:59:16","guid":{"rendered":"https:\/\/www.europesays.com\/fr\/349750\/"},"modified":"2025-08-28T09:59:16","modified_gmt":"2025-08-28T09:59:16","slug":"une-amelioration-sans-precedent-de-la-qualite-de-lair-sur-la-derniere-decennie","status":"publish","type":"post","link":"https:\/\/www.europesays.com\/fr\/349750\/","title":{"rendered":"Une am\u00e9lioration \u00ab sans pr\u00e9c\u00e9dent \u00bb de la qualit\u00e9 de l\u2019air sur la derni\u00e8re d\u00e9cennie"},"content":{"rendered":"<p class=\"mb-4 text-lg md:leading-8 break-words\"><strong>pollution de l\u2019air &#8211; La \u00ab pollution de l\u2019air [\u2026] a baiss\u00e9 de 40 % \u00bb, s\u2019est f\u00e9licit\u00e9 mercredi Dan Lert, adjoint \u00e0 la maire de Paris en charge du plan climat, de l\u2019eau et de l\u2019\u00e9nergie, citant une \u00e9tude d\u2019AirParif. Les ambitions franciliennes sont, elles, contest\u00e9es<\/strong><\/p>\n<p class=\"mb-4 text-lg md:leading-8 break-words\">En dix ans, la qualit\u00e9 de l\u2019air \u00e0 <a href=\"https:\/\/www.20minutes.fr\/paris\/?at_medium=RSS%20feed&amp;at_campaign=ynews&amp;utm_source=yahoo&amp;utm_medium=rss&amp;utm_campaign=news_feed&amp;utm_content=in_article_link\" rel=\"nofollow noopener\" target=\"_blank\" data-ylk=\"slk:Paris;elm:context_link;itc:0;sec:content-canvas\" class=\"link \">Paris<\/a> a connu une am\u00e9lioration \u00ab sans pr\u00e9c\u00e9dent \u00bb selon la mairie de la ville, qui a saisi la justice contre le dernier plan de protection de l\u2019atmosph\u00e8re francilien qu\u2019elle juge \u00ab pas du tout \u00e0 la hauteur \u00bb.<\/p>\n<p class=\"mb-4 text-lg md:leading-8 break-words\">La \u00ab <a href=\"https:\/\/www.20minutes.fr\/dossier\/pollution_de_l_air?at_medium=RSS%20feed&amp;at_campaign=ynews&amp;utm_source=yahoo&amp;utm_medium=rss&amp;utm_campaign=news_feed&amp;utm_content=in_article_link\" rel=\"nofollow noopener\" target=\"_blank\" data-ylk=\"slk:pollution de l\u2019air;elm:context_link;itc:0;sec:content-canvas\" class=\"link \">pollution de l\u2019air <\/a>[\u2026] a baiss\u00e9 de 40 % \u00bb, s\u2019est f\u00e9licit\u00e9 mercredi Dan Lert, adjoint \u00e0 la maire de Paris en charge du plan climat, de l\u2019eau et de l\u2019\u00e9nergie, citant une \u00e9tude d\u2019<a href=\"https:\/\/www.airparif.fr\/?at_medium=RSS%20feed&amp;at_campaign=ynews&amp;utm_source=yahoo&amp;utm_medium=rss&amp;utm_campaign=news_feed&amp;utm_content=in_article_link\" rel=\"nofollow noopener\" target=\"_blank\" data-ylk=\"slk:AirParif;elm:context_link;itc:0;sec:content-canvas\" class=\"link \">AirParif<\/a>. En cons\u00e9quence, la qualit\u00e9 de l\u2019air dans la capitale n\u2019a franchi aucun seuil r\u00e9glementaire en 2024, a ajout\u00e9 Dan Lert.<\/p>\n<p>Un plan francilien \u00ab pas du tout \u00e0 la hauteur de l\u2019urgence sanitaire \u00bb<\/p>\n<p class=\"mb-4 text-lg md:leading-8 break-words\">La Ville de Paris a annonc\u00e9 avoir d\u00e9pos\u00e9 en juin un recours en contentieux contre le plan de protection de l\u2019atmosph\u00e8re d\u2019\u00cele-de-France 2025-2030. Ce document, \u00ab qui fixe les grandes orientations de la politique de l\u2019\u00c9tat pour am\u00e9liorer la qualit\u00e9 de l\u2019air sur notre territoire \u00bb, n\u2019est \u00ab pas du tout \u00e0 la hauteur de l\u2019urgence sanitaire \u00bb, a argument\u00e9 Dan Lert.<\/p>\n<p class=\"mb-4 text-lg md:leading-8 break-words\">\u00ab Le probl\u00e8me de ce plan, c\u2019est qu\u2019il pr\u00e9voit comme mesure phare la mise en place de la ZFE (zone \u00e0 faibles \u00e9missions, N.D.L.R.) \u00bb, dispositif qui devait restreindre la circulation des v\u00e9hicules les plus polluants mais dont la suppression a \u00e9t\u00e9 act\u00e9e en juin \u00e0 l\u2019Assembl\u00e9e nationale.<\/p>\n<p class=\"mb-4 text-lg md:leading-8 break-words\">\u00ab Ce plan est obsol\u00e8te parce que nous n\u2019atteindrons pas d\u2019autant plus les objectifs fix\u00e9s pour 2030 avec la suppression des mesures qui sont les plus importantes \u00bb, a lanc\u00e9 Dan Lert.<\/p>\n<p class=\"mb-4 text-lg md:leading-8 break-words\">Une meilleure qualit\u00e9 de l\u2019air mais des dangers(&#8230;)<\/p>\n<p class=\"mb-4 text-lg md:leading-8 break-words\"><a href=\"https:\/\/www.20minutes.fr\/societe\/4169924-20250828-paris-amelioration-precedent-qualite-air-derniere-decennie?at_medium=RSS%20feed&amp;at_campaign=ynews&amp;utm_source=yahoo&amp;utm_medium=rss&amp;utm_campaign=news_feed&amp;utm_content=read_more_link&quot;\" rel=\"nofollow noopener\" target=\"_blank\" data-ylk=\"slk:Lire la suite sur 20minutes;elm:context_link;itc:0;sec:content-canvas\" class=\"link \">Lire la suite sur 20minutes<\/a><\/p>\n<p>\u00c0 lire aussi :<br \/><a href=\"https:\/\/www.20minutes.fr\/paris\/4160744-20250627-paris-lyon-annecy-qualite-air-ameliore-reste-dela-normes-2030?at_medium=RSS%20feed&amp;at_campaign=ynews&amp;utm_source=yahoo&amp;utm_medium=rss&amp;utm_campaign=news_feed&amp;utm_content=related_content_link\" rel=\"nofollow noopener\" target=\"_blank\" data-ylk=\"slk:A Paris, Lyon ou Annecy, la qualit\u00e9 de l\u2019air s\u2019am\u00e9liore mais reste au-del\u00e0 des normes pour 2030;elm:context_link;itc:0;sec:content-canvas\" class=\"link \">A Paris, Lyon ou Annecy, la qualit\u00e9 de l\u2019air s\u2019am\u00e9liore mais reste au-del\u00e0 des normes pour 2030<\/a><br \/><a href=\"https:\/\/www.20minutes.fr\/planete\/4133650-20250115-particules-fines-ca-gratte-gorge-qualite-air-mauvaise-tres-mauvaise-moitie-france?at_medium=RSS%20feed&amp;at_campaign=ynews&amp;utm_source=yahoo&amp;utm_medium=rss&amp;utm_campaign=news_feed&amp;utm_content=related_content_link\" rel=\"nofollow noopener\" target=\"_blank\" data-ylk=\"slk:Particules fines : \u00ab \u00c7a gratte la gorge \u00bb\u2026 La qualit\u00e9 de l\u2019air mauvaise \u00e0 tr\u00e8s mauvaise sur une moiti\u00e9 de la France;elm:context_link;itc:0;sec:content-canvas\" class=\"link \">Particules fines : \u00ab \u00c7a gratte la gorge \u00bb\u2026 La qualit\u00e9 de l\u2019air mauvaise \u00e0 tr\u00e8s mauvaise sur une moiti\u00e9 de la France<\/a><\/p>\n","protected":false},"excerpt":{"rendered":"pollution de l\u2019air &#8211; La \u00ab pollution de l\u2019air [\u2026] a baiss\u00e9 de 40 % \u00bb, s\u2019est f\u00e9licit\u00e9&hellip;\n","protected":false},"author":2,"featured_media":349751,"comment_status":"","ping_status":"","sticky":false,"template":"","format":"standard","meta":{"footnotes":""},"categories":[1888],"tags":[1111,1928,11,1927,48619,1777,674,1011,27,4909,12258,12,1926,626,1925,48618,5170,2434,25],"class_list":{"0":"post-349750","1":"post","2":"type-post","3":"status-publish","4":"format-standard","5":"has-post-thumbnail","7":"category-paris","8":"tag-actu","9":"tag-actu-paris","10":"tag-actualites","11":"tag-actualites-paris","12":"tag-dan","13":"tag-eu","14":"tag-europe","15":"tag-fr","16":"tag-france","17":"tag-la-capitale","18":"tag-maire-de-paris","19":"tag-news","20":"tag-news-paris","21":"tag-paris","22":"tag-paris-news","23":"tag-plan-de-protection-de-latmosphere","24":"tag-pollution-de-lair","25":"tag-qualite-de-lair","26":"tag-republique-francaise"},"share_on_mastodon":{"url":"https:\/\/pubeurope.com\/@fr\/115105809347902323","error":""},"_links":{"self":[{"href":"https:\/\/www.europesays.com\/fr\/wp-json\/wp\/v2\/posts\/349750","targetHints":{"allow":["GET"]}}],"collection":[{"href":"https:\/\/www.europesays.com\/fr\/wp-json\/wp\/v2\/posts"}],"about":[{"href":"https:\/\/www.europesays.com\/fr\/wp-json\/wp\/v2\/types\/post"}],"author":[{"embeddable":true,"href":"https:\/\/www.europesays.com\/fr\/wp-json\/wp\/v2\/users\/2"}],"replies":[{"embeddable":true,"href":"https:\/\/www.europesays.com\/fr\/wp-json\/wp\/v2\/comments?post=349750"}],"version-history":[{"count":0,"href":"https:\/\/www.europesays.com\/fr\/wp-json\/wp\/v2\/posts\/349750\/revisions"}],"wp:featuredmedia":[{"embeddable":true,"href":"https:\/\/www.europesays.com\/fr\/wp-json\/wp\/v2\/media\/349751"}],"wp:attachment":[{"href":"https:\/\/www.europesays.com\/fr\/wp-json\/wp\/v2\/media?parent=349750"}],"wp:term":[{"taxonomy":"category","embeddable":true,"href":"https:\/\/www.europesays.com\/fr\/wp-json\/wp\/v2\/categories?post=349750"},{"taxonomy":"post_tag","embeddable":true,"href":"https:\/\/www.europesays.com\/fr\/wp-json\/wp\/v2\/tags?post=349750"}],"curies":[{"name":"wp","href":"https:\/\/api.w.org\/{rel}","templated":true}]}}