{"id":349756,"date":"2025-08-28T10:02:16","date_gmt":"2025-08-28T10:02:16","guid":{"rendered":"https:\/\/www.europesays.com\/fr\/349756\/"},"modified":"2025-08-28T10:02:16","modified_gmt":"2025-08-28T10:02:16","slug":"comment-la-russie-contraint-des-sud-africaines-a-fabriquer-des-drones-kamikazes","status":"publish","type":"post","link":"https:\/\/www.europesays.com\/fr\/349756\/","title":{"rendered":"comment la Russie contraint des sud-africaines \u00e0 fabriquer des drones kamikazes"},"content":{"rendered":"<p class=\"article-p mdl\">Kiev a une nouvelle fois \u00e9t\u00e9 frapp\u00e9e par une <strong>attaque massive <\/strong>dans la nuit du mercredi 27 au jeudi 28 ao\u00fbt. Elle a fait au moins<strong>\u00a0deux morts<\/strong>. Pour le pr\u00e9sident ukrainien Volodymyr Zelensky, ces bombardements illustrent<strong> le m\u00e9pris de la Russie <\/strong>pour tout processus de paix.\u00a0<\/p>\n<p class=\"article-p mdl\">C&rsquo;est dans ce contexte qu&rsquo;une affaire troublante secoue\u00a0<a class=\"link\" href=\"https:\/\/www.rtl.fr\/sujet\/afrique-du-sud\" target=\"_blank\" rel=\"noopener\">l&rsquo;Afrique du Sud.<\/a>\u00a0Les autorit\u00e9s de Pretoria d\u00e9noncent une<strong> campagne de communication<\/strong> orchestr\u00e9e par la Russie pour recruter des jeunes femmes. Derri\u00e8re des promesses s\u00e9duisantes de<strong> carri\u00e8re dans l&rsquo;h\u00f4tellerie<\/strong> \u00e0 l&rsquo;\u00e9tranger, elles se sont retrouv\u00e9es pi\u00e9g\u00e9es et envoy\u00e9es dans\u00a0<a class=\"link\" href=\"https:\/\/www.rtl.fr\/actu\/international\/200-canons-d-avance-rtl-a-pu-visiter-une-usine-d-armement-passee-en-mode-economie-de-guerre-7900482841\" target=\"_blank\" rel=\"noopener\">une usine d&rsquo;armement.\u00a0<\/a><\/p>\n<p class=\"article-p mdl\">Tout commence en juillet, lorsqu&rsquo;une<strong> influenceuse sud-africaine<\/strong> tr\u00e8s suivie, Siyan Boudji, qui compte plus d&rsquo;un million d&rsquo;abonn\u00e9es, promeut un programme pr\u00e9sent\u00e9 comme une <strong>opportunit\u00e9 unique. <\/strong>Le message est simple : salaire attractif, logement confortable, billets d&rsquo;avions pay\u00e9s,\u00a0<a class=\"link\" href=\"https:\/\/www.instagram.com\/rtl_france\/reel\/DG3BG2itBRa\/?api=bin68club%E3%80%9066.cyou%E3%80%91.svwe&amp;hl=zh-cn\" target=\"_blank\" rel=\"noopener\">cours de russe\u00a0<\/a>et surtout, perspective dans l&rsquo;industrie h\u00f4teli\u00e8re.\u00a0<\/p>\n<p class=\"article-p mdl\">S\u00e9duites par ces annonces, plusieurs jeunes femmes <strong>acceptent de partir.<\/strong> Cependant, une fois sur place, elles d\u00e9couvrent une r\u00e9alit\u00e9 bien diff\u00e9rente.\u00a0<\/p>\n<p>            La r\u00e9alit\u00e9 : l&rsquo;usine d&rsquo;Elabouga<\/p>\n<p class=\"article-p mdl\">Les recrues sont envoy\u00e9es \u00e0<a class=\"link\" href=\"https:\/\/fr.euronews.com\/2025\/07\/21\/visite-de-la-plus-grande-usine-de-drones-suicides-de-russie\" target=\"_blank\" rel=\"noopener\"> l&rsquo;usine d&rsquo;Elabouga\u00a0<\/a>en Russie o\u00f9 elles sont contraintes de participer \u00e0 <strong>la fabrication de drones militaires kamikazes<\/strong>. Les conditions de travail sont \u00e9prouvantes. Longues heures, r\u00e9mun\u00e9ration d\u00e9risoire, les jeunes femmes<strong> avaient l&rsquo;interdiction de se d\u00e9placer librement.<\/strong> Le contact avec leurs familles rest\u00e9es au pays \u00e9tait<strong> quasi impossible.<\/strong><\/p>\n<p class=\"article-p mdl\">\u00c0 cela s&rsquo;ajoute un danger constant : celui d&rsquo;\u00eatre la cible\u00a0<a class=\"link\" href=\"https:\/\/www.rtl.fr\/sujet\/guerre-en-ukraine\" target=\"_blank\" rel=\"noopener\">de frappes ukrainiennes\u00a0<\/a>sur ces sites strat\u00e9giques. plusieurs rescap\u00e9es, <strong>rapatri\u00e9es d&rsquo;urgence,<\/strong> ont t\u00e9moign\u00e9 de leur calvaire.\u00a0<\/p>\n<p>            Pretoria s&rsquo;alarme<\/p>\n<p class=\"article-p mdl\">Face \u00e0 ces r\u00e9v\u00e9lations, le gouvernement sud-africain a r\u00e9agi fermement. \u00ab\u00a0Le ch\u00f4mage ne doit pas servir \u00e0 exploiter la jeunesse. Notre priorit\u00e9, c&rsquo;est de<strong> prot\u00e9ger ces femmes<\/strong>\u00ab\u00a0, a d\u00e9clar\u00e9\u00a0<a class=\"link\" href=\"https:\/\/fr.wikipedia.org\/wiki\/Steve_Letsike\" target=\"_blank\" rel=\"noopener\">Steve Letsike, vice-ministre des Femmes et des Jeunes.\u00a0<\/a><\/p>\n<p class=\"article-p mdl\">Une enqu\u00eate officielle a \u00e9t\u00e9 ouverte. Le ministre des<a class=\"link\" href=\"https:\/\/www.rtl.fr\/sujet\/diplomatie\" target=\"_blank\" rel=\"noopener\"> Affaires \u00e9trang\u00e8res\u00a0<\/a>a engag\u00e9 des discussions avec <strong>Moscou <\/strong>et plusieurs organisations internationales afin de tirer cette affaire au clair.\u00a0<\/p>\n<p class=\"article-p mdl\">De son c\u00f4t\u00e9, l&rsquo;influenceuse impliqu\u00e9e<strong> a pr\u00e9sent\u00e9 ses excuses<\/strong> publiquement et a supprim\u00e9 la vid\u00e9o de son compte.\u00a0<\/p>\n<p>    La r\u00e9daction vous recommande<\/p>\n<p class=\"s-newsletter__title\">\n                L\u2019actualit\u00e9 par la r\u00e9daction de RTL dans votre bo\u00eete mail.\n            <\/p>\n<p class=\"s-newsletter__subtitle\">\n                Gr\u00e2ce \u00e0 votre compte RTL abonnez-vous \u00e0 la newsletter RTL info pour suivre toute l&rsquo;actualit\u00e9 au quotidien\n            <\/p>\n<p>\n                                    Lire la suite\n                                <\/p>\n<p>                            <script async src=\"\/\/www.instagram.com\/embed.js\"><\/script><\/p>\n","protected":false},"excerpt":{"rendered":"Kiev a une nouvelle fois \u00e9t\u00e9 frapp\u00e9e par une attaque massive dans la nuit du mercredi 27 au&hellip;\n","protected":false},"author":2,"featured_media":349757,"comment_status":"","ping_status":"","sticky":false,"template":"","format":"standard","meta":{"footnotes":""},"categories":[1591],"tags":[11,879,2024,1887,131,12,1885,1886,132],"class_list":{"0":"post-349756","1":"post","2":"type-post","3":"status-publish","4":"format-standard","5":"has-post-thumbnail","7":"category-russie","8":"tag-actualites","9":"tag-afrique","10":"tag-drones","11":"tag-federation-de-russie","12":"tag-guerre-en-ukraine","13":"tag-news","14":"tag-russia","15":"tag-russian-federation","16":"tag-russie"},"share_on_mastodon":{"url":"https:\/\/pubeurope.com\/@fr\/115105821300393089","error":""},"_links":{"self":[{"href":"https:\/\/www.europesays.com\/fr\/wp-json\/wp\/v2\/posts\/349756","targetHints":{"allow":["GET"]}}],"collection":[{"href":"https:\/\/www.europesays.com\/fr\/wp-json\/wp\/v2\/posts"}],"about":[{"href":"https:\/\/www.europesays.com\/fr\/wp-json\/wp\/v2\/types\/post"}],"author":[{"embeddable":true,"href":"https:\/\/www.europesays.com\/fr\/wp-json\/wp\/v2\/users\/2"}],"replies":[{"embeddable":true,"href":"https:\/\/www.europesays.com\/fr\/wp-json\/wp\/v2\/comments?post=349756"}],"version-history":[{"count":0,"href":"https:\/\/www.europesays.com\/fr\/wp-json\/wp\/v2\/posts\/349756\/revisions"}],"wp:featuredmedia":[{"embeddable":true,"href":"https:\/\/www.europesays.com\/fr\/wp-json\/wp\/v2\/media\/349757"}],"wp:attachment":[{"href":"https:\/\/www.europesays.com\/fr\/wp-json\/wp\/v2\/media?parent=349756"}],"wp:term":[{"taxonomy":"category","embeddable":true,"href":"https:\/\/www.europesays.com\/fr\/wp-json\/wp\/v2\/categories?post=349756"},{"taxonomy":"post_tag","embeddable":true,"href":"https:\/\/www.europesays.com\/fr\/wp-json\/wp\/v2\/tags?post=349756"}],"curies":[{"name":"wp","href":"https:\/\/api.w.org\/{rel}","templated":true}]}}