{"id":349758,"date":"2025-08-28T10:03:22","date_gmt":"2025-08-28T10:03:22","guid":{"rendered":"https:\/\/www.europesays.com\/fr\/349758\/"},"modified":"2025-08-28T10:03:22","modified_gmt":"2025-08-28T10:03:22","slug":"des-ukrainiens-de-quebec-celebrent-leur-independance-sur-fond-de-tractations-internationales","status":"publish","type":"post","link":"https:\/\/www.europesays.com\/fr\/349758\/","title":{"rendered":"Des Ukrainiens de Qu\u00e9bec c\u00e9l\u00e8brent leur ind\u00e9pendance sur fond de tractations internationales"},"content":{"rendered":"<p><strong>Des Ukrainiens de Qu\u00e9bec et des Qu\u00e9b\u00e9cois ont c\u00e9l\u00e9br\u00e9 l\u2019ind\u00e9pendance de l\u2019Ukraine dimanche alors que le premier ministre Mark Carney \u00e9tait \u00e0 Ky\u00efv pour appeler \u00e0 un cessez-le-feu.<\/strong><\/p>\n<p class=\"toreadalso-fromEMP\"><strong>\u2022 \u00c0 lire aussi: <\/strong><a href=\"https:\/\/www.tvanouvelles.ca\/2025\/08\/24\/lukraine-lance-une-serie-dattaques-contre-la-russie-le-jour-de-son-independance\" target=\"82954cfa-149b-4c9a-beaf-5aa81f36ccfc\" rel=\"nofollow noopener\"><strong>L\u2019Ukraine lance une s\u00e9rie d\u2019attaques contre la Russie le jour de son ind\u00e9pendance<\/strong><\/a><\/p>\n<p>Des dizaines de personnes \u00e9taient r\u00e9unies pr\u00e8s de la chapelle du Montmartre canadien, dans le quartier Sillery, \u00e0 Qu\u00e9bec, pour cette f\u00eate nationale ukrainienne.<\/p>\n<p>                <a class=\"fancybox\" rel=\"group nofollow noopener\" href=\"https:\/\/m1.quebecormedia.com\/emp\/emp\/d3055310-8100-11f0-b723-5b60fdb7e89e_ORIGINAL.jpg?impolicy=crop-resize&amp;x=0&amp;y=0&amp;w=1200&amp;h=812&amp;width=1400\" target=\"_blank\"><\/p>\n<p>                  <img decoding=\"async\"  src=\"https:\/\/www.europesays.com\/fr\/wp-content\/uploads\/2025\/08\/d3055310-8100-11f0-b723-5b60fdb7e89e_ORIGINAL.jpg\" class=\"story-img\" alt=\"\"\/><br \/>\n                <\/a><\/p>\n<p>                    DIDIER DEBUSSCHERE\/JOURNAL DE QUEBEC<\/p>\n<p>\u00abC\u2019est la f\u00eate la plus importante qui appuie quand m\u00eame nos valeurs et pas seulement les valeurs ukrainiennes, mais des valeurs qui, je pense, sont universelles, explique Anna Spirina, la pr\u00e9sidente de l\u2019Association ukrainienne de L\u00e9vis. \u00c7a peut toucher n\u2019importe quel peuple qui se bat pour l\u2019ind\u00e9pendance et pour la libert\u00e9.\u00bb<\/p>\n<p>                <a class=\"fancybox\" rel=\"group nofollow noopener\" href=\"https:\/\/m1.quebecormedia.com\/emp\/emp\/2424d140-811e-11f0-b723-5b60fdb7e89e_ORIGINAL.jpg?impolicy=crop-resize&amp;x=0&amp;y=0&amp;w=1200&amp;h=900&amp;width=1400\" target=\"_blank\"><\/p>\n<p>                  <img decoding=\"async\"  src=\"https:\/\/www.europesays.com\/fr\/wp-content\/uploads\/2025\/08\/2424d140-811e-11f0-b723-5b60fdb7e89e_ORIGINAL.jpg\" class=\"story-img\" alt=\"Anna Spirina est pr\u00e9sidente de l'Association ukrainienne de L\u00e9vis.\"\/><br \/>\n                <\/a><\/p>\n<p>                    Anna Spirina est pr\u00e9sidente de l&rsquo;Association ukrainienne de L\u00e9vis.<\/p>\n<p>                    Photo Jean-Philippe Guilbault<\/p>\n<p>Une messe \u00e9tait d\u2019ailleurs au programme, une occasion de \u00abprier pour que la guerre prenne fin et que l\u2019on puisse retourner ou visiter nos villes d\u2019origines\u00bb, raconte quant \u00e0 elle Alina Lyonga, originaire de Marioupol et install\u00e9e au Qu\u00e9bec depuis trois ans.<\/p>\n<p>\u00abC\u2019est notre libert\u00e9, c\u2019est notre pays et c\u2019est toujours dans notre c\u0153ur\u00bb, \u00e9num\u00e8re Mme Lyonga qui a fui son pays avec ses trois enfants lors de l\u2019intensification du conflit avec la Russie.<\/p>\n<p>                <a class=\"fancybox\" rel=\"group nofollow noopener\" href=\"https:\/\/m1.quebecormedia.com\/emp\/emp\/c7b3ae30-8100-11f0-b723-5b60fdb7e89e_ORIGINAL.jpg?impolicy=crop-resize&amp;x=0&amp;y=0&amp;w=1200&amp;h=858&amp;width=1400\" target=\"_blank\"><\/p>\n<p>                  <img decoding=\"async\"  src=\"https:\/\/www.europesays.com\/fr\/wp-content\/uploads\/2025\/08\/c7b3ae30-8100-11f0-b723-5b60fdb7e89e_ORIGINAL.jpg\" class=\"story-img\" alt=\"\"\/><br \/>\n                <\/a><\/p>\n<p>                    DIDIER DEBUSSCHERE\/JOURNAL DE QUEBEC<\/p>\n<p>  Rencontres politiques<\/p>\n<p>Ces c\u00e9l\u00e9brations \u00e0 Qu\u00e9bec s\u2019inscrivaient dans un contexte particulier cette ann\u00e9e avec <a href=\"https:\/\/www.journaldequebec.com\/2025\/08\/24\/mark-carney-en-ukraine-un-voyage-hautement-symbolique-le-jour-de-leur-fete-nationale\" target=\"_blank\" rel=\"nofollow noopener\">une visite surprise au m\u00eame moment du premier ministre canadien Mark Carney \u00e0 Ky\u00efv<\/a>.<\/p>\n<p>M. Carney y a rencontr\u00e9 les m\u00e9dias avec son homologue ukrainien Volodymyr Zelensky et a appel\u00e9 \u00e0 un cessez-le-feu imm\u00e9diat pour faciliter la n\u00e9gociation d\u2019un accord de paix.<\/p>\n<p>\u00abC\u2019est tr\u00e8s important [cette visite] et on le remercie, assure Oksana Marchyshyn, du Congr\u00e8s ukrainien du Qu\u00e9bec. Maintenant nous comprenons que vous \u00eates ensemble avec nous.\u00bb<\/p>\n<p>                <a class=\"fancybox\" rel=\"group nofollow noopener\" href=\"https:\/\/m1.quebecormedia.com\/emp\/emp\/c7407a00-8100-11f0-b723-5b60fdb7e89e_ORIGINAL.jpg?impolicy=crop-resize&amp;x=0&amp;y=0&amp;w=1200&amp;h=849&amp;width=1400\" target=\"_blank\"><\/p>\n<p>                  <img decoding=\"async\"  src=\"https:\/\/www.europesays.com\/fr\/wp-content\/uploads\/2025\/08\/c7407a00-8100-11f0-b723-5b60fdb7e89e_ORIGINAL.jpg\" class=\"story-img\" alt=\"\"\/><br \/>\n                <\/a><\/p>\n<p>                    DIDIER DEBUSSCHERE\/JOURNAL DE QUEBEC<\/p>\n<p>L\u2019actualit\u00e9 internationale a connu certains rebondissements en lien avec le conflit en Ukraine. En t\u00eate de liste, le sommet en Alaska entre le pr\u00e9sident am\u00e9ricain Donald Trump et le pr\u00e9sident russe Vladimir Poutine.<\/p>\n<p>M. Trump, qui tente de d\u00e9gager un accord de paix en Ukraine, a \u00e9galement rencontr\u00e9 une d\u00e9l\u00e9gation europ\u00e9enne \u00e0 la Maison-Blanche avec le pr\u00e9sident ukrainien.<\/p>\n<p>Rien qui ne semble rassurer la communaut\u00e9 ukrainienne au Qu\u00e9bec ou m\u00eame sur la ligne de front.<\/p>\n<p>\u00abCe qui a \u00e9t\u00e9 discut\u00e9 en Alaska et \u00e0 Washington, on verra ce que \u00e7a va donner, avance prudemment Anna Spirina. Toutes les guerres se terminent un jour. [&#8230;] Je n\u2019ai pas beaucoup espoir que \u00e7a va se terminer demain.\u00bb<\/p>\n<p>\u00abLe moral est difficile, les gens [en Ukraine] ne veulent pas de l\u2019injustice ou une paix impos\u00e9e qui les obligerait \u00e0 perdre une partie de leur territoire\u00bb, t\u00e9moigne quant \u00e0 lui Derek Blouin-Perry, <a href=\"https:\/\/www.journaldequebec.com\/2024\/05\/19\/un-quebecois-sur-la-ligne-de-front-en-ukraine-appelle-a-ne-pas-oublier-ce-conflit\" target=\"_self\" rel=\"nofollow noopener\">un Qu\u00e9b\u00e9cois qui est all\u00e9 \u00e0 cinq reprises en zone de guerre en Ukraine pour porter main forte<\/a>.<\/p>\n<p>                <a class=\"fancybox\" rel=\"group nofollow noopener\" href=\"https:\/\/m1.quebecormedia.com\/emp\/emp\/255f7420-811e-11f0-b723-5b60fdb7e89e_ORIGINAL.jpg?impolicy=crop-resize&amp;x=0&amp;y=0&amp;w=1200&amp;h=900&amp;width=1400\" target=\"_blank\"><\/p>\n<p>                  <img decoding=\"async\"  src=\"https:\/\/www.europesays.com\/fr\/wp-content\/uploads\/2025\/08\/255f7420-811e-11f0-b723-5b60fdb7e89e_ORIGINAL.jpg\" class=\"story-img\" alt=\"Le Qu\u00e9b\u00e9cois Derek Blouin-Perry est all\u00e9 \u00e0 cinq reprises sur la ligne de front en Ukraine pour pr\u00eater main-forte aux Ukrainiens.\"\/><br \/>\n                <\/a><\/p>\n<p>                    Le Qu\u00e9b\u00e9cois Derek Blouin-Perry est all\u00e9 \u00e0 cinq reprises sur la ligne de front en Ukraine pour pr\u00eater main-forte aux Ukrainiens.<\/p>\n<p>                    Photo Jean-Philippe Guilbault<\/p>\n<p>De retour au Qu\u00e9bec depuis juin, il compte d\u2019ailleurs retourner au front \u00e0 la fin du mois d\u2019octobre. Il a re\u00e7u une chaude ovation de la part d\u2019Ukrainiens lors de sa prise de parole devant la chapelle dimanche. Il a tenu \u00e0 marquer certains liens entre le Qu\u00e9bec et l\u2019Ukraine.<\/p>\n<p>\u00abLes Russes disaient aux Ukrainiens au d\u00e9but de la guerre qu\u2019ils n\u2019existaient pas, qu\u2019ils sont un peuple sans histoire, sans langue, sans culture. C\u2019\u00e9tait leur justificatif pour attaquer, rappelle M. Blouin-Perry. On se l\u2019est aussi fait dire quand m\u00eame souvent dans notre propre histoire.\u00bb<\/p>\n","protected":false},"excerpt":{"rendered":"Des Ukrainiens de Qu\u00e9bec et des Qu\u00e9b\u00e9cois ont c\u00e9l\u00e9br\u00e9 l\u2019ind\u00e9pendance de l\u2019Ukraine dimanche alors que le premier ministre&hellip;\n","protected":false},"author":2,"featured_media":349759,"comment_status":"","ping_status":"","sticky":false,"template":"","format":"standard","meta":{"footnotes":""},"categories":[1590],"tags":[11,1777,674,12,220],"class_list":{"0":"post-349758","1":"post","2":"type-post","3":"status-publish","4":"format-standard","5":"has-post-thumbnail","7":"category-ukraine","8":"tag-actualites","9":"tag-eu","10":"tag-europe","11":"tag-news","12":"tag-ukraine"},"share_on_mastodon":{"url":"https:\/\/pubeurope.com\/@fr\/115105825192533153","error":""},"_links":{"self":[{"href":"https:\/\/www.europesays.com\/fr\/wp-json\/wp\/v2\/posts\/349758","targetHints":{"allow":["GET"]}}],"collection":[{"href":"https:\/\/www.europesays.com\/fr\/wp-json\/wp\/v2\/posts"}],"about":[{"href":"https:\/\/www.europesays.com\/fr\/wp-json\/wp\/v2\/types\/post"}],"author":[{"embeddable":true,"href":"https:\/\/www.europesays.com\/fr\/wp-json\/wp\/v2\/users\/2"}],"replies":[{"embeddable":true,"href":"https:\/\/www.europesays.com\/fr\/wp-json\/wp\/v2\/comments?post=349758"}],"version-history":[{"count":0,"href":"https:\/\/www.europesays.com\/fr\/wp-json\/wp\/v2\/posts\/349758\/revisions"}],"wp:featuredmedia":[{"embeddable":true,"href":"https:\/\/www.europesays.com\/fr\/wp-json\/wp\/v2\/media\/349759"}],"wp:attachment":[{"href":"https:\/\/www.europesays.com\/fr\/wp-json\/wp\/v2\/media?parent=349758"}],"wp:term":[{"taxonomy":"category","embeddable":true,"href":"https:\/\/www.europesays.com\/fr\/wp-json\/wp\/v2\/categories?post=349758"},{"taxonomy":"post_tag","embeddable":true,"href":"https:\/\/www.europesays.com\/fr\/wp-json\/wp\/v2\/tags?post=349758"}],"curies":[{"name":"wp","href":"https:\/\/api.w.org\/{rel}","templated":true}]}}