{"id":349768,"date":"2025-08-28T10:08:24","date_gmt":"2025-08-28T10:08:24","guid":{"rendered":"https:\/\/www.europesays.com\/fr\/349768\/"},"modified":"2025-08-28T10:08:24","modified_gmt":"2025-08-28T10:08:24","slug":"lattaque-frontale-de-poutine-contre-lunion-europeenne-a-kiev","status":"publish","type":"post","link":"https:\/\/www.europesays.com\/fr\/349768\/","title":{"rendered":"L&rsquo;attaque frontale de Poutine contre l&rsquo;Union europ\u00e9enne \u00e0 Kiev"},"content":{"rendered":"<p class=\"intro\">\n\tMais qui arr\u00eatera le pr\u00e9sident russe? De nouvelle frappes ont s\u00e9rieusement endommag\u00e9 la mission europ\u00e9enne \u00e0 Kiev. L\u2019Europe \u201cne se laissera pas intimider\u201d. Quelques jours apr\u00e8s un missile sur des int\u00e9r\u00eats am\u00e9ricains, les provocations se poursuivent. Selon des experts, si on ne se dresse pas face \u00e0 lui, le pire est possible.<\/p>\n<p class=\"dropcap\">Les pourparlers de paix entam\u00e9s en Alaska et prolong\u00e9s \u00e0 la Maison Blanche <strong>semblent bien loin<\/strong>. Chaque jour qui passe, la Russie renoue avec des attaques sanglantes et massives sur l\u2019Ukraine, battant les records de drones et de missiles.<\/p>\n<p>La nuit derni\u00e8re, Kiev a, une nouvelle fois, \u00e9t\u00e9 prise pour cible.<strong> Au moins 14 personnes, dont trois enfants, ont \u00e9t\u00e9 tu\u00e9es<\/strong>, lors d\u2019une des plus importantes attaques a\u00e9riennes russes contre l\u2019Ukraine. 629 drones et missiles ont \u00e9t\u00e9 tir\u00e9s.<\/p>\n<p>La Russie <strong>\u201cchoisit de continuer de tuer plut\u00f4t que de mettre fin \u00e0 la guerre<\/strong>\u201c, d\u00e9nonce le pr\u00e9sident ukrainien, Volodymyr Zelensky. \u201cCela veut dire que la Russie n\u2019a toujours pas peur des cons\u00e9quences\u201d, a-t-il ajout\u00e9, notant que tous les ultimatums lanc\u00e9s au Kremlin pour mettre fin au conflit avaient \u00e9t\u00e9 sans effet.<\/p>\n<p>L\u2019Europe prise pour cible<\/p>\n<p>Cette fois, <strong>l\u2019Union europ\u00e9enne est clairement dans le viseur.<\/strong><\/p>\n<p><strong>Le b\u00e2timent de la mission de l\u2019Union europ\u00e9enne \u00e0 Kiev a \u00e9t\u00e9 endommag\u00e9<\/strong> par une frappe russe \u201cd\u00e9lib\u00e9r\u00e9e\u201d, a par ailleurs annonc\u00e9 le pr\u00e9sident du Conseil europ\u00e9en, Antonio Costa, promettant que l\u2019UE ne se laisserait \u201cpas intimider\u201d.<\/p>\n<p>La pr\u00e9sidente de la commission europ\u00e9enne, Ursula von der Leyen, a \u00e9galement appel\u00e9 la Russie \u00e0\u00a0\u201c<strong>cesser imm\u00e9diatement ses attaques aveugles<\/strong> contre les infrastructures civiles et participer aux n\u00e9gociations en vue d\u2019une paix juste et durable\u201d.<\/p>\n<p>Est-ce un hasard? <strong>La frappe survient au lendemain d\u2019une visite en Moldavie<\/strong>, voisine de l\u2019Ukraine, des dirigeants europ\u00e9ens Emmanuel Macron, Donald Tusk et Friedrich Merz. L\u2019occasion \u00e9tait le 34e anniversaire de l\u2019ind\u00e9pendance de cette ancienne r\u00e9publique sovi\u00e9tique.<\/p>\n<p>\u201c<strong>La porte de l\u2019Union europ\u00e9enne est ouverte<\/strong>\u201d \u00e0 la Moldavie, a soulign\u00e9 \u00e0 cette occasion le chancelier allemand Friedrich Merz.<\/p>\n<p>S\u2019exprimant dans le m\u00eame sens, le pr\u00e9sident fran\u00e7ais, Emmanuel Macron, a grinc\u00e9: \u201cLa propagande du Kremlin nous explique que les Europ\u00e9ens souhaitent prolonger la guerre et que l\u2019Union europ\u00e9enne opprime les peuples. <strong>Ce sont des mensonges. <\/strong>Contrairement \u00e0 la Russie, l\u2019Union europ\u00e9enne ne menace personne et elle respecte la souverainet\u00e9 de chacun.\u201d<\/p>\n<p>\u201cLa France condamne avec la plus grande fermet\u00e9 <strong>ces attaques insens\u00e9es<\/strong> d\u2019une grande cruaut\u00e9\u201d, a r\u00e9agit le pr\u00e9sident fran\u00e7ais apr\u00e8s les frappes de cette nuit.<\/p>\n<p>Trump tourn\u00e9 en ridicule<\/p>\n<p>Alors que Donald Trump avait donn\u00e9 quinze jours pour une avanc\u00e9e dans les pourparlers de paix et un sommet Poutine \u2013 Zelensky, <strong>le pr\u00e9sident russe ne cesse d\u2019envoyer des sigaux de d\u00e9fiance<\/strong>.<\/p>\n<p>La semaine pass\u00e9e, <strong>une entreprise am\u00e9ricaine<\/strong> avait m\u00eame \u00e9t\u00e9 prise pour cible.<\/p>\n<p>Si Donald Trump a bien affirm\u00e9 qu\u2019il avait int\u00e9r\u00eat \u00e0 \u00eatre \u201ctr\u00e8s content\u201d \u00e0 la fin de cette quinzaine, il n\u2019a esquiss\u00e9 jusqu\u2019ici <strong>aucune menace de sanction concr\u00e8te<\/strong> contre Moscou. Au contraire, tout indique que les deux chefs d\u2019Etat pointent du doigt les responsabilit\u00e9 ukrainienne et europ\u00e9enne.<\/p>\n<p>Depuis plusieurs jours, des experts mettent en garde contre <strong>le risque d\u2019une nouvelle provocation<\/strong> de Vladmimir Poutine contre l\u2019Occident. La Moldavie fait partie des pays potentiellement menac\u00e9s avec les Etats baltes. Et elle ne fait partie ni de l\u2019Otan, ni de l\u2019Union europ\u00e9enne\u2026<\/p>\n","protected":false},"excerpt":{"rendered":"Mais qui arr\u00eatera le pr\u00e9sident russe? De nouvelle frappes ont s\u00e9rieusement endommag\u00e9 la mission europ\u00e9enne \u00e0 Kiev. L\u2019Europe&hellip;\n","protected":false},"author":2,"featured_media":349769,"comment_status":"","ping_status":"","sticky":false,"template":"","format":"standard","meta":{"footnotes":""},"categories":[1586],"tags":[11,1777,674,1779,1011,27,12,25,1778,364],"class_list":{"0":"post-349768","1":"post","2":"type-post","3":"status-publish","4":"format-standard","5":"has-post-thumbnail","7":"category-europe","8":"tag-actualites","9":"tag-eu","10":"tag-europe","11":"tag-european-union","12":"tag-fr","13":"tag-france","14":"tag-news","15":"tag-republique-francaise","16":"tag-ue","17":"tag-union-europeenne"},"share_on_mastodon":{"url":"https:\/\/pubeurope.com\/@fr\/115105844633882343","error":""},"_links":{"self":[{"href":"https:\/\/www.europesays.com\/fr\/wp-json\/wp\/v2\/posts\/349768","targetHints":{"allow":["GET"]}}],"collection":[{"href":"https:\/\/www.europesays.com\/fr\/wp-json\/wp\/v2\/posts"}],"about":[{"href":"https:\/\/www.europesays.com\/fr\/wp-json\/wp\/v2\/types\/post"}],"author":[{"embeddable":true,"href":"https:\/\/www.europesays.com\/fr\/wp-json\/wp\/v2\/users\/2"}],"replies":[{"embeddable":true,"href":"https:\/\/www.europesays.com\/fr\/wp-json\/wp\/v2\/comments?post=349768"}],"version-history":[{"count":0,"href":"https:\/\/www.europesays.com\/fr\/wp-json\/wp\/v2\/posts\/349768\/revisions"}],"wp:featuredmedia":[{"embeddable":true,"href":"https:\/\/www.europesays.com\/fr\/wp-json\/wp\/v2\/media\/349769"}],"wp:attachment":[{"href":"https:\/\/www.europesays.com\/fr\/wp-json\/wp\/v2\/media?parent=349768"}],"wp:term":[{"taxonomy":"category","embeddable":true,"href":"https:\/\/www.europesays.com\/fr\/wp-json\/wp\/v2\/categories?post=349768"},{"taxonomy":"post_tag","embeddable":true,"href":"https:\/\/www.europesays.com\/fr\/wp-json\/wp\/v2\/tags?post=349768"}],"curies":[{"name":"wp","href":"https:\/\/api.w.org\/{rel}","templated":true}]}}