{"id":349775,"date":"2025-08-28T10:12:14","date_gmt":"2025-08-28T10:12:14","guid":{"rendered":"https:\/\/www.europesays.com\/fr\/349775\/"},"modified":"2025-08-28T10:12:14","modified_gmt":"2025-08-28T10:12:14","slug":"grand-prix-jeunes-majeur-devian-kardasik-et-amiel-titres","status":"publish","type":"post","link":"https:\/\/www.europesays.com\/fr\/349775\/","title":{"rendered":"Grand Prix Jeunes Majeur d&rsquo;\u00c9vian\u00a0: Kardasik et Amiel titr\u00e9s"},"content":{"rendered":"<p>L&rsquo;<strong>Evian Resort Golf Club <\/strong>accueillait, comme chaque ann\u00e9e \u00e0 la fin de l&rsquo;\u00e9t\u00e9, son <strong>Grand Prix Jeunes Majeur U14<\/strong>, mardi et mercredi. Une \u00e9tape que n&rsquo;ont pas manqu\u00e9e <strong>Jurilayci Kardasik <\/strong>et <strong>Rafael Amiel<\/strong>, qui y ont remport\u00e9 les deux m\u00e9dailles d&rsquo;or en individuel.<\/p>\n<p>La joueuse du Golf Club de Toulouse a sign\u00e9 des cartes de 71 et 74 (par 71), pour s&rsquo;imposer \u00e0 +3, un coup devant <strong>Ludivine Passe <\/strong>(Saint-Nom-la-Bret\u00e8che). La troisi\u00e8me place est revenue, \u00e0 +10, \u00e0 <strong>Victoire Bizet <\/strong>(Golf Club de Lyon).<\/p>\n<p>Chez les Gar\u00e7ons \u00e9galement, la lutte a \u00e9t\u00e9 serr\u00e9e jusqu&rsquo;au bout, mais <strong>Rafael Amiel <\/strong>(RCF La Boulie), \u00e0 -1 total, est parvenu \u00e0 s&rsquo;imposer, avec des cartes de 70 et 71. Un coup l&rsquo;a s\u00e9par\u00e9 de son dauphin <strong>Jayson Piermont <\/strong>(Esery), tandis que le d\u00e9partage \u00e0 +4 a fait les affaires de <strong>Zack Ribeiro <\/strong>(Golf de Paris) pour la troisi\u00e8me place.\u00a0<\/p>\n<p>Enfin, dans la comp\u00e9tition par \u00e9quipes, le <strong>Troph\u00e9e des ligues <\/strong>est revenu \u00e0 l&rsquo;\u00e9quipe 2 de Paris \u00cele-de-France, constitu\u00e9e de <strong>Ludivine Passe<\/strong>, <strong>Zack Ribeiro <\/strong>et <strong>Tom Pillard <\/strong>(RCF La Boulie).<\/p>\n","protected":false},"excerpt":{"rendered":"L&rsquo;Evian Resort Golf Club accueillait, comme chaque ann\u00e9e \u00e0 la fin de l&rsquo;\u00e9t\u00e9, son Grand Prix Jeunes Majeur&hellip;\n","protected":false},"author":2,"featured_media":349776,"comment_status":"","ping_status":"","sticky":false,"template":"","format":"standard","meta":{"footnotes":""},"categories":[1418],"tags":[1011,27,1472,60],"class_list":{"0":"post-349775","1":"post","2":"type-post","3":"status-publish","4":"format-standard","5":"has-post-thumbnail","7":"category-golf","8":"tag-fr","9":"tag-france","10":"tag-golf","11":"tag-sports"},"share_on_mastodon":{"url":"https:\/\/pubeurope.com\/@fr\/115105860367343967","error":""},"_links":{"self":[{"href":"https:\/\/www.europesays.com\/fr\/wp-json\/wp\/v2\/posts\/349775","targetHints":{"allow":["GET"]}}],"collection":[{"href":"https:\/\/www.europesays.com\/fr\/wp-json\/wp\/v2\/posts"}],"about":[{"href":"https:\/\/www.europesays.com\/fr\/wp-json\/wp\/v2\/types\/post"}],"author":[{"embeddable":true,"href":"https:\/\/www.europesays.com\/fr\/wp-json\/wp\/v2\/users\/2"}],"replies":[{"embeddable":true,"href":"https:\/\/www.europesays.com\/fr\/wp-json\/wp\/v2\/comments?post=349775"}],"version-history":[{"count":0,"href":"https:\/\/www.europesays.com\/fr\/wp-json\/wp\/v2\/posts\/349775\/revisions"}],"wp:featuredmedia":[{"embeddable":true,"href":"https:\/\/www.europesays.com\/fr\/wp-json\/wp\/v2\/media\/349776"}],"wp:attachment":[{"href":"https:\/\/www.europesays.com\/fr\/wp-json\/wp\/v2\/media?parent=349775"}],"wp:term":[{"taxonomy":"category","embeddable":true,"href":"https:\/\/www.europesays.com\/fr\/wp-json\/wp\/v2\/categories?post=349775"},{"taxonomy":"post_tag","embeddable":true,"href":"https:\/\/www.europesays.com\/fr\/wp-json\/wp\/v2\/tags?post=349775"}],"curies":[{"name":"wp","href":"https:\/\/api.w.org\/{rel}","templated":true}]}}