{"id":349777,"date":"2025-08-28T10:13:10","date_gmt":"2025-08-28T10:13:10","guid":{"rendered":"https:\/\/www.europesays.com\/fr\/349777\/"},"modified":"2025-08-28T10:13:10","modified_gmt":"2025-08-28T10:13:10","slug":"la-france-affrontera-la-chine-en-8es-tombeuse-des-dominicaines","status":"publish","type":"post","link":"https:\/\/www.europesays.com\/fr\/349777\/","title":{"rendered":"la France affrontera la Chine en 8es, tombeuse des Dominicaines"},"content":{"rendered":"<p>Les Chinoises ont \u00e9cras\u00e9 la R\u00e9publique dominicaine en trois sets et joueront face \u00e0 l\u2019\u00e9quipe de France pour une place en quarts de finale du Mondial de volley.<\/p>\n<p class=\"fig-paragraph\">L&rsquo;\u00e9quipe chinoise f\u00e9minine de\u00a0<a href=\"http:\/\/www.lefigaro.fr\/sports\/autres-sports\/mondial-de-volley-les-bleues-si-proches-d-un-formidable-exploit-face-au-bresil-20250824\" data-fig-type=\"NewsFlash\" data-gtm-custom-categorie=\"navigation\" data-gtm-custom-action=\"crossclick\" data-gtm-custom-label=\"Contextuel\" data-gtm-event=\"customEventSPE\" data-fig-domain=\"LEFIGARO\" target=\"_blank\" rel=\"noopener\">volley-ball<\/a>\u00a0a battu la R\u00e9publique dominicaine 3 sets \u00e0 0 (25-15, 25-21, 25-17), mercredi \u00e0 Chiang Mai, en Tha\u00eflande, et affrontera\u00a0<a href=\"http:\/\/www.lefigaro.fr\/sports\/autres-sports\/mondial-de-volley-grande-premiere-pour-les-bleues-qualifiees-pour-les-8es-de-finale-20250826\" data-fig-type=\"NewsFlash\" data-gtm-custom-categorie=\"navigation\" data-gtm-custom-action=\"crossclick\" data-gtm-custom-label=\"Contextuel\" data-gtm-event=\"customEventSPE\" data-fig-domain=\"LEFIGARO\" target=\"_blank\" rel=\"noopener\">l&rsquo;\u00e9quipe de France<\/a>\u00a0pour une place en quarts de finale du Mondial dimanche \u00e0 Bangkok.<\/p>\n<p class=\"fig-paragraph\">Cette victoire permet \u00e0 la Chine, 5e nation mondiale et qui compte parmi les favoris de ces championnats du monde, de finir premi\u00e8re du groupe F, ce qui la destine \u00e0 affronter les Bleues, qualifi\u00e9es pour la premi\u00e8re fois de leur histoire pour des huiti\u00e8mes d&rsquo;un Mondial apr\u00e8s leur victoire contre la Gr\u00e8ce 3-1 mardi.<\/p>\n<p>                                    <a class=\"fig-a11y-skip a11y-hidden\" href=\"#fig-a11y-skip-main-inarticle\"><br \/>\n        Passer la publicit\u00e9<br \/>\n    <\/a><\/p>\n<p>La Chine, un mauvais souvenir pour les Bleues<\/p>\n<p class=\"fig-paragraph\">Les deux formations se sont d\u00e9j\u00e0 rencontr\u00e9es en Ligue des nations d\u00e9but juin 2025, et les Chinoises avaient alors balay\u00e9 les Fran\u00e7aises en 3 sets secs\u00a0: 25-17, 25-18, 25-11.<\/p>\n<p class=\"fig-paragraph\">La R\u00e9publique dominicaine termine deuxi\u00e8me de son groupe \u00e0 l&rsquo;issue de cette rencontre accroch\u00e9e et tr\u00e8s spectaculaire, riche en rallyes dans tous les sets, et sera oppos\u00e9e au Br\u00e9sil au prochain tour.<\/p>\n","protected":false},"excerpt":{"rendered":"Les Chinoises ont \u00e9cras\u00e9 la R\u00e9publique dominicaine en trois sets et joueront face \u00e0 l\u2019\u00e9quipe de France pour&hellip;\n","protected":false},"author":2,"featured_media":349778,"comment_status":"","ping_status":"","sticky":false,"template":"","format":"standard","meta":{"footnotes":""},"categories":[1417],"tags":[64,1011,27,60,1684,1470,1469],"class_list":{"0":"post-349777","1":"post","2":"type-post","3":"status-publish","4":"format-standard","5":"has-post-thumbnail","7":"category-volley","8":"tag-equipe-de-france","9":"tag-fr","10":"tag-france","11":"tag-sports","12":"tag-thailande","13":"tag-volley","14":"tag-volleyball"},"share_on_mastodon":{"url":"https:\/\/pubeurope.com\/@fr\/115105864354395614","error":""},"_links":{"self":[{"href":"https:\/\/www.europesays.com\/fr\/wp-json\/wp\/v2\/posts\/349777","targetHints":{"allow":["GET"]}}],"collection":[{"href":"https:\/\/www.europesays.com\/fr\/wp-json\/wp\/v2\/posts"}],"about":[{"href":"https:\/\/www.europesays.com\/fr\/wp-json\/wp\/v2\/types\/post"}],"author":[{"embeddable":true,"href":"https:\/\/www.europesays.com\/fr\/wp-json\/wp\/v2\/users\/2"}],"replies":[{"embeddable":true,"href":"https:\/\/www.europesays.com\/fr\/wp-json\/wp\/v2\/comments?post=349777"}],"version-history":[{"count":0,"href":"https:\/\/www.europesays.com\/fr\/wp-json\/wp\/v2\/posts\/349777\/revisions"}],"wp:featuredmedia":[{"embeddable":true,"href":"https:\/\/www.europesays.com\/fr\/wp-json\/wp\/v2\/media\/349778"}],"wp:attachment":[{"href":"https:\/\/www.europesays.com\/fr\/wp-json\/wp\/v2\/media?parent=349777"}],"wp:term":[{"taxonomy":"category","embeddable":true,"href":"https:\/\/www.europesays.com\/fr\/wp-json\/wp\/v2\/categories?post=349777"},{"taxonomy":"post_tag","embeddable":true,"href":"https:\/\/www.europesays.com\/fr\/wp-json\/wp\/v2\/tags?post=349777"}],"curies":[{"name":"wp","href":"https:\/\/api.w.org\/{rel}","templated":true}]}}